{"id":311179,"date":"2025-08-11T08:36:11","date_gmt":"2025-08-11T08:36:11","guid":{"rendered":"https:\/\/www.europesays.com\/fr\/311179\/"},"modified":"2025-08-11T08:36:11","modified_gmt":"2025-08-11T08:36:11","slug":"des-eleves-de-primaire-incites-a-ecrire-des-cartes-de-saint-valentin-pour-des-demandeurs-dasile","status":"publish","type":"post","link":"https:\/\/www.europesays.com\/fr\/311179\/","title":{"rendered":"des \u00e9l\u00e8ves de primaire incit\u00e9s \u00e0 \u00e9crire des cartes de Saint-Valentin pour des demandeurs d\u2019asile"},"content":{"rendered":"<p>            <img decoding=\"async\" alt=\"Image d'illustration.\" src=\"https:\/\/www.europesays.com\/fr\/wp-content\/uploads\/2025\/08\/sipa_shutterstock41300874_000001.jpg\" width=\"375\" height=\"250\" loading=\"lazy\"\/><\/p>\n<p>\n    Image d&rsquo;illustration.<\/p>\n<p>                SIPA<br \/>\n                                        \/<br \/>\n                                                    \u00a9 News Agency Germany<\/p>\n<p>Plusieurs dizaines d&rsquo;\u00e9coliers anglais, certains \u00e2g\u00e9s d\u2019\u00e0 peine cinq ans, ont d\u00fb \u00e9crire des lettres destin\u00e9es \u00e0 des migrants, \u00e0 l\u2019occasion de la Saint-Valentin, rapporte le\u00a0<a href=\"https:\/\/www.dailymail.co.uk\/news\/article-14984735\/Schoolchildren-young-five-asked-write-Valentines-Day-cards-asylum-seekers.html\" target=\"_blank\" rel=\"nofollow noopener\">Daily Mail<\/a>. Les \u00e9l\u00e8ves d&rsquo;\u00e9coles de la ville de Birmingham<strong>\u00a0<\/strong>ont ainsi \u00e9t\u00e9 invit\u00e9s \u00e0 cr\u00e9er des cartes faites \u00e0 la main, qui ont ensuite \u00e9t\u00e9 envoy\u00e9es \u00e0 un groupe local soutenant les demandeurs d\u2019asile. C\u2019est le r\u00e9seau d\u2019\u00e9tablissements scolaires Schools of Sanctuary, comptant plus de 1 200 \u00e9tablissements au Royaume-Uni, qui est \u00e0 l\u2019origine de cette initiative. Pour cela, il s\u2019est associ\u00e9 avec la mairie progressiste de Birmingham. Les \u00e9coles de <a href=\"https:\/\/schools.cityofsanctuary.org\/\" target=\"_blank\" rel=\"nofollow noopener\">ce r\u00e9seau<\/a> ont pour ambition affich\u00e9e de\u00a0\u00ab\u00a0jouer un r\u00f4le central dans la construction d\u2019une soci\u00e9t\u00e9 meilleure, plus juste et plus aimable \u2013 pour tous\u00a0\u00bb. <\/p>\n<blockquote class=\"exergue\">\n<p>\u00ab\u00a0Les salles de classe devraient \u00eatre consacr\u00e9es \u00e0 l\u2019enseignement des math\u00e9matiques, et non \u00e0 l\u2019immigration \u00bb<\/p>\n<\/blockquote>\n<p>Sur des photographies partag\u00e9es sur les r\u00e9seaux sociaux, on peut voir un groupe d\u2019\u00e9l\u00e8ves tenant une grande carte destin\u00e9e aux migrants, dans le cadre d&rsquo;une\u00a0\u00ab\u00a0Journ\u00e9e sp\u00e9ciale pour les r\u00e9fugi\u00e9s\u00a0\u00bb organis\u00e9e avec leur ma\u00eetresse.<\/p>\n<p>    La suite apr\u00e8s cette publicit\u00e9<\/p>\n<p>Cette initiative a fait pol\u00e9mique au Royaume-Uni. La d\u00e9put\u00e9e du parti conservateur Laura Trott a par exemple fait valoir que\u00a0\u00ab les enfants de cinq ans ne devraient pas \u00eatre utilis\u00e9s pour promouvoir des programmes politiques\u00a0\u00bb. Son coll\u00e8gue Chris Philip a accus\u00e9 le Parti travailliste de transformer les salles de classe en \u00ab\u00a0centres de propagande\u00a0\u00bb et d\u2019utiliser les \u00e9l\u00e8ves comme des armes\u00a0: \u00ab\u00a0Les salles de classe devraient \u00eatre consacr\u00e9es \u00e0 l\u2019enseignement des math\u00e9matiques, et non \u00e0 l\u2019immigration. Le conseil municipal de Birmingham, dirig\u00e9 par les travaillistes, laisse les campagnes politiques s\u2019immiscer dans nos \u00e9coles.\u00a0\u00bb<\/p>\n","protected":false},"excerpt":{"rendered":"Image d&rsquo;illustration. SIPA \/ \u00a9 News Agency Germany Plusieurs dizaines d&rsquo;\u00e9coliers anglais, certains \u00e2g\u00e9s d\u2019\u00e0 peine cinq ans,&hellip;\n","protected":false},"author":2,"featured_media":311180,"comment_status":"","ping_status":"","sticky":false,"template":"","format":"standard","meta":{"footnotes":""},"categories":[1588],"tags":[11,1777,674,12,473,1853,1851,1850,1852],"class_list":{"0":"post-311179","1":"post","2":"type-post","3":"status-publish","4":"format-standard","5":"has-post-thumbnail","7":"category-royaume-uni","8":"tag-actualites","9":"tag-eu","10":"tag-europe","11":"tag-news","12":"tag-royaume-uni","13":"tag-royaume-uni-de-grande-bretagne-et-dirlande-du-nord","14":"tag-uk","15":"tag-united-kingdom","16":"tag-united-kingdom-of-great-britain-and-northern-ireland"},"share_on_mastodon":{"url":"https:\/\/pubeurope.com\/@fr\/115009224179924043","error":""},"_links":{"self":[{"href":"https:\/\/www.europesays.com\/fr\/wp-json\/wp\/v2\/posts\/311179","targetHints":{"allow":["GET"]}}],"collection":[{"href":"https:\/\/www.europesays.com\/fr\/wp-json\/wp\/v2\/posts"}],"about":[{"href":"https:\/\/www.europesays.com\/fr\/wp-json\/wp\/v2\/types\/post"}],"author":[{"embeddable":true,"href":"https:\/\/www.europesays.com\/fr\/wp-json\/wp\/v2\/users\/2"}],"replies":[{"embeddable":true,"href":"https:\/\/www.europesays.com\/fr\/wp-json\/wp\/v2\/comments?post=311179"}],"version-history":[{"count":0,"href":"https:\/\/www.europesays.com\/fr\/wp-json\/wp\/v2\/posts\/311179\/revisions"}],"wp:featuredmedia":[{"embeddable":true,"href":"https:\/\/www.europesays.com\/fr\/wp-json\/wp\/v2\/media\/311180"}],"wp:attachment":[{"href":"https:\/\/www.europesays.com\/fr\/wp-json\/wp\/v2\/media?parent=311179"}],"wp:term":[{"taxonomy":"category","embeddable":true,"href":"https:\/\/www.europesays.com\/fr\/wp-json\/wp\/v2\/categories?post=311179"},{"taxonomy":"post_tag","embeddable":true,"href":"https:\/\/www.europesays.com\/fr\/wp-json\/wp\/v2\/tags?post=311179"}],"curies":[{"name":"wp","href":"https:\/\/api.w.org\/{rel}","templated":true}]}}