{"id":311185,"date":"2025-08-11T08:39:28","date_gmt":"2025-08-11T08:39:28","guid":{"rendered":"https:\/\/www.europesays.com\/fr\/311185\/"},"modified":"2025-08-11T08:39:28","modified_gmt":"2025-08-11T08:39:28","slug":"lue-renonce-pour-linstant-a-sanctionner-israel","status":"publish","type":"post","link":"https:\/\/www.europesays.com\/fr\/311185\/","title":{"rendered":"l\u2019UE renonce pour l\u2019instant \u00e0 sanctionner Isra\u00ebl"},"content":{"rendered":"<p>                         <img loading=\"lazy\" decoding=\"async\" src=\"https:\/\/www.europesays.com\/fr\/wp-content\/uploads\/2025\/08\/a0bd271_ftp-import-images-1-lt9meqbpkk6o-2025-07-15t081638z-851766721-rc2vmfabqluq-rtrmadp-3-ukraine.jpeg\" alt=\"La cheffe de la diplomatie europ\u00e9enne, Kaja Kallas, entour\u00e9e de ministres des affaires \u00e9trang\u00e8res europ\u00e9ens, lors d\u2019une r\u00e9union des Vingt-Sept, \u00e0\u00a0Bruxelles, le 15\u00a0juillet 2025.\"   width=\"664\" height=\"443\"\/>    La cheffe de la diplomatie europ\u00e9enne, Kaja Kallas, entour\u00e9e de ministres des affaires \u00e9trang\u00e8res europ\u00e9ens, lors d\u2019une r\u00e9union des Vingt-Sept, \u00e0\u00a0Bruxelles, le 15\u00a0juillet 2025.  YVES HERMAN\/REUTERS                 <\/p>\n<p class=\"article__paragraph  \">Les pays membres de l\u2019Union europ\u00e9enne (UE) ont estim\u00e9 pr\u00e9f\u00e9rable, pour l\u2019instant, de ne pas sanctionner Isra\u00ebl, lors d\u2019une r\u00e9union des ministres des affaires \u00e9trang\u00e8res des Vingt-Sept, mardi 15\u00a0juillet, alors que les massacres de civils se poursuivent \u00e0 Gaza de mani\u00e8re quasi ininterrompue depuis plus de vingt et un mois.<\/p>\n<p class=\"article__paragraph  \">R\u00e9unis une derni\u00e8re fois avant les vacances d\u2019\u00e9t\u00e9 \u00e0 Bruxelles, les 27\u00a0ministres devaient se\u00a0positionner sur les suites \u00e0 donner au rapport pr\u00e9par\u00e9 par la cheffe de la diplomatie europ\u00e9enne, Kaja Kallas, sur <a href=\"https:\/\/www.lemonde.fr\/international\/article\/2025\/06\/22\/l-accord-d-association-ue-israel-mis-a-mal-par-le-non-respect-des-droits-de-l-homme-de-l-etat-hebreu-a-gaza-et-en-cisjordanie_6615293_3210.html\" rel=\"nofollow noopener\" target=\"_blank\">le non-respect par l\u2019Etat h\u00e9breu de l\u2019accord d\u2019association avec l\u2019UE\u00a0; il avait \u00e9t\u00e9 d\u00e9voil\u00e9 \u00e0 la mi-juin<\/a>. Selon ce document, \u00ab\u00a0il existe des indications selon lesquelles Isra\u00ebl n\u2019aurait pas respect\u00e9 ses obligations en mati\u00e8re de droits de l\u2019homme\u00a0\u00bb, principe mentionn\u00e9 dans l\u2019article\u00a02\u00a0de l\u2019accord.<\/p>\n<p class=\"article__paragraph  \">N\u00e9anmoins, les Etats de l\u2019UE ont refus\u00e9, pour l\u2019instant, d\u2019endosser une ou plusieurs des 10\u00a0mesures de r\u00e9torsion pr\u00e9sent\u00e9es pendant la r\u00e9union de mardi par la haute repr\u00e9sentante. Ces sanctions vont d\u2019une suspension de l\u2019accord d\u2019association \u00e0 des mesures plus cibl\u00e9es, comme un embargo contre les produits issus des colonies juives de Cisjordanie ou la suspension de la participation d\u2019Isra\u00ebl \u00e0 certains programmes europ\u00e9ens, comme Erasmus pour les \u00e9tudiants et Horizon pour les chercheurs.<\/p>\n<p class=\"reading-mode-only \"><strong>Il vous reste 80.04% de cet article \u00e0 lire. La suite est r\u00e9serv\u00e9e aux abonn\u00e9s.<\/strong><\/p>\n","protected":false},"excerpt":{"rendered":"La cheffe de la diplomatie europ\u00e9enne, Kaja Kallas, entour\u00e9e de ministres des affaires \u00e9trang\u00e8res europ\u00e9ens, lors d\u2019une r\u00e9union&hellip;\n","protected":false},"author":2,"featured_media":311186,"comment_status":"","ping_status":"","sticky":false,"template":"","format":"standard","meta":{"footnotes":""},"categories":[1586],"tags":[11,1777,674,1779,1011,27,12,25,1778,364],"class_list":{"0":"post-311185","1":"post","2":"type-post","3":"status-publish","4":"format-standard","5":"has-post-thumbnail","7":"category-europe","8":"tag-actualites","9":"tag-eu","10":"tag-europe","11":"tag-european-union","12":"tag-fr","13":"tag-france","14":"tag-news","15":"tag-republique-francaise","16":"tag-ue","17":"tag-union-europeenne"},"share_on_mastodon":{"url":"https:\/\/pubeurope.com\/@fr\/115009235482912898","error":""},"_links":{"self":[{"href":"https:\/\/www.europesays.com\/fr\/wp-json\/wp\/v2\/posts\/311185","targetHints":{"allow":["GET"]}}],"collection":[{"href":"https:\/\/www.europesays.com\/fr\/wp-json\/wp\/v2\/posts"}],"about":[{"href":"https:\/\/www.europesays.com\/fr\/wp-json\/wp\/v2\/types\/post"}],"author":[{"embeddable":true,"href":"https:\/\/www.europesays.com\/fr\/wp-json\/wp\/v2\/users\/2"}],"replies":[{"embeddable":true,"href":"https:\/\/www.europesays.com\/fr\/wp-json\/wp\/v2\/comments?post=311185"}],"version-history":[{"count":0,"href":"https:\/\/www.europesays.com\/fr\/wp-json\/wp\/v2\/posts\/311185\/revisions"}],"wp:featuredmedia":[{"embeddable":true,"href":"https:\/\/www.europesays.com\/fr\/wp-json\/wp\/v2\/media\/311186"}],"wp:attachment":[{"href":"https:\/\/www.europesays.com\/fr\/wp-json\/wp\/v2\/media?parent=311185"}],"wp:term":[{"taxonomy":"category","embeddable":true,"href":"https:\/\/www.europesays.com\/fr\/wp-json\/wp\/v2\/categories?post=311185"},{"taxonomy":"post_tag","embeddable":true,"href":"https:\/\/www.europesays.com\/fr\/wp-json\/wp\/v2\/tags?post=311185"}],"curies":[{"name":"wp","href":"https:\/\/api.w.org\/{rel}","templated":true}]}}