{"id":311188,"date":"2025-08-11T08:41:12","date_gmt":"2025-08-11T08:41:12","guid":{"rendered":"https:\/\/www.europesays.com\/fr\/311188\/"},"modified":"2025-08-11T08:41:12","modified_gmt":"2025-08-11T08:41:12","slug":"tout-ce-quimplique-ce-niveau-dalerte-maximale-declenche-dans-12-departements-ce-lundi","status":"publish","type":"post","link":"https:\/\/www.europesays.com\/fr\/311188\/","title":{"rendered":"tout ce qu\u2019implique ce niveau d\u2019alerte maximale d\u00e9clench\u00e9 dans 12\u00a0d\u00e9partements ce lundi"},"content":{"rendered":"<p>        <img decoding=\"async\" loading=\"lazy\" src=\"https:\/\/www.europesays.com\/fr\/wp-content\/uploads\/2025\/08\/700bb70_upload-1-nhoikfvnjkw6-000-64en49e.jpg\"  width=\"728\" height=\"409\" alt=\"Les temp\u00e9ratures sont attendues jusqu\u2019\u00e0 41\u00a0\u00b0C ce lundi 11\u00a0ao\u00fbt \u00e0 Toulouse ou Mont\u00e9limar.\"\/>  <\/p>\n<p>SEBASTIEN DUPUY \/ AFP<\/p>\n<p>Les temp\u00e9ratures sont attendues jusqu\u2019\u00e0 41\u00a0\u00b0C ce lundi 11\u00a0ao\u00fbt \u00e0 Toulouse ou Mont\u00e9limar.<\/p>\n<p class=\"asset asset-text\">M\u00c9T\u00c9O &#8211; Une <a href=\"https:\/\/www.huffingtonpost.fr\/france\/article\/vigilance-rouge-canicule-plus-que-4-departements-concernes-ce-mercredi-l-episode-de-forte-chaleur-se-poursuit-clx1_252071.html\" target=\"_blank\" rel=\"noopener\">deuxi\u00e8me alerte maximal<\/a>e en un peu plus d\u2019un mois. M\u00e9t\u00e9o-France a class\u00e9 12\u00a0d\u00e9partements en <a href=\"https:\/\/www.huffingtonpost.fr\/france\/article\/canicule-12-departements-du-sud-ouest-places-en-vigilance-rouge-ce-lundi_253442.html\" target=\"_blank\" rel=\"noopener\">vigilance rouge canicule<\/a> (la Charente-Maritime, la Charente, la Gironde, la Dordogne, les Landes, le Lot-et-Garonne, le Lot, le Tarn-et-Garonne, le Gers, la Haute-Garonne, le Tarn et l\u2019Aude) pour ce lundi 11\u00a0ao\u00fbt \u00e0 partir de midi et pour l\u2019ensemble la journ\u00e9e de mardi 12\u00a0ao\u00fbt, mettant en garde contre des temp\u00e9ratures \u00ab\u00a0d\u2019un niveau exceptionnel\u00a0\u00bb dans le Sud-Ouest.<\/p>\n<p class=\"asset asset-text\">Ce stade d\u2019alerte est le niveau le plus \u00e9lev\u00e9 du \u00ab\u00a0plan national canicule\u00a0\u00bb (apr\u00e8s jaune et orange), et correspond \u00e0 une alerte sanitaire permettant aux autorit\u00e9s d\u2019agir et de restreindre certaines activit\u00e9s. Le thermom\u00e8tre devrait grimper jusqu\u2019\u00e0 41\u00a0\u00b0C \u00e0 Toulouse et 40\u00a0\u00b0C \u00e0 Bordeaux.<\/p>\n<p class=\"asset asset-text\">\u00ab\u00a0Le niveau de vigilance rouge correspond \u00e0 une canicule extr\u00eame, exceptionnelle par sa dur\u00e9e, son intensit\u00e9, son extension g\u00e9ographique, et pr\u00e9sente un fort impact sanitaire pour l\u2019ensemble de la population et des impacts soci\u00e9taux (s\u00e9cheresse, approvisionnement en eau potable, am\u00e9nagement ou arr\u00eat de certaines activit\u00e9s, etc.)\u00a0\u00bb, pr\u00e9cise M\u00e9t\u00e9o-France.<\/p>\n<p>    Huiti\u00e8me d\u00e9clenchement en France    <\/p>\n<p class=\"asset asset-text\">Ce dispositif de vigilance canicule a \u00e9t\u00e9 cr\u00e9\u00e9 en 2004, apr\u00e8s la canicule de 2003. Il comprend quatre niveaux (vert, jaune, orange et rouge). Le niveau de vigilance rouge est d\u00e9clench\u00e9 par M\u00e9t\u00e9o-France en concertation avec les autorit\u00e9s sanitaires, et ce au niveau de chaque d\u00e9partement. \u00ab\u00a0Un syst\u00e8me de crit\u00e8res a \u00e9t\u00e9 d\u00e9fini pour chaque d\u00e9partement avec les acteurs de la sant\u00e9 (Sant\u00e9 publique France notamment) en s\u2019appuyant sur les impacts sanitaires constat\u00e9s des fortes temp\u00e9ratures (maximales et minimales)\u00a0\u00bb, d\u00e9taille M\u00e9t\u00e9o-France.<\/p>\n<p class=\"asset asset-text\">C\u2019est la huiti\u00e8me fois depuis la cr\u00e9ation de ce syst\u00e8me d\u2019alerte que la vigilance rouge est d\u00e9clench\u00e9e en France. Jamais activ\u00e9e entre 2004 et 2019, elle intervient pour la premi\u00e8re fois entre le 27\u00a0juin\u00a0et le 29\u00a0juin\u00a02019, avec 4\u00a0d\u00e9partements du sud concern\u00e9s, le Gard, l\u2019H\u00e9rault, le Vaucluse et les Bouches-du-Rh\u00f4ne, o\u00f9 les temp\u00e9ratures avaient atteint jusqu\u2019\u00e0&#8230; 45,9\u00a0\u00b0C.<\/p>\n<p class=\"asset asset-text\">Depuis, cette vigilance rouge canicule a \u00e9t\u00e9 d\u00e9clench\u00e9e \u00e0 six autres reprises\u00a0: en juillet\u00a02019\u00a0avec 20\u00a0d\u00e9partements dans le nord du pays et l\u2019\u00cele-de-France\u00a0; en ao\u00fbt\u00a02020\u00a0avec jusqu\u2019\u00e0 5\u00a0jours d\u2019alerte dans certains d\u00e9partements du nord-est du pays\u00a0; \u00e0 la mi-juin\u00a02022\u00a0avec 12\u00a0puis 14\u00a0d\u00e9partements du sud-ouest concern\u00e9s, la canicule la plus pr\u00e9coce jusqu\u2019ici\u00a0; en juillet\u00a02022\u00a0avec 15\u00a0d\u00e9partements de la fa\u00e7ade atlantique concern\u00e9s, avec plus de 39\u00a0degr\u00e9s notamment relev\u00e9s \u00e0 Brest\u00a0; puis \u00e0 l\u2019\u00e9t\u00e9 2023, du 21 au 24\u00a0ao\u00fbt, o\u00f9 19 d\u00e9partements avaient \u00e9t\u00e9 concern\u00e9s et o\u00f9 de <a href=\"https:\/\/www.huffingtonpost.fr\/environnement\/article\/les-vagues-de-chaleur-a-l-ete-2023-ont-provoque-plus-de-5-000-deces-en-france_229503.html\" target=\"_blank\" rel=\"noopener\">tr\u00e8s nombreux records de temp\u00e9rature<\/a> avaient \u00e9t\u00e9 battus. Et enfin tout d\u00e9but juillet\u00a02025, avec 16\u00a0d\u00e9partements concern\u00e9s, dont l\u2019ensemble de l\u2019\u00cele-de-France.<\/p>\n<p>    Ce que change la vigilance rouge    <\/p>\n<p class=\"asset asset-text\">Le niveau de vigilance rouge a des impacts sur l\u2019ensemble de la population, avec des cons\u00e9quences sur nombre d\u2019activit\u00e9s, notamment en plein air.\u00a0Les pr\u00e9fets des d\u00e9partements plac\u00e9s en vigilance rouge\u00a0peuvent interdire ou limiter l\u2019ampleur de certains \u00e9v\u00e9nements comme des manifestations sportives ou des festivals.<\/p>\n<p class=\"asset asset-text\">Des consignes peuvent \u00e9galement \u00eatre diffus\u00e9es aux cr\u00e8ches, aux centres de loisirs et aux organismes accueillant des s\u00e9jours de vacances pour annuler les sorties, les activit\u00e9s sportives et les \u00e9v\u00e9nements festifs. Certains \u00e9tablissements peuvent \u00eatre amen\u00e9s \u00e0 fermer si la temp\u00e9rature dans leurs locaux est trop \u00e9lev\u00e9e.<\/p>\n<p class=\"asset asset-text\">Les conseils comportementaux (boire beaucoup d\u2019eau, \u00e9viter les efforts physiques, fr\u00e9quenter des endroits frais, mouiller son corps, a\u00e9rer la nuit\u2026) sont les m\u00eames que pour les d\u00e9partements en vigilance orange, mais avec une insistance sur le fait qu\u2019ils s\u2019appliquent m\u00eame pour les personnes en bonne sant\u00e9.<\/p>\n","protected":false},"excerpt":{"rendered":"SEBASTIEN DUPUY \/ AFP Les temp\u00e9ratures sont attendues jusqu\u2019\u00e0 41\u00a0\u00b0C ce lundi 11\u00a0ao\u00fbt \u00e0 Toulouse ou Mont\u00e9limar. M\u00c9T\u00c9O&hellip;\n","protected":false},"author":2,"featured_media":311189,"comment_status":"","ping_status":"","sticky":false,"template":"","format":"standard","meta":{"footnotes":""},"categories":[2],"tags":[11,6698,1011,27,2487,2357,12,25,15637,35567],"class_list":{"0":"post-311188","1":"post","2":"type-post","3":"status-publish","4":"format-standard","5":"has-post-thumbnail","7":"category-actualites","8":"tag-actualites","9":"tag-canicule","10":"tag-fr","11":"tag-france","12":"tag-meteo","13":"tag-meteo-france","14":"tag-news","15":"tag-republique-francaise","16":"tag-vague-de-chaleur","17":"tag-vigilance-rouge"},"share_on_mastodon":{"url":"https:\/\/pubeurope.com\/@fr\/115009243377919616","error":""},"_links":{"self":[{"href":"https:\/\/www.europesays.com\/fr\/wp-json\/wp\/v2\/posts\/311188","targetHints":{"allow":["GET"]}}],"collection":[{"href":"https:\/\/www.europesays.com\/fr\/wp-json\/wp\/v2\/posts"}],"about":[{"href":"https:\/\/www.europesays.com\/fr\/wp-json\/wp\/v2\/types\/post"}],"author":[{"embeddable":true,"href":"https:\/\/www.europesays.com\/fr\/wp-json\/wp\/v2\/users\/2"}],"replies":[{"embeddable":true,"href":"https:\/\/www.europesays.com\/fr\/wp-json\/wp\/v2\/comments?post=311188"}],"version-history":[{"count":0,"href":"https:\/\/www.europesays.com\/fr\/wp-json\/wp\/v2\/posts\/311188\/revisions"}],"wp:featuredmedia":[{"embeddable":true,"href":"https:\/\/www.europesays.com\/fr\/wp-json\/wp\/v2\/media\/311189"}],"wp:attachment":[{"href":"https:\/\/www.europesays.com\/fr\/wp-json\/wp\/v2\/media?parent=311188"}],"wp:term":[{"taxonomy":"category","embeddable":true,"href":"https:\/\/www.europesays.com\/fr\/wp-json\/wp\/v2\/categories?post=311188"},{"taxonomy":"post_tag","embeddable":true,"href":"https:\/\/www.europesays.com\/fr\/wp-json\/wp\/v2\/tags?post=311188"}],"curies":[{"name":"wp","href":"https:\/\/api.w.org\/{rel}","templated":true}]}}