{"id":311192,"date":"2025-08-11T08:43:24","date_gmt":"2025-08-11T08:43:24","guid":{"rendered":"https:\/\/www.europesays.com\/fr\/311192\/"},"modified":"2025-08-11T08:43:24","modified_gmt":"2025-08-11T08:43:24","slug":"burmester-et-le-stinger-gc-victorieux-en-play-off-rahm-toujours-a-laffut","status":"publish","type":"post","link":"https:\/\/www.europesays.com\/fr\/311192\/","title":{"rendered":"Burmester et le Stinger GC victorieux en play-off, Rahm toujours \u00e0 l\u2019aff\u00fbt"},"content":{"rendered":"<p>\t\t\t\t\t\t<img width=\"770\" height=\"556\" src=\"https:\/\/www.europesays.com\/fr\/wp-content\/uploads\/2025\/08\/chi_08_10_25_cl2_5861-770x556.jpg\" class=\"img-responsive wp-post-image\" alt=\"Photo by Charles Laberge\/LIV Golf\" decoding=\"async\" fetchpriority=\"high\"  \/>\t\t\t\t\t<\/p>\n<p>\t\t\t\t\t\t Partager cet article <\/p>\n<p class=\"screen-reader-text juiz_sps_maybe_hidden_text\">Partager la publication \u00ab\u00a0Burmester et le Stinger GC victorieux en play-off, Rahm toujours \u00e0 l\u2019aff\u00fbt\u00a0\u00bb<\/p>\n<p><strong>Au terme d\u2019un sc\u00e9nario haletant, Dean Burmester et le Stinger GC se sont offert leur 2e victoire sur le LIV Golf en play-off. Jon Rahm, encore tout pr\u00e8s du but, grappille de pr\u00e9cieux points au classement individuel et Legion XIII affiche une avance confortable par \u00e9quipe avant le dernier tournoi.<\/strong><\/p>\n<p>\t\t\t\t\t<a id=\"181442\" href=\"https:\/\/www.formigolf.fr\/voyage-pays~fairplay_golf__spa_resort_5etoiles_cadiz~199~espagne\" target=\"_blank\" rel=\"sponsorised nofollow noopener\"><img decoding=\"async\" src=\"data:image\/svg+xml,%3Csvg%20xmlns=\" http:=\"\" class=\"img-responsive\" alt=\"\" data-lazy-src=\"https:\/\/www.europesays.com\/fr\/wp-content\/uploads\/2025\/08\/formigolf-e08-andalousie-cadiz-1170x275-1.gif\"\/><\/a><\/p>\n<p>Le troisi\u00e8me tour du <strong>LIV Golf Chicago<\/strong> 2025 restera grav\u00e9 comme l\u2019un des plus palpitants de la saison. Apr\u00e8s une bataille acharn\u00e9e et un d\u00e9part catastrophique \u2013 trois bogeys d\u2019entr\u00e9e \u2013, <strong>Dean Burmester<\/strong> a su rebondir avec panache, for\u00e7ant un play-off \u00e0 trois aux c\u00f4t\u00e9s de <strong>Jon Rahm<\/strong> et du jeune prodige <strong>Josele Ballester<\/strong>.<\/p>\n<p><a href=\"https:\/\/www.livgolf.com\/leaderboard\" target=\"_blank\" rel=\"noopener nofollow\">Retrouvez le classement complet<\/a><\/p>\n<p>Malgr\u00e9 la pression, le Sud-Africain a gard\u00e9 la lucidit\u00e9 n\u00e9cessaire pour rentrer un putt d\u00e9cisif d\u20191m50 pour birdie sur le premier trou de barrage, soulevant les bras au ciel sous les acclamations.<\/p>\n<p>\u00a0<br \/>\nSoutenu par son caddie, inspir\u00e9 par sa femme<\/p>\n<p>\u00ab\u00a0Apr\u00e8s trois bogeys d\u2019affil\u00e9e, je ne savais plus o\u00f9 j\u2019en \u00e9tais, j\u2019avais la t\u00eate ailleurs, mais je me suis accroch\u00e9 et Jason, mon caddie, a \u00e9t\u00e9 ph\u00e9nom\u00e9nal. Il m\u2019a dit : \u00ab On ne l\u00e2che jamais, on ne va pas l\u00e2cher, on a travers\u00e9 trop d\u2019\u00e9preuves pour baisser les bras\u00a0\u00bb, a-t-il comment\u00e9. J\u2019ai travers\u00e9 une p\u00e9riode difficile sur le plan personnel, et je me suis battu pour m\u2019en sortir, en pensant \u00e0 mes enfants et \u00e0 ma femme rest\u00e9s \u00e0 la maison, et en essayant de faire de mon mieux pour eux. Ma femme a termin\u00e9 un ultra-marathon chez nous le dimanche de la semaine de LIV Golf Virginia. Je l\u2019ai regard\u00e9e sur mon t\u00e9l\u00e9phone et cela m\u2019a vraiment inspir\u00e9. Si elle peut courir 90 kilom\u00e8tres en une journ\u00e9e, en 9 heures et demie, alors je peux tout faire.\u00a0\u00bb <\/p>\n<p>\t\t\t\t\t<a id=\"180479\" href=\"https:\/\/www.swing.fr\/voyage\/35-14eme-edition-des-doubles-gosset-by-beachcomber\" target=\"_blank\" rel=\"sponsorised nofollow noopener\"><img decoding=\"async\" src=\"data:image\/svg+xml,%3Csvg%20xmlns=\" http:=\"\" class=\"img-responsive\" alt=\"\" data-lazy-src=\"https:\/\/www.europesays.com\/fr\/wp-content\/uploads\/2025\/07\/beachcomber-e01-doubles-gosset-26-1170x275-1.jpg\"\/><\/a><\/p>\n<p>\t\t\t\t\t<a id=\"179399\" href=\"https:\/\/www.terre-blanche.com\/landing\/summer-deals?mtm_campaign=summer_deals_golf_planet_juil_2025&amp;mtm_medium=display&amp;mtm_source=golf_planet&amp;mtm_content=_CTA_&amp;mtm_group=trafic\" target=\"_blank\" rel=\"sponsorised nofollow noopener\"><img decoding=\"async\" src=\"data:image\/svg+xml,%3Csvg%20xmlns=\" http:=\"\" class=\"img-responsive\" alt=\"\" data-lazy-src=\"https:\/\/www.europesays.com\/fr\/wp-content\/uploads\/2025\/07\/terreblanche-e01-summer-deals-1170x275-1.gif\"\/><\/a><br \/>\nEncore une place d\u2019honneur pour Rahm<\/p>\n<p>Une nouvelle fois \u00e0 un souffle d\u2019un premier troph\u00e9e cette saison, Jon Rahm doit se contenter d\u2019une 2e place de prestige. Sa performance lui permet toutefois de r\u00e9duire son retard au <a href=\"https:\/\/www.livgolf.com\/standings\" target=\"_blank\" rel=\"noopener nofollow\">classement individuel<\/a> sur <strong>Joaqu\u00edn Niemann<\/strong>, toujours solide malgr\u00e9 une 17e place discr\u00e8te.<\/p>\n<p>\u00ab Que je gagne ou non, j\u2019aurai une r\u00e9elle possibilit\u00e9 de le rattraper et peut-\u00eatre m\u00eame de le d\u00e9passer la semaine prochaine \u00bb, soulignait le Basque entre deux tours.<\/p>\n<p>\t\t\t\t\t<a id=\"181972\" href=\"https:\/\/www.azurgolftravel.com\/proamdepalsoct25\" target=\"_blank\" rel=\"sponsorised nofollow noopener\"><img decoding=\"async\" src=\"data:image\/svg+xml,%3Csvg%20xmlns=\" http:=\"\" class=\"img-responsive\" alt=\"\" data-lazy-src=\"https:\/\/www.europesays.com\/fr\/wp-content\/uploads\/2025\/08\/azurgolftravel-e01-proam-catalogne-1170x275-1.jpeg\"\/><\/a><br \/>\nUn play-off par \u00e9quipe<\/p>\n<p>Son \u00e9quipe, <strong>Legion XIII<\/strong>, n\u2019a pas remport\u00e9 une 5e victoire de la saison, puisque c\u2019est le <strong>Stinger GC<\/strong> qui a rafl\u00e9 la mise collective en s\u2019imposant face au <strong>Torque GC<\/strong> lors d\u2019un play-off \u00e9galement haletant. <strong>Branden Grace<\/strong> et <strong>Charl Schwartzel<\/strong> ont scell\u00e9 le succ\u00e8s de l\u2019\u00e9quipe sud-africaine, profitant de l\u2019\u00e9lan initi\u00e9 par <strong>Dean Burmester<\/strong>, exclu du play-off par \u00e9quipe en raison de sa victoire individuelle.<\/p>\n<p>Legion XII conserve cependant la t\u00eate du <a href=\"https:\/\/www.livgolf.com\/standings\" target=\"_blank\" rel=\"noopener nofollow\">classement g\u00e9n\u00e9ral<\/a> et la remont\u00e9e de Jon Rahm promet un final en apoth\u00e9ose lors du dernier tournoi de la saison r\u00e9guli\u00e8re \u00e0 Indianapolis.<\/p>\n<p>\t\t\t\t\t<a id=\"181434\" href=\"https:\/\/www.omegaeuropeanmasters.com\/fr\/tickets\/tickets\" target=\"_blank\" rel=\"sponsorised nofollow noopener\"><img fetchpriority=\"high\" decoding=\"async\" src=\"https:\/\/www.europesays.com\/fr\/wp-content\/uploads\/2025\/08\/omegamasters-e02-billetterie-om25-1170x275-1.jpg\" class=\"img-responsive\" alt=\"\"\/><\/a><br \/>\nLe leaderboard<\/p>\n<p><img loading=\"lazy\" decoding=\"async\" class=\"aligncenter size-full wp-image-182035\" src=\"data:image\/svg+xml,%3Csvg%20xmlns=\" http:=\"\" alt=\"\" width=\"775\" height=\"491\" data-lazy- data-lazy- data-lazy-src=\"https:\/\/www.europesays.com\/fr\/wp-content\/uploads\/2025\/08\/liv-golf-chicago.jpg\"\/><\/p>\n<p>\u00a0<\/p>\n<p>\u00a0<\/p>\n<p>Photo\u00a0: Charles Laberge\/LIV Golf<\/p>\n","protected":false},"excerpt":{"rendered":"Partager cet article Partager la publication \u00ab\u00a0Burmester et le Stinger GC victorieux en play-off, Rahm toujours \u00e0 l\u2019aff\u00fbt\u00a0\u00bb&hellip;\n","protected":false},"author":2,"featured_media":311193,"comment_status":"","ping_status":"","sticky":false,"template":"","format":"standard","meta":{"footnotes":""},"categories":[1418],"tags":[1011,27,1472,60],"class_list":{"0":"post-311192","1":"post","2":"type-post","3":"status-publish","4":"format-standard","5":"has-post-thumbnail","7":"category-golf","8":"tag-fr","9":"tag-france","10":"tag-golf","11":"tag-sports"},"share_on_mastodon":{"url":"https:\/\/pubeurope.com\/@fr\/115009251420055188","error":""},"_links":{"self":[{"href":"https:\/\/www.europesays.com\/fr\/wp-json\/wp\/v2\/posts\/311192","targetHints":{"allow":["GET"]}}],"collection":[{"href":"https:\/\/www.europesays.com\/fr\/wp-json\/wp\/v2\/posts"}],"about":[{"href":"https:\/\/www.europesays.com\/fr\/wp-json\/wp\/v2\/types\/post"}],"author":[{"embeddable":true,"href":"https:\/\/www.europesays.com\/fr\/wp-json\/wp\/v2\/users\/2"}],"replies":[{"embeddable":true,"href":"https:\/\/www.europesays.com\/fr\/wp-json\/wp\/v2\/comments?post=311192"}],"version-history":[{"count":0,"href":"https:\/\/www.europesays.com\/fr\/wp-json\/wp\/v2\/posts\/311192\/revisions"}],"wp:featuredmedia":[{"embeddable":true,"href":"https:\/\/www.europesays.com\/fr\/wp-json\/wp\/v2\/media\/311193"}],"wp:attachment":[{"href":"https:\/\/www.europesays.com\/fr\/wp-json\/wp\/v2\/media?parent=311192"}],"wp:term":[{"taxonomy":"category","embeddable":true,"href":"https:\/\/www.europesays.com\/fr\/wp-json\/wp\/v2\/categories?post=311192"},{"taxonomy":"post_tag","embeddable":true,"href":"https:\/\/www.europesays.com\/fr\/wp-json\/wp\/v2\/tags?post=311192"}],"curies":[{"name":"wp","href":"https:\/\/api.w.org\/{rel}","templated":true}]}}