{"id":311194,"date":"2025-08-11T08:45:14","date_gmt":"2025-08-11T08:45:14","guid":{"rendered":"https:\/\/www.europesays.com\/fr\/311194\/"},"modified":"2025-08-11T08:45:14","modified_gmt":"2025-08-11T08:45:14","slug":"chacun-fait-ce-quil-veut-dans-ce-club-laurent-labit-explique-les-raisons-de-son-depart-du-stade-francais-lequipe","status":"publish","type":"post","link":"https:\/\/www.europesays.com\/fr\/311194\/","title":{"rendered":"\u00ab Chacun fait ce qu&#039;il veut dans ce club \u00bb : Laurent Labit explique les raisons de son d\u00e9part du Stade Fran\u00e7ais &#8211; L&#039;\u00c9quipe"},"content":{"rendered":"<ol>\n<li><a href=\"https:\/\/news.google.com\/rss\/articles\/CBMi6gFBVV95cUxNU1VSY2RQTXZveFF2T0E3MnkxdjNhOWFKZ2ZJc0xWRVdfdDRPWmVWcWFwdmFROTZZYVZwZzdfalJpUDNCZS02UlNMRmxEYjJsdjhyalpOVWcyeWpHdkR0c0VxcXExQjRROWE2SDF3THF6dEFIQ1NwMy1kMVRPRDFVWVNFeE4zVTNsOFc1WE9XTHcwQVRHb0o1TmEzVVQ4YzFIQkREV0xQMUFrN29CUVVhamQtbEJYUGxVQ1RFVllWV3hwZDd5aE54QjYyOWh2N3R3WHR6N0oySUNwaTdsOTRwTmtGNC1ETllkcEE?oc=5\" target=\"_blank\" rel=\"nofollow noopener\">\u00ab Chacun fait ce qu&rsquo;il veut dans ce club \u00bb : Laurent Labit explique les raisons de son d\u00e9part du Stade Fran\u00e7ais<\/a>&nbsp;&nbsp;L&rsquo;\u00c9quipe<\/li>\n<li><a href=\"https:\/\/news.google.com\/rss\/articles\/CBMiogJBVV95cUxNeGloZzdXc0FFWjJYZ0djWUhka0dFcEtDRGpNSjBMUnJqYkFIcG0tVDh0d25leE5LTG5pRGxiQTQ2c0VsZGZtUVJ1Sk4yYUZCLXdtQTBiRVZWYk9pTXd0Q0tfWU1UeDdKdlVnSG9na0NGVTJ3YnFjVnpGT1hINnZjWnZMNWJiMHVKdDhSdFVtd1V4TnZHQTVYeTRQWWR5UmtsOTAxemFSWjFvOFpwMVVZNDVaR1VzUTNwME84NzVTNS15RzRJRGxVZlh2V01VTTlTTHRCQkMtOG1KYXlXUmxPQ0FQbW5va29KTTA5cDlnX1JGMmNYblFKaU9HZnRJVWFETnRUZERjSUpWdzZUNHhSbWRYTVdmQ2NTaUg4NUxJNGdGQQ?oc=5\" target=\"_blank\" rel=\"nofollow noopener\">Stade Fran\u00e7ais: \u00ab\u00a0Il ne connait pas bien son club, il ne sait pas qui fait quoi\u00a0\u00bb, Laurent Labit r\u00e8gle ses comptes avec son ancienne direction<\/a>&nbsp;&nbsp;RMC Sport<\/li>\n<li><a href=\"https:\/\/news.google.com\/rss\/articles\/CBMi-gFBVV95cUxQQXdya3lwUWsyRjJaT2J6VTRLYXRMTTUxMkVyVWdES2UwOGt6dnJPNDFDWDVNMEwyZ0YyMzhsTnI0VVQxUVlRbVpyX2hfbERLWVZFMVJGc2tQVWtQOTZ3ZmMwS2htWGcxYzQzVWQxSWFQOURLQ2tnaVNzTU5wc3MwLUFjTGFXZ0xWdXZwWHRqTjI1Z01sYWVYRzg2S2hpNXBPQUw0SXNMT29VVzdqZW9wTEJJQ1NxTlhSUzJKaUw2YXg5alBmOWwxS3Z1aW5KaENfbnFldnFsMHNzZkM4OHBVQWsxWkNTT29IRVB1YjdoZXJSMXBzYzM3aTBB?oc=5\" target=\"_blank\" rel=\"nofollow noopener\">Stade Fran\u00e7ais : Laurent Labit r\u00e8gle ses comptes avec Thomas Lombard et Hans-Peter Wild<\/a>&nbsp;&nbsp;Le Parisien<\/li>\n<li><a href=\"https:\/\/news.google.com\/rss\/articles\/CBMiygFBVV95cUxNYlJPNFhNSzNla255dVVUWEpDcjV1WG1tQndwcF90Q0hvME80Y0w3aEpxSjJKSjNLWXlSYl9WaFE5U2FEbFo1b2dpLWtCMml4dUsyQ1VEVGpaQTFlR285aF84MW9jVG5Ud25SLUh3T3huUHphVlUxR1RvMW15TTVCUnNNRWFrT0lmX2djekt4YUZnRV9sdnctY2h0MzRoelJFbmVkRG5WTUMtRjVKN2RGRDB2Tk5uMDBVMW42OVV4ZkthUUN4dVh4dVJB?oc=5\" target=\"_blank\" rel=\"nofollow noopener\">\u00ab\u00a0Labit r\u00e8gle ses comptes\u00a0\u00bb \u00e0 la Une du Midi Olympique : d\u00e9couvrez votre nouveau num\u00e9ro<\/a>&nbsp;&nbsp;Rugbyrama<\/li>\n<li><a href=\"https:\/\/news.google.com\/rss\/articles\/CBMilAFBVV95cUxPLVhKS094RGZsdEpCSGJRMmxtUnQtcHlja0dfdjJNdDJQZ0xKVmhyUmllYlFpdGxpVVQwNEh4YjA1WjA4Vnh5bGRkVzE4akY0NXgzTWFBQlNBT0VKcnFWdW5XRTVtaWhjUjNzcnVwUlBiQzUwRUU5S29rdkRBWHhIYkl2TG9Mb3EtN0FaSW54MVcxZElK?oc=5\" target=\"_blank\" rel=\"nofollow noopener\">Stade Fran\u00e7ais : pourquoi Laurent Labit a vraiment claqu\u00e9 la porte ?<\/a>&nbsp;&nbsp;Quinze Ovalie<\/li>\n<\/ol>\n","protected":false},"excerpt":{"rendered":"\u00ab Chacun fait ce qu&rsquo;il veut dans ce club \u00bb : Laurent Labit explique les raisons de son&hellip;\n","protected":false},"author":2,"featured_media":311195,"comment_status":"","ping_status":"","sticky":false,"template":"","format":"standard","meta":{"footnotes":""},"categories":[1416],"tags":[1011,27,479,1468,60],"class_list":{"0":"post-311194","1":"post","2":"type-post","3":"status-publish","4":"format-standard","5":"has-post-thumbnail","7":"category-rugby","8":"tag-fr","9":"tag-france","10":"tag-rugby","11":"tag-rugby-football","12":"tag-sports"},"share_on_mastodon":{"url":"https:\/\/pubeurope.com\/@fr\/115009259075627708","error":""},"_links":{"self":[{"href":"https:\/\/www.europesays.com\/fr\/wp-json\/wp\/v2\/posts\/311194","targetHints":{"allow":["GET"]}}],"collection":[{"href":"https:\/\/www.europesays.com\/fr\/wp-json\/wp\/v2\/posts"}],"about":[{"href":"https:\/\/www.europesays.com\/fr\/wp-json\/wp\/v2\/types\/post"}],"author":[{"embeddable":true,"href":"https:\/\/www.europesays.com\/fr\/wp-json\/wp\/v2\/users\/2"}],"replies":[{"embeddable":true,"href":"https:\/\/www.europesays.com\/fr\/wp-json\/wp\/v2\/comments?post=311194"}],"version-history":[{"count":0,"href":"https:\/\/www.europesays.com\/fr\/wp-json\/wp\/v2\/posts\/311194\/revisions"}],"wp:featuredmedia":[{"embeddable":true,"href":"https:\/\/www.europesays.com\/fr\/wp-json\/wp\/v2\/media\/311195"}],"wp:attachment":[{"href":"https:\/\/www.europesays.com\/fr\/wp-json\/wp\/v2\/media?parent=311194"}],"wp:term":[{"taxonomy":"category","embeddable":true,"href":"https:\/\/www.europesays.com\/fr\/wp-json\/wp\/v2\/categories?post=311194"},{"taxonomy":"post_tag","embeddable":true,"href":"https:\/\/www.europesays.com\/fr\/wp-json\/wp\/v2\/tags?post=311194"}],"curies":[{"name":"wp","href":"https:\/\/api.w.org\/{rel}","templated":true}]}}