{"id":311197,"date":"2025-08-11T08:48:13","date_gmt":"2025-08-11T08:48:13","guid":{"rendered":"https:\/\/www.europesays.com\/fr\/311197\/"},"modified":"2025-08-11T08:48:13","modified_gmt":"2025-08-11T08:48:13","slug":"motogp-2027-les-pneus-pirelli-linconnue-qui-fait-trembler-les-constructeurs","status":"publish","type":"post","link":"https:\/\/www.europesays.com\/fr\/311197\/","title":{"rendered":"MotoGP 2027 : les pneus Pirelli, l\u2019Inconnue qui fait trembler les constructeurs"},"content":{"rendered":"<p><strong>2027 s\u2019annonce comme une r\u00e9volution pour le MotoGP. Avec<br \/>\nun r\u00e8glement bouleversant \u2013 moins d\u2019a\u00e9rodynamisme, moteurs r\u00e9duits<br \/>\n\u00e0 850 cc, interdiction des dispositifs de correction d\u2019assiette \u2013<br \/>\nles \u00e9quipes s\u2019appr\u00eatent \u00e0 repartir de z\u00e9ro. Mais un changement<br \/>\ninquiet plus que tout : le passage de Michelin \u00e0 Pirelli comme<br \/>\nfournisseur exclusif de pneus. Ce composant crucial, que les<br \/>\nconstructeurs ne ma\u00eetrisent pas directement, pourrait redessiner la<br \/>\nhi\u00e9rarchie de la cat\u00e9gorie reine. Les patrons d\u2019\u00e9quipe tirent la<br \/>\nsonnette d\u2019alarme \u2026<\/strong><\/p>\n<p><a href=\"https:\/\/www.paddock-gp.com\/motogp-massimo-rivola-jubile-a-brno-deux-coqs-dans-le-meme-poulailler-un-defi-quaprilia-est-pret-a-relever\/\" rel=\"nofollow noopener\" target=\"_blank\"><br \/>\n<strong>Massimo Rivola<\/strong><\/a>, PDG d\u2019Aprilia Racing, ne m\u00e2che<br \/>\npas ses mots : \u00ab tout va changer. Ce qui nous pr\u00e9occupe le<br \/>\nplus, <strong>ce sont les pneus<\/strong>. C\u2019est le seul \u00e9l\u00e9ment sur<br \/>\nlequel nous n\u2019aurons pas de contr\u00f4le au d\u00e9but. \u00bb Apr\u00e8s plus<br \/>\nd\u2019une d\u00e9cennie avec <strong>Michelin<\/strong>, le MotoGP s\u2019appr\u00eate<br \/>\n\u00e0 accueillir <strong>Pirelli<\/strong>, le manufacturier italien<br \/>\nd\u00e9j\u00e0 dominant en WorldSBK.<\/p>\n<p>Mais ce changement radical suscite des craintes. \u00ab Peu<br \/>\nimporte la qualit\u00e9 d\u2019une nouvelle moto, <strong>si vous ne<br \/>\ncomprenez pas les Pirelli, vous \u00eates foutu<\/strong> \u00bb,<br \/>\npr\u00e9vient un ing\u00e9nieur cit\u00e9 par Crash.net. <strong>Rivola<\/strong><br \/>\nsait que l\u2019adaptation aux nouveaux pneus sera d\u00e9terminante pour<br \/>\n\u00e9viter un d\u00e9part chaotique en 2027.<\/p>\n<p><a href=\"https:\/\/www.paddock-gp.com\/motogp-changement-en-vue-chez-honda-alberto-puig-se-dirigerait-vers-la-sortie\/\" rel=\"nofollow noopener\" target=\"_blank\"><br \/>\n<strong>Alberto Puig<\/strong><\/a>, directeur de l\u2019\u00e9quipe<br \/>\n<strong>Honda<\/strong>, partage cet avis et rend hommage \u00e0 <a href=\"https:\/\/www.paddock-gp.com\/motogp-test-aragon-michelin-va-prendre-une-grande-decision-ce-lundi\/\" rel=\"nofollow noopener\" target=\"_blank\"><br \/>\n<strong>Michelin<\/strong><\/a> : \u00ab nous courons avec eux depuis<br \/>\ndes ann\u00e9es. Ce n\u2019\u00e9tait pas facile au d\u00e9but, <strong>mais ils ont<br \/>\nfini par fournir un pneu vraiment performant<\/strong>. \u00bb Avec<br \/>\n<strong>Pirelli<\/strong>, il anticipe une p\u00e9riode d\u2019ajustement tout<br \/>\naussi complexe : \u00ab chacun construira une nouvelle moto avec un<br \/>\nnouveau moteur, mais <strong>ceux qui comprendront les pneus le<br \/>\nplus vite prendront l\u2019avantage<\/strong>. \u00bb<\/p>\n<p><img loading=\"lazy\" decoding=\"async\" class=\"aligncenter size-full wp-image-1277878\" src=\"https:\/\/www.europesays.com\/fr\/wp-content\/uploads\/2025\/04\/pirelli-diablo-superbike.jpg\" alt=\"pneus\" width=\"800\" height=\"532\"  \/><\/p>\n<p><strong>Alberto Puig\u00a0:<br \/>\n\u00ab\u00a0m\u00eame avec une tr\u00e8s bonne moto, si vous ne ma\u00eetrisez pas<br \/>\nles pneus, vous \u00eates dans la merde\u00a0\u00bb<\/strong><\/p>\n<p>Pour <strong>Puig<\/strong>, pas de myst\u00e8re : \u00ab le pneu en<br \/>\nMotoGP est extr\u00eamement important. M\u00eame avec une tr\u00e8s bonne moto, si<br \/>\nvous ne ma\u00eetrisez pas les pneus, vous \u00eates dans la merde. \u00bb Un<br \/>\nmessage clair : la gomme sera le juge de paix en 2027.<\/p>\n<p>Chez <strong>Ducati<\/strong>, l\u2019inqui\u00e9tude est palpable, mais<br \/>\nl\u2019approche est collaborative. <strong>Michele Masini<\/strong>, de<br \/>\n<strong>Gresini Racing<\/strong>, explique : \u00ab le nouveau<br \/>\nfournisseur de pneus est une grande incertitude. Quand on part de<br \/>\nz\u00e9ro, il faut prendre les bonnes d\u00e9cisions avec nos ing\u00e9nieurs et<br \/>\nceux du constructeur. <strong>Ce sera un d\u00e9fi de<br \/>\ntaille<\/strong>. \u00bb<\/p>\n<p><strong>Pablo Nieto<\/strong>, patron de <strong>VR46<\/strong>,<br \/>\ninsiste sur l\u2019importance de l\u2019union : \u00ab il sera crucial que les<br \/>\n\u00e9quipes \u2013 Ducati, Gresini et nous \u2013 <strong>travaillent ensemble<br \/>\nsur ce sujet<\/strong>. \u00bb Avec quatre \u00e9quipes satellites<br \/>\n<strong>Ducati<\/strong> en 2027, cette synergie pourrait \u00eatre un<br \/>\natout majeur pour d\u00e9chiffrer les <strong>Pirelli<\/strong> plus<br \/>\nrapidement que la concurrence.<\/p>\n<p>Les pneus sont le point de contact entre la moto et la piste, et<br \/>\nleur compr\u00e9hension conditionne tout : r\u00e9glages, strat\u00e9gie,<br \/>\nperformance. <strong>Pirelli<\/strong>, fort de son expertise en<br \/>\nSuperbike, apportera des pneus diff\u00e9rents, avec des comportements<br \/>\net des fen\u00eatres d\u2019utilisation sp\u00e9cifiques. \u00ab Ce sera diff\u00e9rent<br \/>\npour chacun \u00bb, pr\u00e9dit <strong>Puig<\/strong>, soulignant que<br \/>\nles \u00e9quipes devront r\u00e9apprendre \u00e0 optimiser leurs machines. Les<br \/>\ntests pr\u00e9vus d\u00e8s 2026 seront cruciaux, mais comme le note<br \/>\nSpeedweek, \u00ab les premi\u00e8res courses r\u00e9v\u00e9leront qui a su<br \/>\ns\u2019adapter le mieux \u00bb.<\/p>\n<p>Avec <strong>Pirelli<\/strong>, le <a href=\"https:\/\/www.motogp.com\/en\" rel=\"nofollow noopener\" target=\"_blank\">MotoGP<\/a> entre en terrain inconnu.<br \/>\nLes constructeurs \u2013 <strong>Ducati, Honda, Yamaha, KTM<\/strong> et<br \/>\n<strong>Aprilia<\/strong> \u2013 savent que leur avenir d\u00e9pend de leur<br \/>\ncapacit\u00e9 \u00e0 dompter ces nouveaux pneus. \u00ab Sur 100 id\u00e9es, une<br \/>\nseule peut-\u00eatre suffira \u00bb, plaisante <strong>Nieto<\/strong>,<br \/>\nmais l\u2019enjeu est s\u00e9rieux. Les \u00e9quipes qui sauront d\u00e9coder les<br \/>\n<strong>Pirelli<\/strong> d\u00e8s les premiers tours de roue pourraient<br \/>\ndominer la saison 2027, tandis que les autres risquent de patauger.<br \/>\nLes pneus seront au c\u0153ur de toutes les discussions, et le moindre<br \/>\ndixi\u00e8me de seconde gagn\u00e9 sur la gomme pourrait faire la diff\u00e9rence<br \/>\nentre la victoire et l\u2019oubli.<\/p>\n<p><img loading=\"lazy\" decoding=\"async\" class=\"aligncenter\" src=\"https:\/\/www.europesays.com\/fr\/wp-content\/uploads\/2025\/08\/1105398.jpg\" alt=\"Un m\u00e9canicien v\u00e9rifie un pneu de superbike Pirelli\" width=\"878\" height=\"494\"\/><\/p>\n","protected":false},"excerpt":{"rendered":"2027 s\u2019annonce comme une r\u00e9volution pour le MotoGP. Avec un r\u00e8glement bouleversant \u2013 moins d\u2019a\u00e9rodynamisme, moteurs r\u00e9duits \u00e0&hellip;\n","protected":false},"author":2,"featured_media":311198,"comment_status":"","ping_status":"","sticky":false,"template":"","format":"standard","meta":{"footnotes":""},"categories":[1413],"tags":[1011,27,1457,1456,60],"class_list":{"0":"post-311197","1":"post","2":"type-post","3":"status-publish","4":"format-standard","5":"has-post-thumbnail","7":"category-moto","8":"tag-fr","9":"tag-france","10":"tag-moto","11":"tag-motocycle","12":"tag-sports"},"share_on_mastodon":{"url":"https:\/\/pubeurope.com\/@fr\/115009271140162551","error":""},"_links":{"self":[{"href":"https:\/\/www.europesays.com\/fr\/wp-json\/wp\/v2\/posts\/311197","targetHints":{"allow":["GET"]}}],"collection":[{"href":"https:\/\/www.europesays.com\/fr\/wp-json\/wp\/v2\/posts"}],"about":[{"href":"https:\/\/www.europesays.com\/fr\/wp-json\/wp\/v2\/types\/post"}],"author":[{"embeddable":true,"href":"https:\/\/www.europesays.com\/fr\/wp-json\/wp\/v2\/users\/2"}],"replies":[{"embeddable":true,"href":"https:\/\/www.europesays.com\/fr\/wp-json\/wp\/v2\/comments?post=311197"}],"version-history":[{"count":0,"href":"https:\/\/www.europesays.com\/fr\/wp-json\/wp\/v2\/posts\/311197\/revisions"}],"wp:featuredmedia":[{"embeddable":true,"href":"https:\/\/www.europesays.com\/fr\/wp-json\/wp\/v2\/media\/311198"}],"wp:attachment":[{"href":"https:\/\/www.europesays.com\/fr\/wp-json\/wp\/v2\/media?parent=311197"}],"wp:term":[{"taxonomy":"category","embeddable":true,"href":"https:\/\/www.europesays.com\/fr\/wp-json\/wp\/v2\/categories?post=311197"},{"taxonomy":"post_tag","embeddable":true,"href":"https:\/\/www.europesays.com\/fr\/wp-json\/wp\/v2\/tags?post=311197"}],"curies":[{"name":"wp","href":"https:\/\/api.w.org\/{rel}","templated":true}]}}