{"id":311201,"date":"2025-08-11T08:50:20","date_gmt":"2025-08-11T08:50:20","guid":{"rendered":"https:\/\/www.europesays.com\/fr\/311201\/"},"modified":"2025-08-11T08:50:20","modified_gmt":"2025-08-11T08:50:20","slug":"comment-le-velo-electrique-a-conquis-romane-apres-3-jours-de-cyclotourisme","status":"publish","type":"post","link":"https:\/\/www.europesays.com\/fr\/311201\/","title":{"rendered":"comment le v\u00e9lo \u00e9lectrique a conquis Romane apr\u00e8s 3 jours de cyclotourisme"},"content":{"rendered":"<p>Dans le cadre d\u2019un week-end de 3 jours \u00e0 v\u00e9lo \u00e9lectrique et m\u00e9canique sur les routes du vin bourguignonnes, Frandroid a r\u00e9colt\u00e9 le t\u00e9moignage de trois compagnonnes et compagnons de voyage. Pour chacune des personnes, la physionomie du p\u00e9riple diff\u00e8re. Ici, Romane, qui, apr\u00e8s avoir exp\u00e9riment\u00e9 le v\u00e9lo musculaire sur la Loire \u00e0 v\u00e9lo en 2024, a d\u00e9couvert les joies de l\u2019\u00e9lectrique entre Dijon et Beaune en 2025. Pour son plus grand bonheur.<\/p>\n<p><a href=\"https:\/\/images.frandroid.com\/wp-content\/uploads\/2025\/08\/photo-une-temoignage-bourgogne.jpeg\" target=\"_blank\" class=\"article-content__figure\" rel=\"noopener\"><img fetchpriority=\"high\" decoding=\"async\" loading=\"eager\" width=\"1200\" height=\"900\" src=\"https:\/\/www.europesays.com\/fr\/wp-content\/uploads\/2025\/08\/photo-une-temoignage-bourgogne.jpeg\" alt=\"photo une te\u0301moignage\" class=\"wp-image-2754861 wp-image wp-image\"  \/><\/a>Source : Frandroid<\/p>\n<p>L\u2019ann\u00e9e derni\u00e8re, Romane s\u2019\u00e9tait lanc\u00e9e sur la Loire \u00e0 v\u00e9lo en version 100 % musculaire. Un beau souvenir, mais aussi une bonne dose de gal\u00e8res <a href=\"https:\/\/www.frandroid.com\/tag\/loire-a-velo\" target=\"_blank\" rel=\"noopener\">comme nous vous le contions dans cette s\u00e9rie d\u2019articles<\/a>. Entre c\u00f4te abrupte, chemins inond\u00e9s ou gadouilleux et distance \u00e9lev\u00e9e, Romane en garde forc\u00e9ment un souvenir particulier.<\/p>\n<p>Cette ann\u00e9e, dans le cadre d\u2019un voyage de 3 jours sur les routes de vins de la Bourgogne, son choix s\u2019est plus naturellement tourn\u00e9 vers le <a href=\"https:\/\/www.frandroid.com\/guide-dachat\/guides-dachat-survoltes\/guides-dachat-velos-electriques\/917361_guide-achat-choisir-meilleurs-velos-electriques-vae\" target=\"_blank\" rel=\"noopener\">v\u00e9lo \u00e9lectrique<\/a>. Et le constat est sans appel : \u00ab Il a vraiment vraiment vraiment chang\u00e9 la face de mon voyage \u00bb, d\u00e9bute-t-elle sans d\u00e9tour.<\/p>\n<p>Profiter diff\u00e9remment<\/p>\n<p>Et de poursuivre : \u00ab La Loire \u00e0 v\u00e9lo qu\u2019on a fait l\u2019ann\u00e9e derni\u00e8re, il y avait le temps qui jouait \u00bb. Le temps pluvieux d\u2019un c\u00f4t\u00e9, le manque de temps face aux trop grandes distances imagin\u00e9es de l\u2019autre. \u00ab Et le fait de ne pas avoir de v\u00e9lo \u00e9lectrique emp\u00eachait parfois de profiter du trajet, de profiter des paysages, parce qu\u2019on \u00e9tait absorb\u00e9 par notre effort et le fait de grimper \u00bb, constate notre interlocutrice.<\/p>\n<blockquote>\n<p>C\u2019\u00e9tait d\u2019une aide incroyable. Et \u00e7a, je le sous-estimais beaucoup.<\/p>\n<p>Romane, cyclotouriste \u00e0 v\u00e9lo \u00e9lectrique.<\/p><\/blockquote>\n<p>L\u2019an pass\u00e9, cette course \u00e0 la minute men\u00e9e face un programme parfois surcharg\u00e9 a jou\u00e9 en notre d\u00e9faveur\u2026 particuli\u00e8rement sur le d\u00e9nivel\u00e9 positif. \u00ab On perdait du temps, je devais descendre de la selle pour pousser mon v\u00e9lo dans les c\u00f4tes \u00bb. Les c\u00f4tes, justement, ont cette fois-ci \u00e9t\u00e9 gravies avec une facilit\u00e9 d\u00e9concertante. C\u2019est tout l\u2019avantage de l\u2019\u00e9lectrique.<\/p>\n<p><a href=\"https:\/\/images.frandroid.com\/wp-content\/uploads\/2025\/08\/temoignage-bourgogne-velo-2.jpeg\" target=\"_blank\" class=\"article-content__figure\" rel=\"noopener\"><img loading=\"lazy\" decoding=\"async\" width=\"1200\" height=\"1600\" src=\"https:\/\/www.europesays.com\/fr\/wp-content\/uploads\/2025\/08\/temoignage-bourgogne-velo-2-1200x1600.jpeg\" alt=\"Te\u0301moignage Bourgogne ve\u0301lo 2\" class=\"wp-image-2754865 wp-image\"  \/><\/a>Source : Frandroid<\/p>\n<p>\u00ab Pour les c\u00f4tes, c\u2019est un grand oui \u00bb, s\u2019enthousiasme Romane a posteriori. \u00ab Le v\u00e9lo \u00e9lectrique a cette fois-ci \u00e9t\u00e9 essentiel. On a pu tous les grimper d\u2019une traite, c\u2019\u00e9tait d\u2019une aide incroyable. Et \u00e7a, je le sous-estimais beaucoup : \u00e7a change le voyage, parce qu\u2019on n\u2019est pas l\u00e0 \u00e0 trimer, \u00e0 subir la fatigue. On peut en profiter, tout en montant la c\u00f4te \u00bb, explique-t-elle, conquise.<\/p>\n<blockquote>\n<p>J\u2019ai \u00e9t\u00e9 agr\u00e9ablement surprise de constater qu\u2019on pouvait quand m\u00eame vraiment faire travailler les jambes.<\/p>\n<p>Romane, cyclouriste \u00e0 v\u00e9lo \u00e9lectrique.<\/p><\/blockquote>\n<p>Sportive dans l\u2019\u00e2me et runneuse r\u00e9guli\u00e8re, Romane faisait pourtant partie de ces personnes qui regardaient le v\u00e9lo avec un brin de m\u00e9fiance. \u00c0 quel point le VAE limite, voire \u00e9radique l\u2019effort physique ? \u00c0 cette question, l\u2019int\u00e9ress\u00e9e a pu y r\u00e9pondre d\u2019elle-m\u00eame apr\u00e8s trois jours de cyclotourisme.<\/p>\n<p>Des efforts physiques fournis<\/p>\n<p>\u00ab Moi qui \u00e9tais r\u00e9ticente au d\u00e9part \u00e0 utiliser un v\u00e9lo \u00e9lectrique parce que je pensais que je n\u2019allais pas faire d\u2019efforts, et parce que je voulais quand m\u00eame un petit peu forcer, j\u2019ai \u00e9t\u00e9 agr\u00e9ablement surprise de constater qu\u2019on pouvait quand m\u00eame vraiment faire travailler les jambes, fournir un effort en \u00e9lectrique, et m\u00eame en mode Eco \u00bb.<\/p>\n<p>Pr\u00e9cisons que les v\u00e9los \u00e9lectriques pr\u00eat\u00e9s \u00e9taient des mod\u00e8les Bergamont \u2013 parfois charg\u00e9s de sacs plus ou moins lourds \u2013 \u00e9quip\u00e9s d\u2019un moteur Bosch entr\u00e9e de gamme, l\u2019Active Line d\u2019un couple tr\u00e8s modeste de 40 Nm et d\u2019une puissance maximale de 586 W. Ce n\u2019est donc pas un foudre de guerre. Le m\u00eame trac\u00e9 r\u00e9alis\u00e9 avec un Bosch Performance Line CX (85 Nm) n\u2019aurait pas eu le m\u00eame impact ni demand\u00e9 un niveau d\u2019effort similaire.<\/p>\n<p><a href=\"https:\/\/www.europesays.com\/fr\/wp-content\/uploads\/2025\/08\/bosch-active-line.jpeg\" target=\"_blank\" class=\"article-content__figure\"><img loading=\"lazy\" decoding=\"async\" width=\"750\" height=\"450\" src=\"https:\/\/www.europesays.com\/fr\/wp-content\/uploads\/2025\/08\/bosch-active-line.jpeg\" alt=\"\" class=\"wp-image-1869229 wp-image\"  \/><\/a><\/p>\n<p>Il n\u2019emp\u00eache, ce type de moteur reste une solution int\u00e9ressante pour quiconque souhaite pratiquer une activit\u00e9 physique. \u00ab Si on veut se challenger, on peut baisser les niveaux d\u2019assistance et \u00e0 ce moment-l\u00e0, on peut fournir un plus gros effort. Dans les mont\u00e9es, c\u2019est beaucoup plus agr\u00e9able. Mais m\u00eame avec le mode le plus \u00e9lev\u00e9, on est quand m\u00eame oblig\u00e9 de p\u00e9daler et on sent quand m\u00eame un peu de r\u00e9sistance \u00bb, se rem\u00e9more Romane.<\/p>\n<p>Quels modes utilis\u00e9s ?<\/p>\n<p>Preuve que le mode Turbo n\u2019est pas une fin en soi, Romane a principalement \u00ab utilis\u00e9 les modes d\u2019assistance Tour et Sport sur des l\u00e9g\u00e8res mont\u00e9es ou du faux plat pendant un long moment, juste par confort \u00bb. \u00ab J\u2019aurais pu garder le mode Eco, mais finalement, si on a un \u00e9lectrique, \u00e0 quoi bon ne pas utiliser les modes plus \u00e9lev\u00e9s si \u00e7a peut nous soulager un petit peu \u00bb, relativise-t-elle.<\/p>\n<blockquote>\n<p>Je ne retournerai pas vers un v\u00e9lo m\u00e9canique.<\/p>\n<p>Romane, cyclotouriste \u00e0 v\u00e9lo \u00e9lectrique.<\/p><\/blockquote>\n<p>\u00ab En fin de journ\u00e9e, m\u00eame s\u2019il ne restait pas beaucoup de trajet, j\u2019en profitais pour mettre en Sport parce que c\u2019\u00e9tait plus agr\u00e9able quand m\u00eame pour terminer, apr\u00e8s quelques kilom\u00e8tres dans les jambes \u00bb, admet Romane.<\/p>\n<p><a href=\"https:\/\/images.frandroid.com\/wp-content\/uploads\/2025\/08\/temoignage-bourgogne-velo-6.jpeg\" target=\"_blank\" class=\"article-content__figure\" rel=\"noopener\"><img loading=\"lazy\" decoding=\"async\" width=\"1200\" height=\"1600\" src=\"https:\/\/www.europesays.com\/fr\/wp-content\/uploads\/2025\/08\/temoignage-bourgogne-velo-6-1200x1600.jpeg\" alt=\"Te\u0301moignage Bourgogne ve\u0301lo 2\" class=\"wp-image-2754871 wp-image\"  \/><\/a>Source : Frandroid<\/p>\n<p>Si le v\u00e9lo \u00e9lectrique apporte bien des avantages qu\u2019on ne cite plus, il rev\u00eat aussi quelques contraintes\u2026 non r\u00e9dhibitoires pour autant. Parmi les points n\u00e9gatifs, Romane cite \u00ab le fait de retirer la batterie et de devoir la recharger \u00bb chaque soir. \u00ab Mais c\u2019est en soi le principe du v\u00e9lo \u00e9lectrique. Si c\u2019est \u00e9lectrique, il faut un moment le recharger \u00bb, consent-elle.<\/p>\n<p>\u00ab Aussi, le v\u00e9lo peut \u00eatre un petit peu lourd : il y en a un qui m\u2019est tomb\u00e9 dessus, j\u2019ai encore la trace sur ma jambe avec un gros bleu \u00bb, se rappelle douloureusement Romane.<\/p>\n<p>Pas de retour en arri\u00e8re<\/p>\n<p>Il n\u2019emp\u00eache, un constat s\u2019applique bien souvent \u00e0 toute personne qui go\u00fbte au v\u00e9lo \u00e9lectrique. Revenir en arri\u00e8re est bien souvent inconcevable : \u00ab Je ne retournerai pas vers un v\u00e9lo m\u00e9canique, maintenant que j\u2019ai pu tester le v\u00e9lo \u00e9lectrique. Je sais qu\u2019on peut quand m\u00eame forcer, se muscler, et faire un effort avec l\u2019\u00e9lectrique \u00bb, assure-t-elle.<\/p>\n<p>Et de conclure : \u00ab \u00c0 moins que ce ne soit que du plat pendant longtemps, ou alors avec tr\u00e8s peu de c\u00f4tes tr\u00e8s l\u00e9g\u00e8res \u00bb. R\u00e9ponse peut-\u00eatre l\u2019ann\u00e9e prochaine, o\u00f9 un petit voyage champenois semble se dessiner \u00e0 l\u2019horizon.<\/p>\n<p>Ce t\u00e9moignage s\u2019inscrit dans une s\u00e9rie d\u2019articles \u00ab <a href=\"https:\/\/www.frandroid.com\/tag\/bourgogne-a-velo\" target=\"_blank\" rel=\"noopener\">Bourgogne \u00e0 v\u00e9lo<\/a> \u00bb. Vous pouvez d\u2019ores et d\u00e9j\u00e0 retrouver ce sujet dans nos colonnes : <\/p>\n","protected":false},"excerpt":{"rendered":"Dans le cadre d\u2019un week-end de 3 jours \u00e0 v\u00e9lo \u00e9lectrique et m\u00e9canique sur les routes du vin&hellip;\n","protected":false},"author":2,"featured_media":311202,"comment_status":"","ping_status":"","sticky":false,"template":"","format":"standard","meta":{"footnotes":""},"categories":[1411],"tags":[45123,1154,207,20079,1011,27,60,17932],"class_list":{"0":"post-311201","1":"post","2":"type-post","3":"status-publish","4":"format-standard","5":"has-post-thumbnail","7":"category-cyclisme","8":"tag-bourgogne-a-velo","9":"tag-cycling","10":"tag-cyclisme","11":"tag-cyclotourisme","12":"tag-fr","13":"tag-france","14":"tag-sports","15":"tag-temoignages"},"share_on_mastodon":{"url":"https:\/\/pubeurope.com\/@fr\/115009278904304228","error":""},"_links":{"self":[{"href":"https:\/\/www.europesays.com\/fr\/wp-json\/wp\/v2\/posts\/311201","targetHints":{"allow":["GET"]}}],"collection":[{"href":"https:\/\/www.europesays.com\/fr\/wp-json\/wp\/v2\/posts"}],"about":[{"href":"https:\/\/www.europesays.com\/fr\/wp-json\/wp\/v2\/types\/post"}],"author":[{"embeddable":true,"href":"https:\/\/www.europesays.com\/fr\/wp-json\/wp\/v2\/users\/2"}],"replies":[{"embeddable":true,"href":"https:\/\/www.europesays.com\/fr\/wp-json\/wp\/v2\/comments?post=311201"}],"version-history":[{"count":0,"href":"https:\/\/www.europesays.com\/fr\/wp-json\/wp\/v2\/posts\/311201\/revisions"}],"wp:featuredmedia":[{"embeddable":true,"href":"https:\/\/www.europesays.com\/fr\/wp-json\/wp\/v2\/media\/311202"}],"wp:attachment":[{"href":"https:\/\/www.europesays.com\/fr\/wp-json\/wp\/v2\/media?parent=311201"}],"wp:term":[{"taxonomy":"category","embeddable":true,"href":"https:\/\/www.europesays.com\/fr\/wp-json\/wp\/v2\/categories?post=311201"},{"taxonomy":"post_tag","embeddable":true,"href":"https:\/\/www.europesays.com\/fr\/wp-json\/wp\/v2\/tags?post=311201"}],"curies":[{"name":"wp","href":"https:\/\/api.w.org\/{rel}","templated":true}]}}