{"id":311203,"date":"2025-08-11T08:51:13","date_gmt":"2025-08-11T08:51:13","guid":{"rendered":"https:\/\/www.europesays.com\/fr\/311203\/"},"modified":"2025-08-11T08:51:13","modified_gmt":"2025-08-11T08:51:13","slug":"football-ligue-2-sur-quelle-chaine-tele-suivre-asse","status":"publish","type":"post","link":"https:\/\/www.europesays.com\/fr\/311203\/","title":{"rendered":"Football. Ligue 2 : sur quelle cha\u00eene t\u00e9l\u00e9 suivre ASSE"},"content":{"rendered":"<p>Contraint <a href=\"https:\/\/www.ledauphine.com\/sport\/2025\/08\/09\/saint-etienne-patine-au-demarrage\" target=\"_blank\" rel=\"noopener\">au match nul par Laval<\/a> samedi dernier lors de la <a href=\"https:\/\/www.ledauphine.com\/sport\/2025\/08\/10\/le-gf38-et-le-fc-annecy-battus-l-asse-tenue-en-echec-ce-qu-il-faut-retenir-de-la-1re-journee\" target=\"_blank\" rel=\"noopener\">1re journ\u00e9e de Ligue 2<\/a> au terme d&rsquo;un match fou (3-3), l&rsquo;AS Saint-Etienne lance sa saison \u00e0 Geoffroy-Guichard samedi (20h) contre Rodez.\u00a0Des Ruth\u00e9nois qui, \u00e0 domicile, n&rsquo;ont pu faire mieux que match nul <a href=\"https:\/\/www.ledauphine.com\/sport\/calendrier-resultats\/football\/national-ligue-2\" target=\"_blank\" rel=\"noopener\">contre le promu Nancy (0-0)<\/a>.<\/p>\n<p>La derni\u00e8re double confrontation entre les deux \u00e9quipes remonte \u00e0 la saison 2023-2024 avec un match nul dans le Chaudron (1-1) et une d\u00e9faite des Verts dans l&rsquo;Aveyron (1-2).<\/p>\n<p>La rencontre sera \u00e0 suivre sur Bein Sports 1, tout comme Reims &#8211; Guingamp en d\u00e9but d&rsquo;apr\u00e8s-midi (14h).<\/p>\n","protected":false},"excerpt":{"rendered":"Contraint au match nul par Laval samedi dernier lors de la 1re journ\u00e9e de Ligue 2 au terme&hellip;\n","protected":false},"author":2,"featured_media":311204,"comment_status":"","ping_status":"","sticky":false,"template":"","format":"standard","meta":{"footnotes":""},"categories":[1410],"tags":[9443,107,1701,63,1011,27,12636,3367,517,1947,60,2205],"class_list":{"0":"post-311203","1":"post","2":"type-post","3":"status-publish","4":"format-standard","5":"has-post-thumbnail","7":"category-football","8":"tag-asse-as-saint-etienne","9":"tag-fil-info","10":"tag-fil-info-sport","11":"tag-football","12":"tag-fr","13":"tag-france","14":"tag-ligue-2-football","15":"tag-loire","16":"tag-sport","17":"tag-sport-national","18":"tag-sports","19":"tag-television-medias"},"share_on_mastodon":{"url":"https:\/\/pubeurope.com\/@fr\/115009282748861097","error":""},"_links":{"self":[{"href":"https:\/\/www.europesays.com\/fr\/wp-json\/wp\/v2\/posts\/311203","targetHints":{"allow":["GET"]}}],"collection":[{"href":"https:\/\/www.europesays.com\/fr\/wp-json\/wp\/v2\/posts"}],"about":[{"href":"https:\/\/www.europesays.com\/fr\/wp-json\/wp\/v2\/types\/post"}],"author":[{"embeddable":true,"href":"https:\/\/www.europesays.com\/fr\/wp-json\/wp\/v2\/users\/2"}],"replies":[{"embeddable":true,"href":"https:\/\/www.europesays.com\/fr\/wp-json\/wp\/v2\/comments?post=311203"}],"version-history":[{"count":0,"href":"https:\/\/www.europesays.com\/fr\/wp-json\/wp\/v2\/posts\/311203\/revisions"}],"wp:featuredmedia":[{"embeddable":true,"href":"https:\/\/www.europesays.com\/fr\/wp-json\/wp\/v2\/media\/311204"}],"wp:attachment":[{"href":"https:\/\/www.europesays.com\/fr\/wp-json\/wp\/v2\/media?parent=311203"}],"wp:term":[{"taxonomy":"category","embeddable":true,"href":"https:\/\/www.europesays.com\/fr\/wp-json\/wp\/v2\/categories?post=311203"},{"taxonomy":"post_tag","embeddable":true,"href":"https:\/\/www.europesays.com\/fr\/wp-json\/wp\/v2\/tags?post=311203"}],"curies":[{"name":"wp","href":"https:\/\/api.w.org\/{rel}","templated":true}]}}