{"id":311205,"date":"2025-08-11T08:52:10","date_gmt":"2025-08-11T08:52:10","guid":{"rendered":"https:\/\/www.europesays.com\/fr\/311205\/"},"modified":"2025-08-11T08:52:10","modified_gmt":"2025-08-11T08:52:10","slug":"cette-animatrice-qui-pourra","status":"publish","type":"post","link":"https:\/\/www.europesays.com\/fr\/311205\/","title":{"rendered":"cette animatrice qui pourra &#8230;"},"content":{"rendered":"<p>EN BREF<\/p>\n<ul class=\"bloc_resume_post_list\">\n<li>Karine Ferri quitte TF1 apr\u00e8s plus de dix ans, confirmant<br \/>\nson d\u00e9part sur Instagram le 28 juillet, pour rejoindre RMC Story et<br \/>\nRMC D\u00e9couverte.<\/li>\n<li>Ana\u00efs Grangerac, qui a co-anim\u00e9 Ninja Warrior, pourrait<br \/>\nremplacer Karine Ferri sur TF1, bien qu\u00a0\u00bbelle n&rsquo;ait pas encore \u00e9t\u00e9<br \/>\ninform\u00e9e officiellement.<\/li>\n<li>Karine Ferri exprime son enthousiasme pour ses nouveaux<br \/>\nprojets sur RMC, tandis qu&rsquo;Ana\u00efs Grangerac envisage son avenir chez<br \/>\nTF1 avec ambition.<\/li>\n<\/ul>\n<p data-start=\"62\" data-end=\"467\">Apr\u00e8s plus de dix ans pass\u00e9s sur<br \/>\nTF1 et une derni\u00e8re saison de The Voice Kids d\u00e9j\u00e0 boucl\u00e9e, <a href=\"https:\/\/www.telestar.fr\/actu_tv\/karine-ferri-quitte-tf1-cest-officiel-mais-le-message-de-sa-nouvelle-chaine-laisse-pantois-1733031\" target=\"_blank\" rel=\"noopener\"><br \/>\nKarine Ferri<\/a> s\u2019appr\u00eate \u00e0 quitter la cha\u00eene. Cette information,<br \/>\nr\u00e9v\u00e9l\u00e9e par T\u00e9l\u00e9-Loisirs le 28 juillet, a rapidement \u00e9t\u00e9 confirm\u00e9e<br \/>\npar l\u2019int\u00e9ress\u00e9e via Instagram. L\u2019ex-compagne de Gr\u00e9gory Lemarchal,<br \/>\naujourd\u2019hui en couple avec <a href=\"https:\/\/www.telestar.fr\/people\/karine-ferri-son-hommage-inatendu-a-son-mari-yoann-gourcuff-558989\" target=\"_blank\" rel=\"noopener\"><br \/>\nYoann Gourcuff<\/a>, va d\u00e9sormais rejoindre les \u00e9quipes de RMC Story<br \/>\net RMC D\u00e9couverte.<\/p>\n<p data-start=\"469\" data-end=\"1027\">La question se pose alors : qui<br \/>\nprendra sa place sur TF1 ? Ana\u00efs Grangerac pourrait bien \u00eatre la<br \/>\ncandidate id\u00e9ale. La pr\u00e9sentatrice de 37 ans a r\u00e9cemment assur\u00e9<br \/>\nl\u2019int\u00e9rim d\u2019<a href=\"https:\/\/www.telestar.fr\/people\/iris-mittenaere-apres-leur-rupture-explosive-diego-el-glaoui-en-dit-plus-sur-leurs-moments-de-tensions-1733933\" target=\"_blank\" rel=\"noopener\">Iris<br \/>\nMittenaere<\/a> \u00e0 la co-animation de <strong>Ninja Warrior<\/strong>, dont la saison s\u2019est<br \/>\nachev\u00e9e ce vendredi 8 ao\u00fbt. Une belle vitrine pour celle qui se dit<br \/>\npr\u00eate \u00e0 remettre le couvert si une nouvelle saison du jeu<br \/>\nd\u2019aventures se pr\u00e9sente.<\/p>\n<p>Karine Ferri fait ses adieux \u00e0 TF1<\/p>\n<p data-start=\"0\" data-end=\"434\">D\u00e8s la rentr\u00e9e, elle partagera<br \/>\nl\u2019antenne avec Vincent Moscato, Estelle Denis et <a href=\"https:\/\/www.telestar.fr\/actu_tv\/fort-boyard-vincent-lagaf-pressenti-pour-remplacer-olivier-minne-on-ma-propose-1724029\" target=\"_blank\" rel=\"noopener\"><br \/>\nVincent Lagaf\u2019<\/a>, animant des programmes t\u00e9moignages sur RMC<br \/>\nStory et RMC D\u00e9couverte. Elle interviendra sur des \u00e9missions<br \/>\nfamiliales au c\u0153ur du projet de redynamisation port\u00e9 par<br \/>\n<strong>Rodolphe Saad\u00e9<\/strong>, nouveau patron du groupe. Avec<br \/>\nenthousiasme, Karine Ferri a exprim\u00e9 son bonheur de ce nouveau<br \/>\nd\u00e9part : \u00ab\u00a0Je suis tr\u00e8s heureuse de rejoindre les cha\u00eenes RMC et<br \/>\nd&rsquo;ouvrir une <strong>nouvelle page avec des projets qui me<br \/>\nressemblent<\/strong>, \u00e0 la fois utiles, accessibles et tourn\u00e9s vers<br \/>\nles autres\u00a0\u00bb.<\/p>\n<p data-start=\"0\" data-end=\"434\">Elle a ajout\u00e9 : \u00ab\u00a0Apr\u00e8s treize<br \/>\nann\u00e9es riches, intenses et profond\u00e9ment formatrices, <strong>j&rsquo;ai<br \/>\nd\u00e9cid\u00e9 de quitter le groupe TF1<\/strong> et de relever un nouveau<br \/>\nchallenge en tournant cette page importante de ma carri\u00e8re<br \/>\nprofessionnelle. Aujourd&rsquo;hui, je suis heureuse et fi\u00e8re d&rsquo;ouvrir un<br \/>\nnouveau chapitre, en rejoignant les cha\u00eenes @rmcstorytv<br \/>\n@rmcdecouverte et @rmc_bfm_play o\u00f9 de nouveaux d\u00e9fis m&rsquo;attendent,<br \/>\nport\u00e9s par un<strong>e dynamique \u00e9ditoriale ambitieuse<\/strong> et<br \/>\ndes valeurs qui correspondent pleinement \u00e0 mes aspirations et ma<br \/>\nvision du m\u00e9tier\u00a0\u00bb.<\/p>\n<p>Ana\u00efs Grangerac se confie sur<br \/>\nses ambitions<\/p>\n<p data-start=\"101\" data-end=\"522\">Le d\u00e9part de Karine Ferri<br \/>\npourrait bien ouvrir des portes \u00e0 <a href=\"https:\/\/www.telestar.fr\/people\/anais-grangerac-est-elle-en-couple-1728141\" target=\"_blank\" rel=\"noopener\"><br \/>\nAna\u00efs Grangerac<\/a>, \u00e9galement co-animatrice de Ninja Warrior. Lors d\u2019une interview<br \/>\naccord\u00e9e au <a href=\"https:\/\/www.leparisien.fr\/culture-loisirs\/tv\/je-veux-devenir-un-des-visages-emblematiques-de-tf-1-anais-grangerac-lanimatrice-qui-monte-08-08-2025-ALC3SBRO6ZBWRFRHDMLZPPZMII.php\" target=\"_blank\" rel=\"noopener\"><br \/>\nParisien<\/a> le vendredi 8 ao\u00fbt, la pr\u00e9sentatrice de 37 ans a<br \/>\nr\u00e9v\u00e9l\u00e9 qu\u2019elle ignorait compl\u00e8tement le projet de d\u00e9part de son<br \/>\namie. \u00ab\u00a0Je n\u2019\u00e9tais pas au courant qu\u2019elle partait. <strong>Je<br \/>\nsalue l\u2019initiative, la prise de risque<\/strong>\u00ab\u00a0, a-t-elle<br \/>\nd\u2019abord confi\u00e9, pleine d\u2019admiration.<\/p>\n<p data-start=\"524\" data-end=\"806\">Elle a ensuite abord\u00e9 les<br \/>\nr\u00e9percussions de ce d\u00e9part : \u00ab\u00a0\u00c9videmment<strong>, il y a des<br \/>\nprogrammes qu\u2019elle incarnait qui vont \u00eatre vacants<\/strong>. Je ne<br \/>\nme suis pas pench\u00e9e sur la question. Si TF1 veut en parler \u00e0 la<br \/>\nrentr\u00e9e, on le fera avec plaisir, mais l\u00e0, je vais d\u00e9j\u00e0 partir en<br \/>\nvacances !\u00a0\u00bb. Ana\u00efs Grangerac s\u2019est \u00e9galement exprim\u00e9e sur ses<br \/>\nambitions. Attach\u00e9e au groupe TF1, elle ne se voit pas ailleurs :<br \/>\n\u00ab\u00a0Mon objectif c\u2019est de <strong>devenir l\u2019un des visages<br \/>\nincontournables du groupe TF1<\/strong> dans les ann\u00e9es \u00e0 venir.<br \/>\nMais je ne veux pas br\u00fbler les \u00e9tapes. J\u2019ai encore plein de choses<br \/>\n\u00e0 apprendre\u00a0\u00bb, a-t-elle d\u00e9clar\u00e9.<\/p>\n","protected":false},"excerpt":{"rendered":"EN BREF Karine Ferri quitte TF1 apr\u00e8s plus de dix ans, confirmant son d\u00e9part sur Instagram le 28&hellip;\n","protected":false},"author":2,"featured_media":311206,"comment_status":"","ping_status":"","sticky":false,"template":"","format":"standard","meta":{"footnotes":""},"categories":[1359],"tags":[548,58,59,1011,27,36612,973],"class_list":{"0":"post-311205","1":"post","2":"type-post","3":"status-publish","4":"format-standard","5":"has-post-thumbnail","7":"category-people","8":"tag-article-simple","9":"tag-divertissement","10":"tag-entertainment","11":"tag-fr","12":"tag-france","13":"tag-karine-ferri","14":"tag-people"},"share_on_mastodon":{"url":"https:\/\/pubeurope.com\/@fr\/115009286562345053","error":""},"_links":{"self":[{"href":"https:\/\/www.europesays.com\/fr\/wp-json\/wp\/v2\/posts\/311205","targetHints":{"allow":["GET"]}}],"collection":[{"href":"https:\/\/www.europesays.com\/fr\/wp-json\/wp\/v2\/posts"}],"about":[{"href":"https:\/\/www.europesays.com\/fr\/wp-json\/wp\/v2\/types\/post"}],"author":[{"embeddable":true,"href":"https:\/\/www.europesays.com\/fr\/wp-json\/wp\/v2\/users\/2"}],"replies":[{"embeddable":true,"href":"https:\/\/www.europesays.com\/fr\/wp-json\/wp\/v2\/comments?post=311205"}],"version-history":[{"count":0,"href":"https:\/\/www.europesays.com\/fr\/wp-json\/wp\/v2\/posts\/311205\/revisions"}],"wp:featuredmedia":[{"embeddable":true,"href":"https:\/\/www.europesays.com\/fr\/wp-json\/wp\/v2\/media\/311206"}],"wp:attachment":[{"href":"https:\/\/www.europesays.com\/fr\/wp-json\/wp\/v2\/media?parent=311205"}],"wp:term":[{"taxonomy":"category","embeddable":true,"href":"https:\/\/www.europesays.com\/fr\/wp-json\/wp\/v2\/categories?post=311205"},{"taxonomy":"post_tag","embeddable":true,"href":"https:\/\/www.europesays.com\/fr\/wp-json\/wp\/v2\/tags?post=311205"}],"curies":[{"name":"wp","href":"https:\/\/api.w.org\/{rel}","templated":true}]}}