{"id":311209,"date":"2025-08-11T08:54:11","date_gmt":"2025-08-11T08:54:11","guid":{"rendered":"https:\/\/www.europesays.com\/fr\/311209\/"},"modified":"2025-08-11T08:54:11","modified_gmt":"2025-08-11T08:54:11","slug":"un-normand-a-decouvert-la-foire-aux-livres-damnesty-international","status":"publish","type":"post","link":"https:\/\/www.europesays.com\/fr\/311209\/","title":{"rendered":"un Normand a d\u00e9couvert la foire aux livres d\u2019Amnesty International"},"content":{"rendered":"<p>Dimanche 3\u00a0ao\u00fbt, au milieu de l\u2019apr\u00e8s-midi, Pierre, en vill\u00e9giature en Lot-et-Garonne, a d\u00e9ambul\u00e9 dans les all\u00e9es de la foire aux livres, organis\u00e9e par Amnesty International. Pendant ce temps, \u00e0 deux pas de l\u00e0, ses petits enfants ont d\u00e9gust\u00e9 une glace avec leur grand-m\u00e8re. Entre la place Sainte-Foy et les jardins du Belv\u00e9d\u00e8re, dans le bourg m\u00e9di\u00e9val, l\u2019association non gouvernementale a install\u00e9 sa biblioth\u00e8que \u00e0 ciel ouvert.<\/p>\n<p>Des livres pour tous<\/p>\n<p>Des milliers d\u2019ouvrages, la plupart sauv\u00e9s du pilon par les b\u00e9n\u00e9voles d\u2019Amnesty International, sont \u00e9tal\u00e9s sur les rayonnages. Le long des stands, l\u2019ancien cadre de l\u2019industrie automobile, aujourd\u2019hui \u00e0 la retraite, laisse tra\u00eener le regard sans but pr\u00e9cis. \u00ab\u00a0Le Capital\u00a0\u00bb de Karl Marx lui a rappel\u00e9 les ann\u00e9es 70, du temps o\u00f9, sur le campus de Jussieu (aujourd\u2019hui campus Pierre et Marie Curie), haut lieu de la lutte estudiantine de Mai 68, il poursuivait des \u00e9tudes sup\u00e9rieures.<\/p>\n<p>\u00c0 cette \u00e9poque, il se sentait d\u00e9j\u00e0 concern\u00e9 par les droits de l\u2019Homme. Aujourd\u2019hui, il parle plut\u00f4t de droits des opprim\u00e9s, \u00ab\u00a0de tous ceux qui, \u00e0 travers le monde, sont pers\u00e9cut\u00e9s et priv\u00e9s des droits fondamentaux auquel tout \u00eatre humain peut pr\u00e9tendre\u00a0\u00bb. Pierre l\u2019admet\u00a0: il pourrait \u00eatre membre de l\u2019organisation non gouvernementale.<\/p>\n<p>Les petits enfants ont termin\u00e9 leur glace en feuilletant studieusement quelques bandes dessin\u00e9es. Leur grand-m\u00e8re a parcouru des anciens num\u00e9ros de \u00ab\u00a0Vogue\u00a0\u00bb, ce magazine am\u00e9ricain diffus\u00e9 dans le monde entier. Pierre, lui, a sign\u00e9 quelques p\u00e9titions avant de poursuivre son inventaire. Un ouvrage sur le cin\u00e9ma italien, consacr\u00e9 plus particuli\u00e8rement \u00e0 Federico Fellini, le pape du n\u00e9or\u00e9alisme, a retenu son attention. Il reconna\u00eet \u00e9galement vouer une admiration \u00e0 Luchino Visconti pour son film \u00ab\u00a0Mort \u00e0 Venise\u00a0\u00bb. Quatre euros pour les deux bouquins. La visite est termin\u00e9e. Le Normand a tendu un billet et n\u2019a pas attendu la monnaie.<\/p>\n","protected":false},"excerpt":{"rendered":"Dimanche 3\u00a0ao\u00fbt, au milieu de l\u2019apr\u00e8s-midi, Pierre, en vill\u00e9giature en Lot-et-Garonne, a d\u00e9ambul\u00e9 dans les all\u00e9es de la&hellip;\n","protected":false},"author":2,"featured_media":311210,"comment_status":"","ping_status":"","sticky":false,"template":"","format":"standard","meta":{"footnotes":""},"categories":[1357],"tags":[1379,58,59,1011,27,1380],"class_list":{"0":"post-311209","1":"post","2":"type-post","3":"status-publish","4":"format-standard","5":"has-post-thumbnail","7":"category-livres","8":"tag-books","9":"tag-divertissement","10":"tag-entertainment","11":"tag-fr","12":"tag-france","13":"tag-livres"},"share_on_mastodon":{"url":"https:\/\/pubeurope.com\/@fr\/115009294563224132","error":""},"_links":{"self":[{"href":"https:\/\/www.europesays.com\/fr\/wp-json\/wp\/v2\/posts\/311209","targetHints":{"allow":["GET"]}}],"collection":[{"href":"https:\/\/www.europesays.com\/fr\/wp-json\/wp\/v2\/posts"}],"about":[{"href":"https:\/\/www.europesays.com\/fr\/wp-json\/wp\/v2\/types\/post"}],"author":[{"embeddable":true,"href":"https:\/\/www.europesays.com\/fr\/wp-json\/wp\/v2\/users\/2"}],"replies":[{"embeddable":true,"href":"https:\/\/www.europesays.com\/fr\/wp-json\/wp\/v2\/comments?post=311209"}],"version-history":[{"count":0,"href":"https:\/\/www.europesays.com\/fr\/wp-json\/wp\/v2\/posts\/311209\/revisions"}],"wp:featuredmedia":[{"embeddable":true,"href":"https:\/\/www.europesays.com\/fr\/wp-json\/wp\/v2\/media\/311210"}],"wp:attachment":[{"href":"https:\/\/www.europesays.com\/fr\/wp-json\/wp\/v2\/media?parent=311209"}],"wp:term":[{"taxonomy":"category","embeddable":true,"href":"https:\/\/www.europesays.com\/fr\/wp-json\/wp\/v2\/categories?post=311209"},{"taxonomy":"post_tag","embeddable":true,"href":"https:\/\/www.europesays.com\/fr\/wp-json\/wp\/v2\/tags?post=311209"}],"curies":[{"name":"wp","href":"https:\/\/api.w.org\/{rel}","templated":true}]}}