{"id":311211,"date":"2025-08-11T08:55:17","date_gmt":"2025-08-11T08:55:17","guid":{"rendered":"https:\/\/www.europesays.com\/fr\/311211\/"},"modified":"2025-08-11T08:55:17","modified_gmt":"2025-08-11T08:55:17","slug":"la-nouvelle-chaine-tv-francaise-originale-mieux-debarquera-sur-les-box-des-operateurs-a-partir-de-la-rentree-dabord-chez-orange","status":"publish","type":"post","link":"https:\/\/www.europesays.com\/fr\/311211\/","title":{"rendered":"La nouvelle cha\u00eene TV fran\u00e7aise originale \u00ab\u00a0Mieux\u00a0\u00bb d\u00e9barquera sur les box des op\u00e9rateurs \u00e0 partir de la rentr\u00e9e, d\u2019abord chez Orange"},"content":{"rendered":"<p>                                                                                                                                    <img decoding=\"async\" width=\"800\" height=\"450\" src=\"https:\/\/www.europesays.com\/fr\/wp-content\/uploads\/2025\/08\/Capture-de\u0301cran-2025-08-11-a\u0300-09.29.15-800x450-c-default.png\" class=\"featured-image tease-featured-image \" alt=\"La nouvelle cha\u00eene TV fran\u00e7aise originale \u201cMieux\u201d d\u00e9barquera sur les box des op\u00e9rateurs \u00e0 partir de la rentr\u00e9e, d\u2019abord chez Orange\" fetchpriority=\"high\"\/><\/p>\n<p><strong><a href=\"https:\/\/www.universfreebox.com\/article\/584869\/ligue-1-top-depart-pour-les-abonnements-sur-les-freebox-de-free\" rel=\"nofollow noopener\" target=\"_blank\">D\u2019abord pr\u00e9vue en juin,<\/a> la nouvelle cha\u00eene 100% sant\u00e9 anti-d\u00e9sinformation port\u00e9e par Michel Cymes verra le jour le 1er septembre.\u00a0<\/strong><\/p>\n<p data-start=\"267\" data-end=\"682\">Michel Cymes, m\u00e9decin et figure embl\u00e9matique du petit \u00e9cran, concr\u00e9tise un projet qu\u2019il porte depuis plusieurs mois : une cha\u00eene 100 % sant\u00e9, baptis\u00e9e Mieux. Lancement pr\u00e9vu le 1er septembre, avec une premi\u00e8re diffusion sur la box d\u2019Orange, avant un d\u00e9ploiement chez Free, SFR et Bouygues Telecom, ainsi que sur l\u2019application France.tv via un espace d\u00e9di\u00e9 proposant flux en direct et programmes en replay, r\u00e9v\u00e8le <a href=\"https:\/\/www.lefigaro.fr\/medias\/michel-cymes-lance-mieux-une-chaine-tele-militante-qui-represente-la-science-20250810#:~:text=R%C3%A9serv%C3%A9%20aux%20abonn%C3%A9s-,Michel%20Cymes%20lance%20Mieux%2C%20%C2%ABune%20cha%C3%AEne%20t%C3%A9l%C3%A9,militante%20qui%20repr%C3%A9sente%20la%20science%C2%BB&amp;text=Cette%20cha%C3%AEne%20100%25%20sant%C3%A9%20sera,%C3%A9mission%20%C2%ABMieux%20ou%20Bien%C2%BB.\" rel=\"nofollow noopener\" target=\"_blank\">Le Figaro.<\/a><\/p>\n<p>Co-fond\u00e9e avec Val\u00e9rie Bruschini, Franck Papazian et Pierre Fraidenraich, Mieux revendique un ADN militant : combattre la d\u00e9sinformation m\u00e9dicale, offrir une information fiable et scientifiquement valid\u00e9e, et s\u2019adresser \u00e0 tous les publics. Au programme : sant\u00e9 des femmes, des seniors et des jeunes, sant\u00e9 au travail, handicap, alimentation ou encore bien-\u00eatre animal. Quinze \u00e9missions seront propos\u00e9es d\u00e8s le lancement, avec quatre heures de contenus in\u00e9dits par jour et une mont\u00e9e en puissance progressive.<\/p>\n<p>La cha\u00eene impose une \u00e9thique publicitaire stricte : pas de financement direct par les laboratoires ni de publicit\u00e9 pour les sodas, mais des partenariats possibles pour des campagnes de sant\u00e9 publique. Les parrains initiaux incluent Carrefour, Veolia, Malakoff Humanis et WeCare.<\/p>\n<p>Pens\u00e9e comme un \u00ab proof of concept \u00bb avant une nouvelle candidature \u00e0 la TNT gratuite \u00e0 l\u2019heure o\u00f9 <a href=\"https:\/\/www.universfreebox.com\/article\/580828\/tnt-larcom-envisage-de-nouveaux-services-gratuits-pour-remplacer-les-4-chaines-payantes-de-canal\" rel=\"nofollow noopener\" target=\"_blank\">l\u2019Arcom envisage de nouveaux services gratuits<\/a> pour remplacer les 4 cha\u00eenes payantes de Canal+ , Mieux \u00a0veut aussi investir le terrain num\u00e9rique, notamment via un partenariat avec Webedia et des passerelles avec le m\u00e9dia Dr.Good! pour adapter ses contenus aux r\u00e9seaux sociaux et toucher un public plus jeune.<\/p>\n<p class=\"view_none\" style=\"color:red\"><a style=\"color:red\" href=\"https:\/\/www.universfreebox.com\/article\/584878\/la-nouvelle-chaine-tv-francaise-originale-mieux-debarquera-sur-les-box-des-operateurs-a-partir-de-la-rentree-dabord-chez-orange\" rel=\"nofollow noopener\" target=\"_blank\">Cet article a \u00e9t\u00e9 repris sur le site Univers FreeBox<\/a> <\/p>\n","protected":false},"excerpt":{"rendered":"D\u2019abord pr\u00e9vue en juin, la nouvelle cha\u00eene 100% sant\u00e9 anti-d\u00e9sinformation port\u00e9e par Michel Cymes verra le jour le&hellip;\n","protected":false},"author":2,"featured_media":311212,"comment_status":"","ping_status":"","sticky":false,"template":"","format":"standard","meta":{"footnotes":""},"categories":[1356],"tags":[58,59,1011,27,252,1364],"class_list":{"0":"post-311211","1":"post","2":"type-post","3":"status-publish","4":"format-standard","5":"has-post-thumbnail","7":"category-television","8":"tag-divertissement","9":"tag-entertainment","10":"tag-fr","11":"tag-france","12":"tag-television","13":"tag-tv"},"share_on_mastodon":{"url":"https:\/\/pubeurope.com\/@fr\/115009299007298410","error":""},"_links":{"self":[{"href":"https:\/\/www.europesays.com\/fr\/wp-json\/wp\/v2\/posts\/311211","targetHints":{"allow":["GET"]}}],"collection":[{"href":"https:\/\/www.europesays.com\/fr\/wp-json\/wp\/v2\/posts"}],"about":[{"href":"https:\/\/www.europesays.com\/fr\/wp-json\/wp\/v2\/types\/post"}],"author":[{"embeddable":true,"href":"https:\/\/www.europesays.com\/fr\/wp-json\/wp\/v2\/users\/2"}],"replies":[{"embeddable":true,"href":"https:\/\/www.europesays.com\/fr\/wp-json\/wp\/v2\/comments?post=311211"}],"version-history":[{"count":0,"href":"https:\/\/www.europesays.com\/fr\/wp-json\/wp\/v2\/posts\/311211\/revisions"}],"wp:featuredmedia":[{"embeddable":true,"href":"https:\/\/www.europesays.com\/fr\/wp-json\/wp\/v2\/media\/311212"}],"wp:attachment":[{"href":"https:\/\/www.europesays.com\/fr\/wp-json\/wp\/v2\/media?parent=311211"}],"wp:term":[{"taxonomy":"category","embeddable":true,"href":"https:\/\/www.europesays.com\/fr\/wp-json\/wp\/v2\/categories?post=311211"},{"taxonomy":"post_tag","embeddable":true,"href":"https:\/\/www.europesays.com\/fr\/wp-json\/wp\/v2\/tags?post=311211"}],"curies":[{"name":"wp","href":"https:\/\/api.w.org\/{rel}","templated":true}]}}