{"id":311213,"date":"2025-08-11T08:56:22","date_gmt":"2025-08-11T08:56:22","guid":{"rendered":"https:\/\/www.europesays.com\/fr\/311213\/"},"modified":"2025-08-11T08:56:22","modified_gmt":"2025-08-11T08:56:22","slug":"milo-silvestro-revient-sur-son-arrivee-au-sein-de-fear-factory","status":"publish","type":"post","link":"https:\/\/www.europesays.com\/fr\/311213\/","title":{"rendered":"Milo Silvestro revient sur son arriv\u00e9e au sein de Fear Factory"},"content":{"rendered":"<p><strong>Milo Silvestro savoure chaque instant au sein de <a href=\"https:\/\/www.metalzone.fr\/fear-factory\/\" rel=\"nofollow noopener\" target=\"_blank\">Fear Factory<\/a>, un groupe dont il \u00e9tait fan bien avant de d\u00e9crocher le poste de chanteur, tout en pr\u00e9parant activement le prochain album attendu en 2026.<\/strong><\/p>\n<p>Milo Silvestro, de fan \u00e0 frontman<\/p>\n<p>Lors d\u2019un entretien avec le <a href=\"https:\/\/www.youtube.com\/watch?v=STSZGpE_i-g\" target=\"_blank\" rel=\"nofollow noopener\">Mike James Rock Show<\/a> depuis le Bloodstock Open Air, Milo Silvestro est revenu sur ces deux derni\u00e8res ann\u00e9es pass\u00e9es sur la route avec Fear Factory. L\u2019Italien se dit reconnaissant envers les spectateurs qui l\u2019ont accueilli chaleureusement : \u201cC\u2019est un h\u00e9ritage colossal et nous faisons de notre mieux pour l\u2019honorer\u201d. Pour la tourn\u00e9e actuelle d\u00e9di\u00e9e aux 30 ans de Demanufacture, il a travaill\u00e9 \u00e0 reproduire fid\u00e8lement chaque nuance vocale de <a href=\"https:\/\/www.metalzone.fr\/burton-c-bell\/\" rel=\"nofollow noopener\" target=\"_blank\">Burton C. Bell<\/a>, tout en y int\u00e9grant quelques touches personnelles.<\/p>\n<p>Silvestro confie que la situation reste \u201csurr\u00e9aliste\u201d : \u201cJ\u2019ai toujours \u00e9t\u00e9 un fan inconditionnel. C\u2019\u00e9tait plus qu\u2019un r\u00eave, \u00e7a d\u00e9passe tout ce que j\u2019aurais pu imaginer\u201d. Rep\u00e9r\u00e9 pendant la pand\u00e9mie gr\u00e2ce \u00e0 ses reprises post\u00e9es en ligne, il a \u00e9t\u00e9 choisi parmi plus de 300 candidatures, comme l\u2019avait d\u00e9j\u00e0 racont\u00e9 Dino Cazares (<a href=\"https:\/\/www.metalzone.fr\/news\/218764-fear-factory-nouvel-album-milo-silvestro-2026\/\" target=\"_blank\" rel=\"noopener nofollow\">dans cet article<\/a>).<\/p>\n<p>Un nouvel album en ligne de mire<\/p>\n<p>Le guitariste a r\u00e9cemment confirm\u00e9 que le prochain disque para\u00eetra en 2026, avec la possibilit\u00e9 d\u2019un premier extrait d\u2019ici la fin de l\u2019ann\u00e9e. Ce sera le premier album de Fear Factory avec Silvestro au chant, un projet sur lequel le groupe travaille en parall\u00e8le de sa tourn\u00e9e europ\u00e9enne <a href=\"https:\/\/www.metalzone.fr\/news\/217785-fear-factory-hommage-demanufacture-premier-concert-tournee\/\" target=\"_blank\" rel=\"noopener nofollow\">comme \u00e9voqu\u00e9 ici<\/a>. Le chanteur, \u00e9galement clavi\u00e9riste et compositeur, apporte une dimension suppl\u00e9mentaire m\u00ealant influences <a href=\"https:\/\/www.metalzone.fr\/groove-metal\/\" rel=\"nofollow noopener\" target=\"_blank\">groove metal<\/a> et \u00e9lectro, le tout rehauss\u00e9 par \u201cla contribution d\u2019une \u00e9quipe de dingue\u201d comme il le disait <a href=\"https:\/\/www.metalzone.fr\/news\/215803-milo-silvestro-nouvelles-prochain-album-fear-factory\/\" target=\"_blank\" rel=\"noopener nofollow\">dans une pr\u00e9c\u00e9dente interview<\/a>.<\/p>\n<p>En attendant, la tourn\u00e9e anniversaire de Demanufacture se poursuit cet \u00e9t\u00e9, avec des passages pr\u00e9vus en Suisse, au Luxembourg et en France, notamment au <a href=\"https:\/\/www.metalzone.fr\/motocultor-festival\/\" rel=\"nofollow noopener\" target=\"_blank\">Motocultor Festival<\/a>.<\/p><\/p>\n","protected":false},"excerpt":{"rendered":"Milo Silvestro savoure chaque instant au sein de Fear Factory, un groupe dont il \u00e9tait fan bien avant&hellip;\n","protected":false},"author":2,"featured_media":44169,"comment_status":"","ping_status":"","sticky":false,"template":"","format":"standard","meta":{"footnotes":""},"categories":[1355],"tags":[58,59,1011,27,1361,873],"class_list":{"0":"post-311213","1":"post","2":"type-post","3":"status-publish","4":"format-standard","5":"has-post-thumbnail","7":"category-musique","8":"tag-divertissement","9":"tag-entertainment","10":"tag-fr","11":"tag-france","12":"tag-music","13":"tag-musique"},"share_on_mastodon":{"url":"https:\/\/pubeurope.com\/@fr\/115009302325095035","error":""},"_links":{"self":[{"href":"https:\/\/www.europesays.com\/fr\/wp-json\/wp\/v2\/posts\/311213","targetHints":{"allow":["GET"]}}],"collection":[{"href":"https:\/\/www.europesays.com\/fr\/wp-json\/wp\/v2\/posts"}],"about":[{"href":"https:\/\/www.europesays.com\/fr\/wp-json\/wp\/v2\/types\/post"}],"author":[{"embeddable":true,"href":"https:\/\/www.europesays.com\/fr\/wp-json\/wp\/v2\/users\/2"}],"replies":[{"embeddable":true,"href":"https:\/\/www.europesays.com\/fr\/wp-json\/wp\/v2\/comments?post=311213"}],"version-history":[{"count":0,"href":"https:\/\/www.europesays.com\/fr\/wp-json\/wp\/v2\/posts\/311213\/revisions"}],"wp:featuredmedia":[{"embeddable":true,"href":"https:\/\/www.europesays.com\/fr\/wp-json\/wp\/v2\/media\/44169"}],"wp:attachment":[{"href":"https:\/\/www.europesays.com\/fr\/wp-json\/wp\/v2\/media?parent=311213"}],"wp:term":[{"taxonomy":"category","embeddable":true,"href":"https:\/\/www.europesays.com\/fr\/wp-json\/wp\/v2\/categories?post=311213"},{"taxonomy":"post_tag","embeddable":true,"href":"https:\/\/www.europesays.com\/fr\/wp-json\/wp\/v2\/tags?post=311213"}],"curies":[{"name":"wp","href":"https:\/\/api.w.org\/{rel}","templated":true}]}}