{"id":311214,"date":"2025-08-11T08:57:20","date_gmt":"2025-08-11T08:57:20","guid":{"rendered":"https:\/\/www.europesays.com\/fr\/311214\/"},"modified":"2025-08-11T08:57:20","modified_gmt":"2025-08-11T08:57:20","slug":"ce-film-de-science-fiction-classe-en-france-reussit-lexploit-detre-recommande-a-4","status":"publish","type":"post","link":"https:\/\/www.europesays.com\/fr\/311214\/","title":{"rendered":"Ce film de science-fiction class\u00e9 en France r\u00e9ussit l&rsquo;exploit d&rsquo;\u00eatre recommand\u00e9\u2026 \u00e0 4%"},"content":{"rendered":"<p>Ce film de science-fiction adapt\u00e9 d&rsquo;un chef-d&rsquo;\u0153uvre litt\u00e9raire est arriv\u00e9 au sommet des programmes les plus visionn\u00e9s sur Prime Video. S&rsquo;il continue de rencontrer le succ\u00e8s aupr\u00e8s des abonn\u00e9s de la plateforme, le long-m\u00e9trage est pourtant loin d&rsquo;avoir convaincu la presse sp\u00e9cialis\u00e9e.<\/p>\n<p>Les passionn\u00e9s de science-fiction \u00e9taient s\u00fbrement ravis de d\u00e9couvrir la nouvelle production originale de <a href=\"https:\/\/www.programme-tv.net\/guide-amazon\/\" target=\"_blank\" rel=\"noopener\"><b>Prime Video<\/b><\/a>. Mis en ligne le 30 juillet dernier, <a href=\"https:\/\/www.programme-tv.net\/news\/cinema\/384479-le-pire-que-j-ai-jamais-vu-ce-film-de-science-fiction-vient-d-arriver-sur-prime-video-et-les-internautes-sont-sans-pitie\/\" data-api-deeplink=\"teleloisirs:\/\/news\/384479\" target=\"_blank\" rel=\"noopener\">La Guerre des mondes<\/a> narre l&rsquo;histoire de Will Radford (<a href=\"https:\/\/www.programme-tv.net\/biographie\/4712-ice-cube\/\" data-link-people=\"b5252217-dff3-4ce0-a294-a7e3fd05158e\" target=\"_blank\" rel=\"noopener\">Ice Cube<\/a>), un analyste en s\u00e9curit\u00e9 informatique travaillant pour le d\u00e9partement de la S\u00e9curit\u00e9 int\u00e9rieure. Ce dernier passe ses journ\u00e9es \u00e0 traquer les menaces potentielles sur la cybers\u00e9curit\u00e9 et \u00e0 veiller sur ses enfants Faith et Dave via des cam\u00e9ras de surveillance. Mais le p\u00e8re de famille voit sa vie basculer par une attaque de Martiens dot\u00e9s d&rsquo;une intelligence et d&rsquo;une technologie sup\u00e9rieures \u00e0 la race humaine. \u00c0 la suite de cette attaque, Will commence \u00e0 remettre en question ses convictions et se demande si le gouvernement ne les a pas manipul\u00e9s, lui et le reste du monde. <b>La nouvelle version du roman de H.G. Wells a rapidement attir\u00e9 l&rsquo;attention des abonn\u00e9s de Prime Video et s&rsquo;est hiss\u00e9e au sommet des films les plus regard\u00e9s<\/b>, avant <a href=\"https:\/\/www.programme-tv.net\/news\/cinema\/385104-c-est-le-film-le-plus-vu-du-moment-sur-prime-video-et-il-ne-dure-qu-1h36\/\" data-api-deeplink=\"teleloisirs:\/\/news\/385104\" target=\"_blank\" rel=\"noopener\">d&rsquo;\u00eatre d\u00e9tr\u00f4n\u00e9e par une com\u00e9die port\u00e9e par Eddie Murphy<\/a>. <b>Une aubaine pour ce film qui a obtenu le tr\u00e8s faible score de 4% sur <\/b><a href=\"https:\/\/www.rottentomatoes.com\/m\/war_of_the_worlds_2025\" target=\"_blank\" rel=\"noopener\"><b>Rotten Tomatoes<\/b><\/a>.<\/p>\n<p>                        <b>La Guerre des mondes <\/b><b>: un film de science-fiction loin d&rsquo;avoir convaincu la presse am\u00e9ricaine<\/b><\/p>\n<p>Pour un journaliste du magazine Empire, La Guerre des mondes de Rich Lee est \u00ab\u00a0une tentative risible de moderniser la science-fiction classique en y ajoutant WhatsApp et des chicanes politiques. Cette adaptation mince, fr\u00e9n\u00e9tique et sans \u00e2me est une erreur cin\u00e9matographique\u00a0\u00bb. \u00ab\u00a0C&rsquo;est ridicule, de mauvaise qualit\u00e9 et on y voit beaucoup trop le rappeur devenu acteur principal Ice Cube fixer un \u00e9cran d&rsquo;ordinateur tout en ayant l&rsquo;air de travailler sur un probl\u00e8me digestif raisonnablement urgent\u00a0\u00bb, a \u00e9crit le quotidien britannique Daily Telegraph, tandis que le site Starbust a comment\u00e9 : \u00ab\u00a0La Guerre des mondes est un film tortueux et interminable de 90 minutes de clips vid\u00e9os d\u00e9fectueux, d&rsquo;images d&rsquo;archives militaires, d&rsquo;acteurs heureux de faire quelque chose qui courent dans la rue en agitant une cam\u00e9ra devant leur visage et en faisant semblant d&rsquo;avoir peur\u00a0\u00bb. Un journaliste du m\u00e9dia am\u00e9ricain Variety n&rsquo;y est pas all\u00e9 de main morte avec le film qu&rsquo;il a qualifi\u00e9 d&rsquo;une \u00ab\u00a0publicit\u00e9 de long-m\u00e9trage pour tout ce qui concerne Amazon\u00a0\u00bb.<\/p>\n<p>            <b>La Guerre des mondes<\/b><b> : la version avec Ice Cube et Eva Longoria consid\u00e9r\u00e9e comme <\/b><b>\u00ab\u00a0la pire\u00a0\u00bb<\/b><b> tentative d&rsquo;adaptation du chef-d&rsquo;\u0153uvre de H.G. Wells<\/b><\/p>\n<p>Les critiques ne se sont pas arr\u00eat\u00e9s l\u00e0 pour ce film de science-fiction qui se trouve pourtant \u00e0 la deuxi\u00e8me place des longs-m\u00e9trages les plus regard\u00e9s sur Prime Video en France, aux \u00c9tats-Unis et dans le monde : \u00ab\u00a0C&rsquo;est remarquable, car de toutes les tentatives d&rsquo;adaptation de cette histoire, c&rsquo;est la pire\u00a0\u00bb, \u00ab\u00a0Mal \u00e9crit et mal rythm\u00e9, La Guerre des mondes est en lice pour le titre de l&rsquo;un des pires films de la d\u00e9cennie jusqu&rsquo;\u00e0 pr\u00e9sent\u00a0\u00bb. Un nanar bient\u00f4t culte, peut-\u00eatre.<\/p>\n<p>Article \u00e9crit en collaboration avec 6M\u00e9dias<\/p>\n","protected":false},"excerpt":{"rendered":"Ce film de science-fiction adapt\u00e9 d&rsquo;un chef-d&rsquo;\u0153uvre litt\u00e9raire est arriv\u00e9 au sommet des programmes les plus visionn\u00e9s sur&hellip;\n","protected":false},"author":2,"featured_media":311215,"comment_status":"","ping_status":"","sticky":false,"template":"","format":"standard","meta":{"footnotes":""},"categories":[1354],"tags":[4225,244,58,59,45125,1346,1011,27,45126,1360,4224,129],"class_list":{"0":"post-311214","1":"post","2":"type-post","3":"status-publish","4":"format-standard","5":"has-post-thumbnail","7":"category-films","8":"tag-amazon-prime-vidu00e9o","9":"tag-commentaire","10":"tag-divertissement","11":"tag-entertainment","12":"tag-film-amazon","13":"tag-films","14":"tag-fr","15":"tag-france","16":"tag-la-guerre-des-mondes","17":"tag-movies","18":"tag-pub-streaming-prime-video","19":"tag-svod"},"share_on_mastodon":{"url":"https:\/\/pubeurope.com\/@fr\/115009306204263446","error":""},"_links":{"self":[{"href":"https:\/\/www.europesays.com\/fr\/wp-json\/wp\/v2\/posts\/311214","targetHints":{"allow":["GET"]}}],"collection":[{"href":"https:\/\/www.europesays.com\/fr\/wp-json\/wp\/v2\/posts"}],"about":[{"href":"https:\/\/www.europesays.com\/fr\/wp-json\/wp\/v2\/types\/post"}],"author":[{"embeddable":true,"href":"https:\/\/www.europesays.com\/fr\/wp-json\/wp\/v2\/users\/2"}],"replies":[{"embeddable":true,"href":"https:\/\/www.europesays.com\/fr\/wp-json\/wp\/v2\/comments?post=311214"}],"version-history":[{"count":0,"href":"https:\/\/www.europesays.com\/fr\/wp-json\/wp\/v2\/posts\/311214\/revisions"}],"wp:featuredmedia":[{"embeddable":true,"href":"https:\/\/www.europesays.com\/fr\/wp-json\/wp\/v2\/media\/311215"}],"wp:attachment":[{"href":"https:\/\/www.europesays.com\/fr\/wp-json\/wp\/v2\/media?parent=311214"}],"wp:term":[{"taxonomy":"category","embeddable":true,"href":"https:\/\/www.europesays.com\/fr\/wp-json\/wp\/v2\/categories?post=311214"},{"taxonomy":"post_tag","embeddable":true,"href":"https:\/\/www.europesays.com\/fr\/wp-json\/wp\/v2\/tags?post=311214"}],"curies":[{"name":"wp","href":"https:\/\/api.w.org\/{rel}","templated":true}]}}