{"id":311219,"date":"2025-08-11T09:00:11","date_gmt":"2025-08-11T09:00:11","guid":{"rendered":"https:\/\/www.europesays.com\/fr\/311219\/"},"modified":"2025-08-11T09:00:11","modified_gmt":"2025-08-11T09:00:11","slug":"ces-requetes-hallucinantes-que-prepare-mariah-carey-pour-son-concert-royal","status":"publish","type":"post","link":"https:\/\/www.europesays.com\/fr\/311219\/","title":{"rendered":"ces requ\u00eates hallucinantes que pr\u00e9pare Mariah Carey pour son concert royal"},"content":{"rendered":"<p>Mariah Carey s\u2019appr\u00eate \u00e0 donner un <strong>concert<\/strong> tr\u00e8s sp\u00e9cial : le 15 ao\u00fbt prochain, la chanteuse am\u00e9ricaine chantera pour le roi Charles III dans sa r\u00e9sidence de <strong>Sandringham<\/strong> dans le cadre du festival Heritage Live. L\u2019\u00e9v\u00e9nement r\u00e9unira \u00e9galement <strong>Nile Rodgers &amp; Chic et le groupe Eternal<\/strong>. Mais c\u2019est surtout la prestation de la star de 56 ans qui attire tous les <strong>regards<\/strong>\u2026 et qui risque de faire <strong>sourire<\/strong> le souverain. En effet, invit\u00e9e sur Capital Xtra, Mariah Carey a r\u00e9v\u00e9l\u00e9 qu\u2019elle avait quelques <strong>demandes tr\u00e8s particuli\u00e8res<\/strong> pour Charles III. Et si elle assurait au d\u00e9part ne pas vouloir \u201c<strong>le d\u00e9ranger<\/strong>\u2019\u2019, un peu pouss\u00e9e par l\u2019animateur Manny Norte, elle a fini par accepter de transmettre des <strong>requ\u00eates totalement improbables.<\/strong><\/p>\n<p>Mariah Carey : des demandes\u2026 dignes d\u2019une diva<\/p>\n<p>Lorsqu\u2019on lui demande ce qu\u2019elle aimerait <strong>demander<\/strong> \u00e0 Charles III, la chanteuse Mariah Carey r\u00e9pond d\u2019abord qu\u2019elle pr\u00e9f\u00e8re \u201c<strong>le laisser tranquille<\/strong>\u2019\u2019. Mais le pr\u00e9sentateur insiste et propose des id\u00e9es. \u201c<strong>Pas de taxes, pas de p\u00e9age urbain, pas de frais de stationnement \u00e0 vie<\/strong>.\u2019\u2019 Amus\u00e9e, la chanteuse admet ne pas tout comprendre aux subtilit\u00e9s britanniques, avant de promettre qu\u2019elle <strong>transmettra la demande<\/strong>\u2026 mais au nom de l\u2019animateur. \u201cJe vais dire que <strong>c\u2019est toi qui m\u2019as dit de demander<\/strong>.\u2019\u2019 plaisante-t-elle, tout en affirmant \u00eatre \u201c<strong>s\u00e9rieuse<\/strong>.\u2019\u2019 La chanteuse est connue pour ses <strong>extravagances<\/strong>. Elle s\u00e9journe actuellement dans la <strong>suite (&#8230;)<a href=\"https:\/\/www.closermag.fr\/people\/charles-iii-ces-requetes-hallucinantes-que-prepare-mariah-carey-pour-son-concert-royal-3570309\" rel=\"nofollow noopener\" target=\"_blank\" data-ylk=\"slk:Lire la suite sur Closer;elm:context_link;itc:0;sec:content-canvas\" class=\"link \">Lire la suite sur Closer<\/a><a href=\"https:\/\/www.closermag.fr\/vecu\/drame-a-antibes-lapres-midi-piscine-vire-a-la-tragedie-deux-enfants-meurent-3570400\" rel=\"nofollow noopener\" target=\"_blank\" data-ylk=\"slk:Drame \u00e0 Antibes : l\u2019apr\u00e8s-midi piscine vire \u00e0 la trag\u00e9die, deux enfants meurent;elm:context_link;itc:0;sec:content-canvas\" class=\"link \">Drame \u00e0 Antibes : l\u2019apr\u00e8s-midi piscine vire \u00e0 la trag\u00e9die, deux enfants meurent<\/a><br \/><a href=\"https:\/\/www.closermag.fr\/royautes\/meghan-markle-elle-gratte-lamitie-de-khloe-kardashian-a-coup-de-panier-genereusement-garni-3570389\" rel=\"nofollow noopener\" target=\"_blank\" data-ylk=\"slk:Meghan Markle : elle gratte l\u2019amiti\u00e9 de Khlo\u00e9 Kardashian \u00e0 coup de panier g\u00e9n\u00e9reusement garni;elm:context_link;itc:0;sec:content-canvas\" class=\"link \">Meghan Markle : elle gratte l\u2019amiti\u00e9 de Khlo\u00e9 Kardashian \u00e0 coup de panier g\u00e9n\u00e9reusement garni<\/a><br \/><a href=\"https:\/\/www.closermag.fr\/royautes\/camilla-parker-bowles-sur-un-yacht-de-luxe-en-grece-cet-echo-troublant-a-une-photo-iconique-de-lady-diana-3570369\" rel=\"nofollow noopener\" target=\"_blank\" data-ylk=\"slk:Camilla Parker Bowles sur un yacht de luxe en Gr\u00e8ce : cet \u00e9cho troublant \u00e0 une photo iconique de Lady Diana;elm:context_link;itc:0;sec:content-canvas\" class=\"link \">Camilla Parker Bowles sur un yacht de luxe en Gr\u00e8ce : cet \u00e9cho troublant \u00e0 une photo iconique de Lady Diana<\/a><br \/><a href=\"https:\/\/www.closermag.fr\/people\/alexandra-rosenfeld-proche-de-lex-mari-de-laury-thilleman-cette-video-sans-equivoque-a-lombre-des-pins-3570364\" rel=\"nofollow noopener\" target=\"_blank\" data-ylk=\"slk:Alexandra Rosenfeld : proche de l\u2019ex-mari de Laury Thilleman ? Cette vid\u00e9o sans \u00e9quivoque \u00e0 l\u2019ombre des pins;elm:context_link;itc:0;sec:content-canvas\" class=\"link \">Alexandra Rosenfeld : proche de l\u2019ex-mari de Laury Thilleman ? Cette vid\u00e9o sans \u00e9quivoque \u00e0 l\u2019ombre des pins<\/a><br \/><a href=\"https:\/\/www.closermag.fr\/royautes\/charles-iii-pere-absent-pour-william-son-attitude-apres-un-grave-accident-de-son-fils-ne-passe-toujours-pas-3570366\" rel=\"nofollow noopener\" target=\"_blank\" data-ylk=\"slk:Charles III, p\u00e8re absent pour William ? Son attitude apr\u00e8s un grave accident de son fils ne passe toujours pas;elm:context_link;itc:0;sec:content-canvas\" class=\"link \">Charles III, p\u00e8re absent pour William ? Son attitude apr\u00e8s un grave accident de son fils ne passe toujours pas<\/a><br \/><\/strong><\/p>\n","protected":false},"excerpt":{"rendered":"Mariah Carey s\u2019appr\u00eate \u00e0 donner un concert tr\u00e8s sp\u00e9cial : le 15 ao\u00fbt prochain, la chanteuse am\u00e9ricaine chantera&hellip;\n","protected":false},"author":2,"featured_media":311220,"comment_status":"","ping_status":"","sticky":false,"template":"","format":"standard","meta":{"footnotes":""},"categories":[8],"tags":[19092,581,58,59,1011,27,34115,45127],"class_list":{"0":"post-311219","1":"post","2":"type-post","3":"status-publish","4":"format-standard","5":"has-post-thumbnail","7":"category-divertissement","8":"tag-chanteuse-americaine","9":"tag-charles-iii","10":"tag-divertissement","11":"tag-entertainment","12":"tag-fr","13":"tag-france","14":"tag-mariah-carey","15":"tag-nom-de-lanimateur"},"share_on_mastodon":{"url":"https:\/\/pubeurope.com\/@fr\/115009318114798692","error":""},"_links":{"self":[{"href":"https:\/\/www.europesays.com\/fr\/wp-json\/wp\/v2\/posts\/311219","targetHints":{"allow":["GET"]}}],"collection":[{"href":"https:\/\/www.europesays.com\/fr\/wp-json\/wp\/v2\/posts"}],"about":[{"href":"https:\/\/www.europesays.com\/fr\/wp-json\/wp\/v2\/types\/post"}],"author":[{"embeddable":true,"href":"https:\/\/www.europesays.com\/fr\/wp-json\/wp\/v2\/users\/2"}],"replies":[{"embeddable":true,"href":"https:\/\/www.europesays.com\/fr\/wp-json\/wp\/v2\/comments?post=311219"}],"version-history":[{"count":0,"href":"https:\/\/www.europesays.com\/fr\/wp-json\/wp\/v2\/posts\/311219\/revisions"}],"wp:featuredmedia":[{"embeddable":true,"href":"https:\/\/www.europesays.com\/fr\/wp-json\/wp\/v2\/media\/311220"}],"wp:attachment":[{"href":"https:\/\/www.europesays.com\/fr\/wp-json\/wp\/v2\/media?parent=311219"}],"wp:term":[{"taxonomy":"category","embeddable":true,"href":"https:\/\/www.europesays.com\/fr\/wp-json\/wp\/v2\/categories?post=311219"},{"taxonomy":"post_tag","embeddable":true,"href":"https:\/\/www.europesays.com\/fr\/wp-json\/wp\/v2\/tags?post=311219"}],"curies":[{"name":"wp","href":"https:\/\/api.w.org\/{rel}","templated":true}]}}