{"id":311223,"date":"2025-08-11T09:02:13","date_gmt":"2025-08-11T09:02:13","guid":{"rendered":"https:\/\/www.europesays.com\/fr\/311223\/"},"modified":"2025-08-11T09:02:13","modified_gmt":"2025-08-11T09:02:13","slug":"cette-paella-surgelee-vendue-dans-toute-la-france-par-une-grande-marque-doit-etre-rapportee-immediatement","status":"publish","type":"post","link":"https:\/\/www.europesays.com\/fr\/311223\/","title":{"rendered":"cette paella surgel\u00e9e vendue dans toute la France par une grande marque doit \u00eatre rapport\u00e9e imm\u00e9diatement"},"content":{"rendered":"<p>Avez-vous d\u00e9j\u00e0 eu l\u2019impression qu\u2019une <strong>surprise culinaire<\/strong> pouvait se cacher au fond de votre cong\u00e9lateur\u202f? Croyez-moi, moi aussi j\u2019ai d\u00e9j\u00e0 trouv\u00e9 un sachet oubli\u00e9 \u00e0 c\u00f4t\u00e9 des gla\u00e7ons et du magret !<\/p>\n<p>R\u00e9cemment, j\u2019ai v\u00e9cu un dr\u00f4le d\u2019instant en d\u00e9couvrant l\u2019alerte qui secoue actuellement toutes les r\u00e9gions fran\u00e7aises.<\/p>\n<p>Entre vigilance, anecdotes perso et conseils pratiques, vous risquez bien d\u2019ouvrir l\u2019\u0153il diff\u00e9remment sur vos prochains plats pr\u00eats \u00e0 cuire\u2026<\/p>\n<p>Poursuivez avec moi pour lever le voile sur ce myst\u00e8re : votre prochain ap\u00e9ro n\u2019en sera que plus serein !<\/p>\n<p>La paella surgel\u00e9e rappel\u00e9e et ses particularit\u00e9s<\/p>\n<p data-start=\"69\" data-end=\"343\">Le site officiel Rappel Conso a publi\u00e9 une alerte \u00e0 la suite d\u2019informations transmises par l\u2019entreprise <strong data-start=\"177\" data-end=\"192\">SILVE NETTO<\/strong>. Cette proc\u00e9dure concerne des lots de paella surgel\u00e9e distribu\u00e9s \u00e0 l\u2019\u00e9chelle nationale, exclusivement dans les magasins de l\u2019enseigne <strong>Netto<\/strong>.<\/p>\n<p data-start=\"345\" data-end=\"703\">Le produit en question \u00e9tait commercialis\u00e9 dans le rayon des plats surgel\u00e9s, sous la marque <strong>Netto \u00c9vasion Gourmande<\/strong>. Il se pr\u00e9sente dans un sachet de <strong data-start=\"497\" data-end=\"505\">1 kg<\/strong> et porte la d\u00e9nomination : paella poulet, colin et fruits de mer. Sa mise en vente s\u2019est \u00e9tendue du 10 mai 2023 au 29 octobre 2024, date \u00e0 partir de laquelle il a \u00e9t\u00e9 retir\u00e9 des rayons.<\/p>\n<p data-start=\"705\" data-end=\"915\">Tous les lots correspondant au <strong data-start=\"736\" data-end=\"763\">code GTIN 3250390337386<\/strong> sont inclus dans cette proc\u00e9dure. Les <strong data-start=\"802\" data-end=\"840\">dates de durabilit\u00e9 minimale (DDM)<\/strong> des produits rappel\u00e9s vont du <strong data-start=\"871\" data-end=\"891\">03 novembre 2024<\/strong> au <strong data-start=\"895\" data-end=\"912\">10 avril 2026<\/strong>.<\/p>\n<p data-start=\"917\" data-end=\"1274\">Ce rappel national intervient \u00e0 titre pr\u00e9ventif afin d\u2019\u00e9viter tout risque pour les consommateurs. Les clients ayant achet\u00e9 ce produit sont invit\u00e9s \u00e0 ne pas le consommer et \u00e0 le rapporter au point de vente pour remboursement.<\/p>\n<p>Quels risques pour les consommateurs ?<\/p>\n<p data-start=\"54\" data-end=\"401\">\u00c0 la suite d\u2019un contr\u00f4le de conformit\u00e9, il a \u00e9t\u00e9 constat\u00e9 que l\u2019emballage d\u2019une paella surgel\u00e9e vendue chez Netto ne comportait pas toutes les mentions obligatoires pr\u00e9vues par la l\u00e9gislation. La r\u00e9glementation impose en effet que les ingr\u00e9dients allerg\u00e8nes soient indiqu\u00e9s de mani\u00e8re claire et visible sur l\u2019\u00e9tiquetage des denr\u00e9es alimentaires.<\/p>\n<p data-start=\"403\" data-end=\"860\">Dans ce cas pr\u00e9cis, l\u2019analyse a r\u00e9v\u00e9l\u00e9 la pr\u00e9sence de bl\u00e9 ou de traces de bl\u00e9 dans la composition du produit. Cette information est essentielle, car elle concerne directement les personnes pr\u00e9sentant une intol\u00e9rance ou une allergie au bl\u00e9. Pour ces consommateurs, la consommation de cette paella pourrait entra\u00eener des r\u00e9actions ind\u00e9sirables, parfois graves. Il est donc vivement recommand\u00e9 aux personnes sensibles au bl\u00e9 d\u2019\u00e9viter de consommer ce produit.<\/p>\n<p data-start=\"862\" data-end=\"1203\">Les clients ayant achet\u00e9 cette paella surgel\u00e9e chez Netto sont invit\u00e9s \u00e0 rapporter le produit dans le magasin o\u00f9 ils l\u2019ont acquis. Un remboursement int\u00e9gral sera propos\u00e9, sans n\u00e9cessit\u00e9 de fournir un justificatif d\u2019achat. Cette d\u00e9marche doit \u00eatre effectu\u00e9e avant le lundi 30 d\u00e9cembre 2024, date limite fix\u00e9e pour cette proc\u00e9dure de retour.<\/p>\n<p>Comment agir si vous poss\u00e9dez ce produit ?<\/p>\n<p><strong>Si vous d\u00e9tenez ce produit, agissez sans tarder pour \u00e9viter tout risque.<\/strong> Ne le consommez pas et rapportez-le au magasin d\u2019achat. Netto continue \u00e0 accepter les retours de produits concern\u00e9s par le rappel pour un remboursement complet jusqu\u2019\u00e0 la fin de l\u2019ann\u00e9e. Il est recommand\u00e9 de conserver le ticket de caisse, mais si vous l\u2019avez \u00e9gar\u00e9, ne vous inqui\u00e9tez pas, votre remboursement devrait \u00eatre effectu\u00e9 malgr\u00e9 tout.<\/p>\n<p>En r\u00e9sum\u00e9, la paella surgel\u00e9e rappel\u00e9e chez Netto expose surtout les personnes allergiques au bl\u00e9 \u00e0 un risque d\u2019\u00e9tiquette floue, alors prudence en cuisine, m\u00eame pour les soirs de flemme.<\/p>\n<p><strong>Cela dit, ne jetons pas la po\u00eale avec le riz\u2009:<\/strong> le rappel est simple et le remboursement assur\u00e9.<\/p>\n<p>\u00c0 l\u2019avenir, gardez l\u2019\u0153il sur les \u00e9tiquettes\u2026 et sur vos papilles\u2009!<\/p>\n<p>                         <a href=\"https:\/\/www.apero-bordeaux.fr\/author\/boidus-julien\/\" class=\"url\" title=\"Julien Boidus\" rel=\"nofollow noopener\" target=\"_blank\"> <img loading=\"lazy\" decoding=\"async\" alt=\"Julien Boidus\" src=\"data:image\/svg+xml,%3Csvg%20xmlns=\" http:=\"\" data-lazy- class=\"avatar avatar-250 photo\" height=\"250\" width=\"250\" data-lazy-src=\"https:\/\/www.europesays.com\/fr\/wp-content\/uploads\/2025\/04\/cropped-julien-boidus-250x250.webp.webp\"\/><\/a> <\/p>\n<p>Chef \u00e0 domicile et auteur chez Julien Boidus<\/p>\n<p>Passionn\u00e9 par Bordeaux et son art de vivre, je suis Julien Boidus, chef \u00e0 domicile. \u00c0 travers mon site www.apero-bordeaux.fr, je partage mes recettes familiales, mes astuces culinaires et mes d\u00e9couvertes pour \u00e9veiller les sens et c\u00e9l\u00e9brer notre belle ville. Voyageur dans l&rsquo;\u00e2me, j&rsquo;explore \u00e9galement d&rsquo;autres villes pour vous faire d\u00e9couvrir leurs patrimoines gastronomiques et culturels. Bienvenue dans mon univers gourmand et convivial !<\/p>\n<p> <a href=\"https:\/\/www.apero-bordeaux.fr\/author\/boidus-julien\/\" class=\"url\" title=\"Julien Boidus\" rel=\"nofollow noopener\" target=\"_blank\"><img loading=\"lazy\" decoding=\"async\" alt=\"Julien Boidus\" src=\"data:image\/svg+xml,%3Csvg%20xmlns=\" http:=\"\" data-lazy- class=\"avatar avatar-250 photo\" height=\"250\" width=\"250\" data-lazy-src=\"https:\/\/www.europesays.com\/fr\/wp-content\/uploads\/2025\/04\/cropped-julien-boidus-250x250.webp.webp\"\/><\/a>Les derniers articles par Julien Boidus (<a href=\"https:\/\/www.apero-bordeaux.fr\/author\/boidus-julien\/\" rel=\"nofollow noopener\" target=\"_blank\">tout voir<\/a>)  <\/p>\n","protected":false},"excerpt":{"rendered":"Avez-vous d\u00e9j\u00e0 eu l\u2019impression qu\u2019une surprise culinaire pouvait se cacher au fond de votre cong\u00e9lateur\u202f? Croyez-moi, moi aussi&hellip;\n","protected":false},"author":2,"featured_media":311224,"comment_status":"","ping_status":"","sticky":false,"template":"","format":"standard","meta":{"footnotes":""},"categories":[6],"tags":[35,33,34,1011,27],"class_list":{"0":"post-311223","1":"post","2":"type-post","3":"status-publish","4":"format-standard","5":"has-post-thumbnail","7":"category-economie","8":"tag-business","9":"tag-economie","10":"tag-economy","11":"tag-fr","12":"tag-france"},"share_on_mastodon":{"url":"https:\/\/pubeurope.com\/@fr\/115009325974611669","error":""},"_links":{"self":[{"href":"https:\/\/www.europesays.com\/fr\/wp-json\/wp\/v2\/posts\/311223","targetHints":{"allow":["GET"]}}],"collection":[{"href":"https:\/\/www.europesays.com\/fr\/wp-json\/wp\/v2\/posts"}],"about":[{"href":"https:\/\/www.europesays.com\/fr\/wp-json\/wp\/v2\/types\/post"}],"author":[{"embeddable":true,"href":"https:\/\/www.europesays.com\/fr\/wp-json\/wp\/v2\/users\/2"}],"replies":[{"embeddable":true,"href":"https:\/\/www.europesays.com\/fr\/wp-json\/wp\/v2\/comments?post=311223"}],"version-history":[{"count":0,"href":"https:\/\/www.europesays.com\/fr\/wp-json\/wp\/v2\/posts\/311223\/revisions"}],"wp:featuredmedia":[{"embeddable":true,"href":"https:\/\/www.europesays.com\/fr\/wp-json\/wp\/v2\/media\/311224"}],"wp:attachment":[{"href":"https:\/\/www.europesays.com\/fr\/wp-json\/wp\/v2\/media?parent=311223"}],"wp:term":[{"taxonomy":"category","embeddable":true,"href":"https:\/\/www.europesays.com\/fr\/wp-json\/wp\/v2\/categories?post=311223"},{"taxonomy":"post_tag","embeddable":true,"href":"https:\/\/www.europesays.com\/fr\/wp-json\/wp\/v2\/tags?post=311223"}],"curies":[{"name":"wp","href":"https:\/\/api.w.org\/{rel}","templated":true}]}}