{"id":311225,"date":"2025-08-11T09:03:13","date_gmt":"2025-08-11T09:03:13","guid":{"rendered":"https:\/\/www.europesays.com\/fr\/311225\/"},"modified":"2025-08-11T09:03:13","modified_gmt":"2025-08-11T09:03:13","slug":"trump-exige-que-les-sans-abri-partent-immediatement-et-loin-de-washington","status":"publish","type":"post","link":"https:\/\/www.europesays.com\/fr\/311225\/","title":{"rendered":"Trump exige que les sans-abri partent \u00ab\u00a0imm\u00e9diatement\u00a0\u00bb et \u00ab\u00a0loin\u00a0\u00bb de Washington"},"content":{"rendered":"<p><a href=\"https:\/\/www.20minutes.fr\/dossier\/donald_trump\" target=\"_blank\" class=\"color-ultramarine c-link\" rel=\"nofollow noopener\">Donald Trump<\/a> se montre une nouvelle fois radical dans ses exigences. Le pr\u00e9sident am\u00e9ricain a violemment exhort\u00e9 dimanche les <a href=\"https:\/\/www.20minutes.fr\/dossier\/sdf\" target=\"_blank\" class=\"color-ultramarine c-link\" rel=\"nofollow noopener\">sans-abri<\/a> \u00e0 partir de Washington, assurant que le gouvernement leur fournirait un h\u00e9bergement. Le locataire de la Maison-Blanche doit en outre donner une conf\u00e9rence de presse ce lundi sur son projet pour rendre la ville \u00ab\u00a0plus s\u00fbre et plus belle qu\u2019elle ne l\u2019a jamais \u00e9t\u00e9\u00a0\u00bb.<\/p>\n<p>\u00ab\u00a0Les sans-abri doivent partir, IMMEDIATEMENT. Nous vous donnerons des endroits o\u00f9 dormir, mais LOIN de la capitale\u00a0\u00bb, a-t-il \u00e9crit sur sa plateforme Truth Social, avant de s\u2019adresser aux \u00ab\u00a0<a href=\"https:\/\/www.20minutes.fr\/dossier\/criminalite\" target=\"_blank\" class=\"color-ultramarine c-link\" rel=\"nofollow noopener\">criminels<\/a>\u00a0\u00bb. \u00ab\u00a0Vous, vous n\u2019avez pas besoin de partir. Nous allons vous mettre en prison, l\u00e0 o\u00f9 vous devriez vous trouver\u00a0\u00bb, a lanc\u00e9 le r\u00e9publicain.<\/p>\n<p>Trump veut remettre la main sur Washington<\/p>\n<p>Selon le rapport annuel du minist\u00e8re du Logement, Washington se classait en\u00a02024 au 15e rang des grandes villes am\u00e9ricaines comptant le plus de sans-abri, avec plus de 5.600 personnes recens\u00e9es.<\/p>\n<\/p>\n<p>Depuis son retour \u00e0 la Maison-Blanche en janvier dernier, Donald Trump a menac\u00e9 \u00e0 plusieurs reprises de replacer Washington sous le contr\u00f4le des autorit\u00e9s f\u00e9d\u00e9rales. La ville poss\u00e8de en effet un statut particulier aux Etats-Unis. Etablie apr\u00e8s la guerre d\u2019Ind\u00e9pendance pour servir de capitale, elle n\u2019est rattach\u00e9e \u00e0 aucun Etat am\u00e9ricain, et la Constitution pr\u00e9voit que le Congr\u00e8s ait comp\u00e9tence sur ses affaires. Depuis une loi de\u00a01973, les habitants peuvent cependant \u00e9lire un conseil municipal, m\u00eame si ses d\u00e9cisions sont toujours contr\u00f4l\u00e9es par le Congr\u00e8s.<\/p>\n<p>Une ville historiquement d\u00e9mocrate<\/p>\n<p>Fin f\u00e9vrier, le pr\u00e9sident am\u00e9ricain avait assur\u00e9 qu\u2019il soutenait un projet l\u00e9gislatif visant \u00e0 revenir sur cette loi, notamment pour am\u00e9liorer la lutte contre la criminalit\u00e9. \u00ab\u00a0Il y a trop de crimes, de graffitis, trop de tentes (de sans-abri) sur les pelouses, ces magnifiques pelouses\u00a0\u00bb, avait-il alors d\u00e9clar\u00e9, en insistant sur l\u2019importance de l\u2019apparence de la capitale o\u00f9 viennent r\u00e9guli\u00e8rement de hauts dignitaires \u00e9trangers. Et fin mars, il avait sign\u00e9 un d\u00e9cret pour accro\u00eetre la supervision de son gouvernement sur la municipalit\u00e9, notamment en mati\u00e8re de lutte contre l\u2019immigration clandestine.<\/p>\n<p><a href=\"https:\/\/www.20minutes.fr\/monde\/etats-unis\/\" target=\"_blank\" class=\"c-link c-btn c-btn--primary\" rel=\"nofollow noopener\">Notre dossier sur les Etats-Unis<\/a><\/p>\n<p>Washington vote historiquement d\u00e9mocrate, et la rivale de Donald Trump lors de l\u2019\u00e9lection de novembre, Kamala Harris, y avait r\u00e9colt\u00e9 plus de 90\u00a0% des voix. La maire de Washington, Muriel Bowser, a par contre adopt\u00e9 une strat\u00e9gie de conciliation avec Donald Trump. L\u2019\u00e9dile d\u00e9mocrate a notamment d\u00e9cid\u00e9 en mars d\u2019effacer une fresque peinte en\u00a02020 aux couleurs du mouvement antiraciste \u00ab\u00a0Black Lives Matter\u00a0\u00bb, et qui se trouvait dans le viseur des r\u00e9publicains depuis.<\/p>\n","protected":false},"excerpt":{"rendered":"Donald Trump se montre une nouvelle fois radical dans ses exigences. Le pr\u00e9sident am\u00e9ricain a violemment exhort\u00e9 dimanche&hellip;\n","protected":false},"author":2,"featured_media":311226,"comment_status":"","ping_status":"","sticky":false,"template":"","format":"standard","meta":{"footnotes":""},"categories":[5],"tags":[47,11,75,73,1011,27,14,74,12,10181,3910,133,2744,28],"class_list":{"0":"post-311225","1":"post","2":"type-post","3":"status-publish","4":"format-standard","5":"has-post-thumbnail","7":"category-international","8":"tag-actualite","9":"tag-actualites","10":"tag-donald-trump","11":"tag-etats-unis","12":"tag-fr","13":"tag-france","14":"tag-international","15":"tag-monde","16":"tag-news","17":"tag-precarite","18":"tag-sdf","19":"tag-video","20":"tag-washington","21":"tag-world"},"share_on_mastodon":{"url":"https:\/\/pubeurope.com\/@fr\/115009329848511950","error":""},"_links":{"self":[{"href":"https:\/\/www.europesays.com\/fr\/wp-json\/wp\/v2\/posts\/311225","targetHints":{"allow":["GET"]}}],"collection":[{"href":"https:\/\/www.europesays.com\/fr\/wp-json\/wp\/v2\/posts"}],"about":[{"href":"https:\/\/www.europesays.com\/fr\/wp-json\/wp\/v2\/types\/post"}],"author":[{"embeddable":true,"href":"https:\/\/www.europesays.com\/fr\/wp-json\/wp\/v2\/users\/2"}],"replies":[{"embeddable":true,"href":"https:\/\/www.europesays.com\/fr\/wp-json\/wp\/v2\/comments?post=311225"}],"version-history":[{"count":0,"href":"https:\/\/www.europesays.com\/fr\/wp-json\/wp\/v2\/posts\/311225\/revisions"}],"wp:featuredmedia":[{"embeddable":true,"href":"https:\/\/www.europesays.com\/fr\/wp-json\/wp\/v2\/media\/311226"}],"wp:attachment":[{"href":"https:\/\/www.europesays.com\/fr\/wp-json\/wp\/v2\/media?parent=311225"}],"wp:term":[{"taxonomy":"category","embeddable":true,"href":"https:\/\/www.europesays.com\/fr\/wp-json\/wp\/v2\/categories?post=311225"},{"taxonomy":"post_tag","embeddable":true,"href":"https:\/\/www.europesays.com\/fr\/wp-json\/wp\/v2\/tags?post=311225"}],"curies":[{"name":"wp","href":"https:\/\/api.w.org\/{rel}","templated":true}]}}