{"id":311229,"date":"2025-08-11T09:05:17","date_gmt":"2025-08-11T09:05:17","guid":{"rendered":"https:\/\/www.europesays.com\/fr\/311229\/"},"modified":"2025-08-11T09:05:17","modified_gmt":"2025-08-11T09:05:17","slug":"mercato-psg-et-maintenant-on-fait-quoi-avec-donnarumma","status":"publish","type":"post","link":"https:\/\/www.europesays.com\/fr\/311229\/","title":{"rendered":"Mercato PSG\u00a0: et maintenant, on fait quoi avec Donnarumma ?"},"content":{"rendered":"<p class=\"paragraph text_align_left lp-f-body-02\">Ils devront cohabiter au moins quelques jours. Ce samedi, <a href=\"https:\/\/www.leparisien.fr\/sports\/football\/psg\/\" target=\"_self\" rel=\"nofollow noopener\">le PSG<\/a> a officialis\u00e9 <a href=\"https:\/\/www.leparisien.fr\/sports\/football\/psg\/mercato-lucas-chevalier-au-psg-pour-cinq-ans-cest-officiel-09-08-2025-OWRA7P335ZBWHMWM6N7CHPJPXM.php\" target=\"_blank\" rel=\"nofollow noopener\">l\u2019arriv\u00e9e du gardien Lucas Chevalier<\/a> en provenance de Lille pour 40 millions d\u2019euros, hors bonus. Le jeune Chti est appel\u00e9 \u00e0 succ\u00e9der \u00e0 Gianluigi Donnarumma qui malgr\u00e9 sa saison stratosph\u00e9rique en Ligue des champions se retrouve pouss\u00e9 dehors \u00e0 un an de la fin de son contrat.<\/p>\n<p class=\"paragraph text_align_left lp-f-body-02\">Longtemps, l\u2019Italien de 26 ans a cru qu\u2019il finirait par prolonger dans la Ville Lumi\u00e8re. Avec son agent Enzo Raiola, il a plusieurs fois r\u00e9p\u00e9t\u00e9 qu\u2019il souhaitait continuer, sans jamais accepter les conditions du club de la capitale : un salaire fixe compl\u00e9t\u00e9 par une part variable.<\/p>\n<p class=\"paragraph text_align_left lp-f-body-02\">\u00c0 l\u2019issue de la Coupe du monde des clubs, la direction a donc d\u00e9cid\u00e9 de tourner la page Donnarumma <a href=\"https:\/\/www.leparisien.fr\/sports\/football\/psg\/mercato-psg-le-prolongation-de-donnarumma-au-point-mort-paris-continue-davancer-sur-lucas-chevalier-08-06-2025-A7NO5RCHIRCBLFQEBZBSNSL77M.php\" target=\"_blank\" rel=\"nofollow noopener\">en engageant Lucas Chevalier<\/a> avec qui Luis Campos, mais aussi Luis Enrique, avaient pris langue d\u00e8s l\u2019automne 2024. Au cas o\u00f9&#8230; <\/p>\n<p class=\"paragraph text_align_left lp-f-body-02\">Dans leur esprit, tout est clair depuis plusieurs semaines voire plusieurs mois : le Fran\u00e7ais arrive pour \u00eatre num\u00e9ro 1 et il n\u2019aurait d\u2019ailleurs pas accept\u00e9 de venir s\u2019il avait \u00e9t\u00e9 certain que Donnarumma resterait au Paris Saint-Germain.<\/p>\n<p>Partir oui\u2026 mais o\u00f9 et \u00e0 quel prix ?<\/p>\n<p class=\"paragraph text_align_left lp-f-body-02\">Ce week-end, les deux hommes ont partag\u00e9 leurs premi\u00e8res s\u00e9ances ensemble, sans avoir de mauvaise intention l\u2019un envers l\u2019autre. Gigio n\u2019a d\u2019ailleurs pas \u00e0 en vouloir au gardien num\u00e9ro 2 de l\u2019\u00e9quipe de France, mais davantage \u00e0 sa direction avec laquelle il va devoir \u00e9changer ces prochains jours pour acter une probable s\u00e9paration.<\/p>\n<p class=\"paragraph text_align_left lp-f-body-02\">Dans l\u2019entourage du portier transalpin, on continue de diffuser l\u2019id\u00e9e qu\u2019il peut rester jusqu\u2019\u00e0 la fin de son contrat, une fa\u00e7on aussi de garder la main pour envoyer le message qu\u2019il ne partira pas si facilement. L\u2019enjeu, dans un premier temps, est de trouver le club idoine pour poursuivre sa progression \u00e0 un moment de sa carri\u00e8re o\u00f9 il est sans doute le plus fort. <\/p>\n<p class=\"paragraph text_align_left lp-f-body-02\">La Premier League &#8211; o\u00f9 Manchester United et City sont cit\u00e9s parmi les candidats &#8211; appara\u00eet comme une destination plausible. Le march\u00e9 saoudien est susceptible aussi de r\u00e9pondre \u00e0 ses exigences salariales.<\/p>\n<p class=\"paragraph text_align_left lp-f-body-02\">\u00c0 un an de la Coupe du monde qui se d\u00e9roulera au Canada, aux \u00c9tats-Unis et au Mexique du 11 juin au 19 juillet 2026, le gardien de la Squadra Azzurra doit jouer pour conserver son statut d\u2019incontournable en \u00e9quipe nationale.<\/p>\n<p class=\"paragraph text_align_left lp-f-body-02\">Reste \u00e0 observer la posture que prendra le PSG dans les jours \u00e0 venir. Alors que se profile la Supercoupe d\u2019Europe face \u00e0 Tottenham en Italie, ce mercredi 13 ao\u00fbt, Donnarumma peut-il se retrouver priv\u00e9 de d\u00e9placement ? <\/p>\n<p class=\"paragraph text_align_left lp-f-body-02\">M\u00eame s\u2019il figurait sur la feuille de match, il est peu probable que Luis Enrique ne l\u2019aligne au coup d\u2019envoi. L\u2019Asturien a l\u2019occasion de lancer pour la premi\u00e8re fois Lucas Chevalier, d\u00e9j\u00e0 op\u00e9rationnel apr\u00e8s avoir suivi l\u2019int\u00e9gralit\u00e9 de la pr\u00e9paration avec le Losc. Il devrait logiquement marquer le coup en actant tout de suite le passage de flambeau.<\/p>\n<p class=\"paragraph text_align_left lp-f-body-02\">Paris, qui souhaitait absolument Chevalier pour la reprise, aimerait dans l\u2019id\u00e9al que la situation ne s\u2019\u00e9ternise pas. Il ne devrait avoir d\u2019autre choix, pour s\u2019\u00e9viter un brasier, que de faciliter les conditions de sortie de Donnarumma en r\u00e9clamant peut-\u00eatre une indemnit\u00e9 de transfert moins importante que celle qu\u2019il aurait pu r\u00e9colter en temps normal. La balle est d\u00e9sormais dans le camp de l\u2019Italien\u2026<\/p>\n","protected":false},"excerpt":{"rendered":"Ils devront cohabiter au moins quelques jours. Ce samedi, le PSG a officialis\u00e9 l\u2019arriv\u00e9e du gardien Lucas Chevalier&hellip;\n","protected":false},"author":2,"featured_media":311230,"comment_status":"","ping_status":"","sticky":false,"template":"","format":"standard","meta":{"footnotes":""},"categories":[2],"tags":[11,63,1011,27,12,93,60],"class_list":{"0":"post-311229","1":"post","2":"type-post","3":"status-publish","4":"format-standard","5":"has-post-thumbnail","7":"category-actualites","8":"tag-actualites","9":"tag-football","10":"tag-fr","11":"tag-france","12":"tag-news","13":"tag-psg","14":"tag-sports"},"share_on_mastodon":{"url":"https:\/\/pubeurope.com\/@fr\/115009337751018067","error":""},"_links":{"self":[{"href":"https:\/\/www.europesays.com\/fr\/wp-json\/wp\/v2\/posts\/311229","targetHints":{"allow":["GET"]}}],"collection":[{"href":"https:\/\/www.europesays.com\/fr\/wp-json\/wp\/v2\/posts"}],"about":[{"href":"https:\/\/www.europesays.com\/fr\/wp-json\/wp\/v2\/types\/post"}],"author":[{"embeddable":true,"href":"https:\/\/www.europesays.com\/fr\/wp-json\/wp\/v2\/users\/2"}],"replies":[{"embeddable":true,"href":"https:\/\/www.europesays.com\/fr\/wp-json\/wp\/v2\/comments?post=311229"}],"version-history":[{"count":0,"href":"https:\/\/www.europesays.com\/fr\/wp-json\/wp\/v2\/posts\/311229\/revisions"}],"wp:featuredmedia":[{"embeddable":true,"href":"https:\/\/www.europesays.com\/fr\/wp-json\/wp\/v2\/media\/311230"}],"wp:attachment":[{"href":"https:\/\/www.europesays.com\/fr\/wp-json\/wp\/v2\/media?parent=311229"}],"wp:term":[{"taxonomy":"category","embeddable":true,"href":"https:\/\/www.europesays.com\/fr\/wp-json\/wp\/v2\/categories?post=311229"},{"taxonomy":"post_tag","embeddable":true,"href":"https:\/\/www.europesays.com\/fr\/wp-json\/wp\/v2\/tags?post=311229"}],"curies":[{"name":"wp","href":"https:\/\/api.w.org\/{rel}","templated":true}]}}