{"id":311231,"date":"2025-08-11T09:06:55","date_gmt":"2025-08-11T09:06:55","guid":{"rendered":"https:\/\/www.europesays.com\/fr\/311231\/"},"modified":"2025-08-11T09:06:55","modified_gmt":"2025-08-11T09:06:55","slug":"le-maire-en-colere-apres-un-accident-de-la-route","status":"publish","type":"post","link":"https:\/\/www.europesays.com\/fr\/311231\/","title":{"rendered":"le maire en col\u00e8re apr\u00e8s un accident de la route"},"content":{"rendered":"<p><img decoding=\"async\" class=\"\" style=\"width:100%\" src=\"https:\/\/www.europesays.com\/fr\/wp-content\/uploads\/2025\/08\/voiture1754389045780.jpg\" alt=\"Un conducteur de 17 ans s'est encastr\u00e9 dans du mobilier urbain \u00e0 Roche-la-Moli\u00e8re\"\/><\/p>\n<p>Un conducteur de 17 ans s&rsquo;est encastr\u00e9 dans du mobilier urbain \u00e0 Roche-la-Moli\u00e8re<\/p>\n<p>Cr\u00e9dit : Facebook<\/p>\n<p>Un lampadaire cass\u00e9, un panneau de signalisation arrach\u00e9, un arbre d\u00e9racin\u00e9 et une voiture inutilisable. Voil\u00e0 le bilan de l&rsquo;accident survenu dans la nuit du 4 au 5 ao\u00fbt \u00e0 Roche-la-Moli\u00e8re, rue des Jacinthes. Et c&rsquo;est aussi ce qui met le maire de la commune en col\u00e8re.<\/p>\n<p>Vitesse excessive<\/p>\n<p>Sur Facebook, Eric Berlivet d\u00e9nonce un comportement \u00e0 risque de la part du conducteur : r\u00e9cemment titulaire du permi, il roulait \u00e0 \u00ab\u00a0une vitesse largement excessive\u00a0\u00bb dans une portion limit\u00e9e \u00e0 30 km\/h. Heureusement pour lui et ses 4 passagers, ils n&rsquo;ont \u00e9t\u00e9 que l\u00e9g\u00e8rement bless\u00e9s. Le maire rappelle que ce genre d&rsquo;accident a un co\u00fbt : \u00ab\u00a0celui du mobilier urbain et de l&rsquo;intervention des secours, des agents mobilis\u00e9s.\u00a0\u00bb<\/p>\n","protected":false},"excerpt":{"rendered":"Un conducteur de 17 ans s&rsquo;est encastr\u00e9 dans du mobilier urbain \u00e0 Roche-la-Moli\u00e8re Cr\u00e9dit : Facebook Un lampadaire&hellip;\n","protected":false},"author":2,"featured_media":311232,"comment_status":"","ping_status":"","sticky":false,"template":"","format":"standard","meta":{"footnotes":""},"categories":[9653],"tags":[4376,1111,11,2430,1777,674,1011,27,5107,12,6890,1311,25,12490,4001],"class_list":{"0":"post-311231","1":"post","2":"type-post","3":"status-publish","4":"format-standard","5":"has-post-thumbnail","7":"category-saint-etienne","8":"tag-accident-de-la-route","9":"tag-actu","10":"tag-actualites","11":"tag-auvergne-rhone-alpes","12":"tag-eu","13":"tag-europe","14":"tag-fr","15":"tag-france","16":"tag-maire","17":"tag-news","18":"tag-policiers","19":"tag-pompiers","20":"tag-republique-francaise","21":"tag-roche-la-moliere","22":"tag-saint-etienne"},"share_on_mastodon":{"url":"https:\/\/pubeurope.com\/@fr\/115009345532496763","error":""},"_links":{"self":[{"href":"https:\/\/www.europesays.com\/fr\/wp-json\/wp\/v2\/posts\/311231","targetHints":{"allow":["GET"]}}],"collection":[{"href":"https:\/\/www.europesays.com\/fr\/wp-json\/wp\/v2\/posts"}],"about":[{"href":"https:\/\/www.europesays.com\/fr\/wp-json\/wp\/v2\/types\/post"}],"author":[{"embeddable":true,"href":"https:\/\/www.europesays.com\/fr\/wp-json\/wp\/v2\/users\/2"}],"replies":[{"embeddable":true,"href":"https:\/\/www.europesays.com\/fr\/wp-json\/wp\/v2\/comments?post=311231"}],"version-history":[{"count":0,"href":"https:\/\/www.europesays.com\/fr\/wp-json\/wp\/v2\/posts\/311231\/revisions"}],"wp:featuredmedia":[{"embeddable":true,"href":"https:\/\/www.europesays.com\/fr\/wp-json\/wp\/v2\/media\/311232"}],"wp:attachment":[{"href":"https:\/\/www.europesays.com\/fr\/wp-json\/wp\/v2\/media?parent=311231"}],"wp:term":[{"taxonomy":"category","embeddable":true,"href":"https:\/\/www.europesays.com\/fr\/wp-json\/wp\/v2\/categories?post=311231"},{"taxonomy":"post_tag","embeddable":true,"href":"https:\/\/www.europesays.com\/fr\/wp-json\/wp\/v2\/tags?post=311231"}],"curies":[{"name":"wp","href":"https:\/\/api.w.org\/{rel}","templated":true}]}}