{"id":311239,"date":"2025-08-11T09:13:12","date_gmt":"2025-08-11T09:13:12","guid":{"rendered":"https:\/\/www.europesays.com\/fr\/311239\/"},"modified":"2025-08-11T09:13:12","modified_gmt":"2025-08-11T09:13:12","slug":"serin-aurait-tranche-pour-son-avenir-et-pourrait-rejoindre-un-autre-club-de-top-14","status":"publish","type":"post","link":"https:\/\/www.europesays.com\/fr\/311239\/","title":{"rendered":"Serin aurait tranch\u00e9 pour son avenir et pourrait rejoindre un autre club de Top 14"},"content":{"rendered":"<p>La fin d\u2019une belle histoire entre Baptiste Serin et le Rugby Club Toulonnais\u00a0? En 2019, Baptiste Serin avait d\u00e9cid\u00e9 de quitter son club formateur de l\u2019Union Bordeaux-B\u00e8gles pour tenter d\u2019aller garnir son palmar\u00e8s du c\u00f4t\u00e9 du Var. Devenu le chouchou de Mayol et auteur de prestations XXL, le demi de m\u00eal\u00e9e a longtemps d\u00fb ronger son frein avant de disputer des matchs de phase finale.<\/p>\n<p>Serin en route pour Montpellier\u00a0?<\/p>\n<p>Finalement, l\u2019international fran\u00e7ais a particip\u00e9 activement au renouveau du RCT, revenu dans le haut du tableau pour concurrencer le Stade Toulousain et l\u2019UBB. N\u00e9anmoins, Serin arrive en fin de contrat \u00e0 l\u2019issue de la prochaine saison et devrait changer d\u2019air. Selon les informations de <a href=\"https:\/\/www.rugbyscope.fr\/baptiste-jauneau-interet-rc-toulonnais\/\" rel=\"nofollow noopener\" target=\"_blank\">Rugbyscope<\/a>, il aurait r\u00e9pondu favorablement aux avances du MHR, qui lui propose un contrat all\u00e9chant.<\/p>\n<p>Baptiste Serin devrait selon toute vraisemblance disputer sa derni\u00e8re saison sous les couleurs du RCT avant de s\u2019offrir un nouveau d\u00e9fi. Par cons\u00e9quent, Toulon s\u2019active pour lui trouver un rempla\u00e7ant et aurait jet\u00e9 son d\u00e9volu sur Baptiste Jauneau. Le march\u00e9 des neufs promet d\u2019\u00eatre mouvement\u00e9 dans les semaines \u00e0 venir.<\/p>\n<p>Partagez cette info avec vos amis et vos proches en cliquant ici<br \/>Pour r\u00e9sumer<\/p>\n<p>En fin de contrat avec le Rugby Club Toulonnais en fin de saison, Baptiste Serin aurait d\u00e9cid\u00e9 de changer d\u2019air et pourrait s\u2019engager avec une nouvelle \u00e9quipe de Top 14. Le demi de m\u00eal\u00e9e pourrait ainsi rejoindre le MHR.<\/p>\n<p> <img decoding=\"async\" width=\"76\" height=\"76\" loading=\"lazy\" src=\"https:\/\/www.europesays.com\/fr\/wp-content\/uploads\/2025\/04\/avatar-quinze.png\" alt=\"Arnaud D\u00e9chelotte\"\/><\/p>\n","protected":false},"excerpt":{"rendered":"La fin d\u2019une belle histoire entre Baptiste Serin et le Rugby Club Toulonnais\u00a0? En 2019, Baptiste Serin avait&hellip;\n","protected":false},"author":2,"featured_media":311240,"comment_status":"","ping_status":"","sticky":false,"template":"","format":"standard","meta":{"footnotes":""},"categories":[9619],"tags":[1111,11,1777,674,1011,27,12,882,25,2310],"class_list":{"0":"post-311239","1":"post","2":"type-post","3":"status-publish","4":"format-standard","5":"has-post-thumbnail","7":"category-toulon","8":"tag-actu","9":"tag-actualites","10":"tag-eu","11":"tag-europe","12":"tag-fr","13":"tag-france","14":"tag-news","15":"tag-provence-alpes-cote-dazur","16":"tag-republique-francaise","17":"tag-toulon"},"share_on_mastodon":{"url":"https:\/\/pubeurope.com\/@fr\/115009369207279917","error":""},"_links":{"self":[{"href":"https:\/\/www.europesays.com\/fr\/wp-json\/wp\/v2\/posts\/311239","targetHints":{"allow":["GET"]}}],"collection":[{"href":"https:\/\/www.europesays.com\/fr\/wp-json\/wp\/v2\/posts"}],"about":[{"href":"https:\/\/www.europesays.com\/fr\/wp-json\/wp\/v2\/types\/post"}],"author":[{"embeddable":true,"href":"https:\/\/www.europesays.com\/fr\/wp-json\/wp\/v2\/users\/2"}],"replies":[{"embeddable":true,"href":"https:\/\/www.europesays.com\/fr\/wp-json\/wp\/v2\/comments?post=311239"}],"version-history":[{"count":0,"href":"https:\/\/www.europesays.com\/fr\/wp-json\/wp\/v2\/posts\/311239\/revisions"}],"wp:featuredmedia":[{"embeddable":true,"href":"https:\/\/www.europesays.com\/fr\/wp-json\/wp\/v2\/media\/311240"}],"wp:attachment":[{"href":"https:\/\/www.europesays.com\/fr\/wp-json\/wp\/v2\/media?parent=311239"}],"wp:term":[{"taxonomy":"category","embeddable":true,"href":"https:\/\/www.europesays.com\/fr\/wp-json\/wp\/v2\/categories?post=311239"},{"taxonomy":"post_tag","embeddable":true,"href":"https:\/\/www.europesays.com\/fr\/wp-json\/wp\/v2\/tags?post=311239"}],"curies":[{"name":"wp","href":"https:\/\/api.w.org\/{rel}","templated":true}]}}