{"id":311245,"date":"2025-08-11T09:19:09","date_gmt":"2025-08-11T09:19:09","guid":{"rendered":"https:\/\/www.europesays.com\/fr\/311245\/"},"modified":"2025-08-11T09:19:09","modified_gmt":"2025-08-11T09:19:09","slug":"une-nuit-tendue-dans-ces-quartiers","status":"publish","type":"post","link":"https:\/\/www.europesays.com\/fr\/311245\/","title":{"rendered":"une nuit tendue dans ces quartiers"},"content":{"rendered":"<p>            Par<br \/>\n        <strong><br \/>\n            <a href=\"https:\/\/actu.fr\/auteur\/lisa-rodrigues\" title=\"Consulter tous les articles de Lisa Rodrigues\" rel=\"nofollow noopener\" target=\"_blank\">Lisa Rodrigues<\/a><br \/>\n        <\/strong><\/p>\n<p>        Publi\u00e9 le<\/p>\n<p>            11 ao\u00fbt 2025 \u00e0 11h02        <\/p>\n<p>Soir\u00e9e pour le moins agit\u00e9e pour les policiers \u00e0 <a href=\"https:\/\/actu.fr\/auvergne-rhone-alpes\/grenoble_38185\" rel=\"nofollow noopener\" target=\"_blank\">Grenoble<\/a>, dimanche 10 ao\u00fbt. Alors qu\u2019un \u00e9quipe cynophile \u00e9tait en patrouille <strong>rue de l\u2019Alma<\/strong>, un premier projectile arrive \u00e0 leur hauteur vers 22h15, sans faire de bless\u00e9.<\/p>\n<p>    <a href=\"https:\/\/www.google.com\/maps\/embed?pb=!1m18!1m12!1m3!1d2811.795933763576!2d5.73168177613568!3d45.19122697107081!2m3!1f0!2f0!3f0!3m2!1i1024!2i768!4f13.1!3m3!1m2!1s0x478af4f524770287%3A0xbb0b16dea6c31a36!2sRue%20de%20l%27Alma%2C%2038000%20Grenoble!5e0!3m2!1sfr!2sfr!4v1754901536858!5m2!1sfr!2sfr\" title=\"Ouvrie le lien\" rel=\"nofollow noopener\" target=\"_blank\">Cliquez ici pour visualiser le contenu<\/a><\/p>\n<p class=\" wall-content\">Le ou les auteurs, non identifi\u00e9s, ont pris la fuite. Aucune d\u00e9gradation n\u2019a \u00e9t\u00e9 constat\u00e9e.<\/p>\n<p>Un groupe d\u2019individus dispers\u00e9\u00a0<\/p>\n<p class=\" wall-content\">Presque 1h30 plus tard, vers 23h40, c\u2019est cette fois-ci dans le <strong>quartier Hoche<\/strong> qu\u2019un autre \u00e9quipage de police est pris pour cible par plusieurs jets de projectiles.<\/p>\n<p class=\" wall-content\">Un <strong>groupe \u00ab\u00a0hostile\u00a0\u00bb d\u2019individus<\/strong> est alors rep\u00e9r\u00e9. Les policiers ont d\u00fb faire usage de gaz lacrymog\u00e8nes pour les disperser. Op\u00e9ration qui n\u2019a pas fait de bless\u00e9 ni de d\u00e9gradations, selon les forces de l\u2019ordre.<\/p>\n<p class=\" wall-content\">Suivez toute l\u2019actualit\u00e9 de vos villes et m\u00e9dias favoris en vous inscrivant \u00e0 <a href=\"https:\/\/moncompte.actu.fr\" title=\"D\u00e9couvez Mon Actu\" rel=\"nofollow noopener\" data-trk=\"{&quot;cta&quot;:{&quot;action&quot;:&quot;https:\\\/\\\/moncompte.actu.fr&quot;,&quot;category&quot;:&quot;mon compte&quot;,&quot;from&quot;:&quot;article footer&quot;,&quot;name&quot;:&quot;Mon actu&quot;,&quot;type&quot;:&quot;cta&quot;}}\" target=\"_blank\">Mon Actu<\/a>.<\/p>\n","protected":false},"excerpt":{"rendered":"Par Lisa Rodrigues Publi\u00e9 le 11 ao\u00fbt 2025 \u00e0 11h02 Soir\u00e9e pour le moins agit\u00e9e pour les policiers&hellip;\n","protected":false},"author":2,"featured_media":311246,"comment_status":"","ping_status":"","sticky":false,"template":"","format":"standard","meta":{"footnotes":""},"categories":[9566],"tags":[1111,11,2430,1777,674,118,1011,27,2731,12,1072,25],"class_list":{"0":"post-311245","1":"post","2":"type-post","3":"status-publish","4":"format-standard","5":"has-post-thumbnail","7":"category-grenoble","8":"tag-actu","9":"tag-actualites","10":"tag-auvergne-rhone-alpes","11":"tag-eu","12":"tag-europe","13":"tag-faits-divers","14":"tag-fr","15":"tag-france","16":"tag-grenoble","17":"tag-news","18":"tag-police","19":"tag-republique-francaise"},"share_on_mastodon":{"url":"https:\/\/pubeurope.com\/@fr\/115009392965045715","error":""},"_links":{"self":[{"href":"https:\/\/www.europesays.com\/fr\/wp-json\/wp\/v2\/posts\/311245","targetHints":{"allow":["GET"]}}],"collection":[{"href":"https:\/\/www.europesays.com\/fr\/wp-json\/wp\/v2\/posts"}],"about":[{"href":"https:\/\/www.europesays.com\/fr\/wp-json\/wp\/v2\/types\/post"}],"author":[{"embeddable":true,"href":"https:\/\/www.europesays.com\/fr\/wp-json\/wp\/v2\/users\/2"}],"replies":[{"embeddable":true,"href":"https:\/\/www.europesays.com\/fr\/wp-json\/wp\/v2\/comments?post=311245"}],"version-history":[{"count":0,"href":"https:\/\/www.europesays.com\/fr\/wp-json\/wp\/v2\/posts\/311245\/revisions"}],"wp:featuredmedia":[{"embeddable":true,"href":"https:\/\/www.europesays.com\/fr\/wp-json\/wp\/v2\/media\/311246"}],"wp:attachment":[{"href":"https:\/\/www.europesays.com\/fr\/wp-json\/wp\/v2\/media?parent=311245"}],"wp:term":[{"taxonomy":"category","embeddable":true,"href":"https:\/\/www.europesays.com\/fr\/wp-json\/wp\/v2\/categories?post=311245"},{"taxonomy":"post_tag","embeddable":true,"href":"https:\/\/www.europesays.com\/fr\/wp-json\/wp\/v2\/tags?post=311245"}],"curies":[{"name":"wp","href":"https:\/\/api.w.org\/{rel}","templated":true}]}}