{"id":311247,"date":"2025-08-11T09:20:33","date_gmt":"2025-08-11T09:20:33","guid":{"rendered":"https:\/\/www.europesays.com\/fr\/311247\/"},"modified":"2025-08-11T09:20:33","modified_gmt":"2025-08-11T09:20:33","slug":"les-locataires-toujours-oublies-par-les-verts-lfi","status":"publish","type":"post","link":"https:\/\/www.europesays.com\/fr\/311247\/","title":{"rendered":"LES LOCATAIRES TOUJOURS OUBLI\u00c9S PAR LES VERTS\/LFI"},"content":{"rendered":"<p>Posted On 11 ao\u00fbt 2025 <\/p>\n<p style=\"text-align: justify;\"><a target=\"_blank\" href=\"https:\/\/c.ledauphine.com\/societe\/2025\/08\/09\/deja-un-mois-sans-ascenseur-ma-femme-est-en-prison-a-la-maison\" rel=\"noopener\">Le Dauphin\u00e9 Lib\u00e9r\u00e9 (09\/08\/2025)<\/a> se penche sur le calvaire des habitants d&rsquo;un immeuble de Grenoble Habitat qui subissent un mois sans ascenseur en plein \u00e9t\u00e9.  Derri\u00e8re ce fait divers, c\u2019est tout le syst\u00e8me de gestion du logement social par la municipalit\u00e9 Verts\/LFI, d\u00e9connect\u00e9e de l&rsquo;humain, qui est \u00e0 nouveau en accusation.<\/p>\n<p><b>UN \u00c9T\u00c9 ENFERM\u00c9S CHEZ EUX<\/b><\/p>\n<p style=\"text-align: justify;\"><a href=\"https:\/\/grenoble-le-changement.fr\/2025\/08\/10\/villeneuve-lenfer-du-decor-qui-contredit-piolle\/\" target=\"_blank\" rel=\"noopener\">Le journaliste Jean-Beno\u00eet Vigny<\/a> rapporte l&rsquo;\u00e9t\u00e9 infernal v\u00e9cu au 14 rue Jacques-Thibaud, o\u00f9 des habitants, dont de nombreuses personnes \u00e2g\u00e9es, sont priv\u00e9s d&rsquo;ascenseur depuis le 8 juillet. Dans cet immeuble de huit \u00e9tages, chaque d\u00e9placement devient une \u00e9preuve.  Pour les r\u00e9sidents \u00e0 mobilit\u00e9 r\u00e9duite, c\u2019est une assignation \u00e0 r\u00e9sidence pure et simple, r\u00e9sultant de l\u2019incurie d\u2019un bailleur social pourtant cens\u00e9 \u00eatre au service des plus fragiles.\u00a0<\/p>\n<p><a href=\"https:\/\/i1.wp.com\/grenoble-le-changement.fr\/wp-content\/uploads\/2025\/08\/14-rue-jacques-thibaud.png?ssl=1\" rel=\"lightbox[83912] noopener\" target=\"_blank\"><img loading=\"lazy\" decoding=\"async\" class=\" wp-image-83926 jetpack-lazy-image\" src=\"https:\/\/i1.wp.com\/grenoble-le-changement.fr\/wp-content\/uploads\/2025\/08\/14-rue-jacques-thibaud.png?resize=625%2C625&amp;ssl=1\" alt=\"\" width=\"625\" height=\"625\" data-recalc-dims=\"1\" data-lazy-src=\"https:\/\/www.europesays.com\/fr\/wp-content\/uploads\/2025\/08\/14-rue-jacques-thibaud.png\" \/><\/a>Le 14 rue Jacques-Thibaud \u00e0 Grenoble<br \/>\n<b>LES PLUS VULN\u00c9RABLES EN SOUFFRANCE<\/b><\/p>\n<p class=\"p1\" style=\"text-align: justify;\">Un couple de 80 ans t\u00e9moigne ainsi du martyr qu\u2019il subit. Les deux ont des probl\u00e8mes de sant\u00e9 et la femme est comme \u00ab\u00a0en prison \u00e0 la maison \u00bb, elle ne sort plus que pour ses rendez-vous m\u00e9dicaux. Une autre dame qui habite au dernier \u00e9tage n\u2019a pas le choix que de faire des aller-retours et en souffre physiquement, avec des jambes qui enflent anormalement. Une femme qui vient d\u2019accoucher au 7\u00e8me \u00e9tage n\u2019est pas suppos\u00e9e emprunter des escaliers mais n\u2019a pas le choix\u2026<\/p>\n<p><b>L&rsquo;EXPLICATION DE GRENOBLE-HABITAT : L&rsquo;USINE EST FERM\u00c9E !<\/b><\/p>\n<p class=\"p1\" style=\"text-align: justify;\">Le bailleur Grenoble-Habitat explique que la panne n\u2019est pas r\u00e9par\u00e9e parce que\u2026 l\u2019usine qui fabrique la pi\u00e8ce d\u00e9fectueuse de l\u2019ascenseur est ferm\u00e9e l\u2019\u00e9t\u00e9. Inentendable, et \u00e0 juste titre, pour les locataires qui payent leurs charges et souffrent depuis plus d&rsquo;un mois. Comme s\u2019il n\u2019y avait qu\u2019une seule usine en France ! Et bien s\u00fbr aucune date de r\u00e9paration n\u2019est annonc\u00e9e, alors que les rumeurs courent qu&rsquo;il faudrait au moins jusqu&rsquo;\u00e0 la rentr\u00e9e. <a target=\"_blank\" href=\"https:\/\/www.ledauphine.com\/environnement\/2025\/08\/09\/canicule-en-isere-les-40-c-atteints-a-voiron-et-sablons-ce-samedi-39-c-a-grenoble\" rel=\"noopener\">Cette semaine caniculaire<\/a> s&rsquo;annonce fameuse pour ceux forc\u00e9s d&#8217;emprunter les escaliers.\u00a0<\/p>\n<p><b>LA L\u00c9GENDAIRE EFFICACIT\u00c9 DE CLAUS HABFAST ET DES VERTS\/LFI<\/b><\/p>\n<p style=\"text-align: justify;\">Ce que la presse omet syst\u00e9matiquement de rappeler, c&rsquo;est que Grenoble-Habitat n&rsquo;est pas une entit\u00e9 d\u00e9sincarn\u00e9e. Le bailleur est pr\u00e9sid\u00e9 par Claus Habfast (Verts\/LFI), un \u00e9lu de la majorit\u00e9 Piolle. Lors du 1er mandat, il pr\u00e9sidait ALPEXPO, autre exemple de gestion formidable <a href=\"https:\/\/grenoble-le-changement.fr\/2024\/07\/04\/klauss-habfast-adjoint-au-maire-condamne-pour-favoritisme\/\" target=\"_blank\" rel=\"noopener\">qui l&rsquo;a conduit \u00e0 \u00eatre condamn\u00e9 pour favoritisme<\/a>. \u00c0 Grenoble-Habitat, on retrouve avec cette incapacit\u00e9 \u00e0 trouver une pi\u00e8ce d\u00e9tach\u00e9e depuis un mois cette formidable attention aux autres et cette l\u00e9gendaire efficacit\u00e9 de la municipalit\u00e9.<\/p>\n<p><img decoding=\"async\" data-id=\"32010\" src=\"https:\/\/i2.wp.com\/grenoble-le-changement.fr\/wp-content\/uploads\/2018\/12\/Habfsat-Klauss-.png?w=678&amp;ssl=1\" alt=\"\" class=\"wp-image-32010 jetpack-lazy-image\" data-recalc-dims=\"1\" data-lazy-src=\"https:\/\/www.europesays.com\/fr\/wp-content\/uploads\/2025\/08\/Habfsat-Klauss-.png\" \/><\/p>\n<p><img decoding=\"async\" data-id=\"71517\" src=\"https:\/\/i2.wp.com\/grenoble-le-changement.fr\/wp-content\/uploads\/2024\/02\/pierre-bejjaji-eelv.png?w=678&amp;ssl=1\" alt=\"\" class=\"wp-image-71517 jetpack-lazy-image\" data-recalc-dims=\"1\" data-lazy-src=\"https:\/\/www.europesays.com\/fr\/wp-content\/uploads\/2025\/08\/pierre-bejjaji-eelv.png\" \/><br \/>\nClaus Habfast et Pierre Bejjaji, les deux \u00e9lus Verts qui pr\u00e9sident et sont donc responsables de Grenoble-Habitat et ACTIS, ne sont curieusement jamais cit\u00e9s lorsqu&rsquo;il y a un probl\u00e8me avec ces bailleurs.<\/p>\n<p><b>ACCESSIBILIT\u00c9 : LE FIASCO DES BAILLEURS MUNICIPAUX<\/b><\/p>\n<p style=\"text-align: justify;\">Ce fiasco d&rsquo;ascenseur n&rsquo;est qu&rsquo;une la partie \u00e9merg\u00e9e de l&rsquo;iceberg. Pannes \u00e0 r\u00e9p\u00e9tition, portes non automatis\u00e9es pour les personnes en fauteuil, appartements pas aux normes\u2026 Le lot commun de nombreux logements g\u00e9r\u00e9s par les bailleurs pilot\u00e9s par les \u00e9lus Verts\/LFI : Grenoble-Habitat, mais aussi ACTIS, pr\u00e9sid\u00e9 par le Vert Pierre Bejjaji apr\u00e8s Piolle puis son ex 1\u00e8re adjointe LFI Elisa Martin. <a href=\"https:\/\/grenoble-le-changement.fr\/2024\/09\/07\/accessibilite-grenoble-encore-etrillee\/\" target=\"_blank\" rel=\"noopener\">Des probl\u00e8mes d&rsquo;accessibilit\u00e9<\/a> qui font que l&rsquo;on est tr\u00e8s loin de l&rsquo;inclusion qu&rsquo;ils pr\u00f4nent \u00e0 tout bout de champ.<\/p>\n<p><a href=\"https:\/\/i0.wp.com\/grenoble-le-changement.fr\/wp-content\/uploads\/2024\/07\/ascenseurs-handicape\u0301s-Boileau-HLM-.png?ssl=1\" rel=\"lightbox[83912] noopener\" target=\"_blank\"><img loading=\"lazy\" decoding=\"async\" class=\" wp-image-75136 jetpack-lazy-image\" src=\"https:\/\/i0.wp.com\/grenoble-le-changement.fr\/wp-content\/uploads\/2024\/07\/ascenseurs-handicape\u0301s-Boileau-HLM-.png?resize=587%2C487&amp;ssl=1\" alt=\"\" width=\"587\" height=\"487\" data-recalc-dims=\"1\" data-lazy-src=\"https:\/\/i0.wp.com\/grenoble-le-changement.fr\/wp-content\/uploads\/2024\/07\/ascenseurs-handicape\u0301s-Boileau-HLM-.png?resize=587%2C487&amp;is-pending-load=1#038;ssl=1\" \/><\/a>Article du Dauphin\u00e9 qui date&#8230; de 2019. Les champions du monde de l&rsquo;accessibilit\u00e9 n&rsquo;ont pas progress\u00e9 depuis.<br \/>\n<b>ACTIS : UN NAUFRAGE DE LA GESTION PIOLLESQUE<\/b><\/p>\n<p style=\"text-align: justify;\">Il n&rsquo;y a bien s\u00fbr pas que des soucis d&rsquo;accessibilit\u00e9. En fin d&rsquo;ann\u00e9e, il y a eu l&rsquo;exemple particuli\u00e8rement choquant de <a href=\"https:\/\/grenoble-le-changement.fr\/2024\/10\/21\/actis-la-catastrophe-de-la-gestion-des-verts-lfi\/\" target=\"_blank\" rel=\"noopener\">ce couple locataire d&rsquo;ACTIS, rue de Stalingrad<\/a> : priv\u00e9s de chauffage depuis trois ans et subissant des infiltrations d&rsquo;eau depuis une d\u00e9cennie ! Le tout en payant des charges pour l&rsquo;eau chaude et le chauffage dont ils ne b\u00e9n\u00e9ficiaient pas. Tout un symbole de la gestion d\u00e9sastreuse, d\u00e9shumanis\u00e9e d&rsquo;ACTIS par les Rouge\/Verts depuis 2014.<\/p>\n<p><b>RUE DE STALINGRAD, AVENUE DE CONSTANTINE : M\u00caME ABANDON<\/b><\/p>\n<p style=\"text-align: justify;\"><a target=\"_blank\" href=\"https:\/\/c.ledauphine.com\/social\/2025\/01\/05\/on-se-sent-abandonne-par-grenoble-habitat-face-a-l-insalubrite-de-leurs-logements-des-habitants-se-revoltent\" rel=\"noopener\">En d\u00e9but d&rsquo;ann\u00e9e, c&rsquo;\u00e9tait au tour des locataires du 16 avenue de Constantine<\/a>, un immeuble de Grenoble-Habitat de d\u00e9noncer leur calvaire.\u00a0Au programme : infiltrations, humidit\u00e9, moisissures dangereuses pour la sant\u00e9 au point d&rsquo;endommager le poumon d&rsquo;un habitant, ou encore chauffage d\u00e9faillant en plein hiver avec des temp\u00e9ratures descendant sous les 16\u00b0C.  Un sch\u00e9ma qui se r\u00e9p\u00e8te : l&rsquo;inattention aux autres des Verts\/LFI est en fait syst\u00e9mique.<\/p>\n<p><img decoding=\"async\" data-id=\"71442\" src=\"https:\/\/i1.wp.com\/grenoble-le-changement.fr\/wp-content\/uploads\/2024\/01\/IMG_4941-scaled.jpg?w=678&amp;ssl=1\" alt=\"\" class=\"wp-image-71442 jetpack-lazy-image\" data-recalc-dims=\"1\" data-lazy-src=\"https:\/\/www.europesays.com\/fr\/wp-content\/uploads\/2025\/08\/IMG_4941-scaled.jpg\" \/><br \/>\nAu 2 all\u00e9e du Lys Rouge, en plein hiver, une locataire a pass\u00e9 des dizaines de jours sans chauffage, transie de froid, en raison d&rsquo;une panne. La compagnie de chauffage pr\u00e9sid\u00e9e par le LFI adjoint au maire Alan Confesson n&rsquo;arrivait pas \u00e0 se procurer les cl\u00e9s des appartements vides o\u00f9 il y avait la panne aupr\u00e8s du bailleur ACTIS pr\u00e9sid\u00e9 par le Vert Claus Habfast&#8230; Les deux si\u00e8gent ensemble au conseil municipal et sont incapables de coordonner l&rsquo;action de leurs institutions !<\/p>\n<p><b>LE \u00ab\u00a0PERMIS DE LOUER\u00a0\u00bb : FAITES CE QUE JE DIS, PAS CE QUE JE FAIS<\/b><\/p>\n<p style=\"text-align: justify;\">Rappelons que pendant que des locataires du parc social vivent dans ces conditions indignes, la municipalit\u00e9 Piolle se vante d&rsquo;avoir <a href=\"https:\/\/grenoble-le-changement.fr\/2024\/07\/30\/un-permis-de-louer-impose-%ef%bf%bc-par-la-municipalite-aux-proprietaires\/\" target=\"_blank\" rel=\"noopener\">instaur\u00e9 un \u00ab\u00a0permis de louer\u00a0\u00bb<\/a> pour contr\u00f4ler la salubrit\u00e9 des logements priv\u00e9s.  \u00c0 ce stade, ce n&rsquo;est plus du culot mais de l&rsquo;irrespect. Les \u00e9lus Verts\/LFI, chroniquement incapables d&rsquo;assurer des conditions de vie d\u00e9centes dans les appartements dont ils ont la charge, donnent des le\u00e7ons aux autres.\u00a0<\/p>\n<p><b>LA M\u00c9THODE PIOLLE : DES PROMESSES, PAS DE CONCRET<\/b><\/p>\n<p style=\"text-align: justify;\">\u00ab Comme d&rsquo;habitude, on nous a fait des promesses, mais ils n&rsquo;ont pris aucun engagement concret \u00bb : cette conclusion d&rsquo;une locataire de l&rsquo;avenue de Constantine r\u00e9sume finalement parfaitement la m\u00e9thode Piolle.  Des paroles pour endormir, des \u00e9l\u00e9ments de langage pour la presse, mais sur le terrain, des habitants abandonn\u00e9s \u00e0 leur sort. Pendant que les locataires encaissent, <a href=\"https:\/\/grenoble-le-changement.fr\/2025\/08\/10\/villeneuve-lenfer-du-decor-qui-contredit-piolle\/\" target=\"_blank\" rel=\"noopener\">les \u00e9lus d\u00e9roulent une comm&rsquo; huil\u00e9e, d\u00e9connect\u00e9e de la souffrance du quotidien.\u00a0<\/a><\/p>\n<p><a href=\"https:\/\/grenoble-le-changement.fr\/wp-content\/uploads\/2023\/01\/affiche-immeuble-cafards-rue-pierre-semard.png.webp\" rel=\"lightbox[83912] noopener\" target=\"_blank\"><img loading=\"lazy\" decoding=\"async\" class=\"size-full wp-image-57154 jetpack-lazy-image\" src=\"https:\/\/grenoble-le-changement.fr\/wp-content\/uploads\/2023\/01\/affiche-immeuble-cafards-rue-pierre-semard.png.webp\" alt=\"\" width=\"515\" height=\"587\" data-lazy-src=\"https:\/\/www.europesays.com\/fr\/wp-content\/uploads\/2025\/08\/affiche-immeuble-cafards-rue-pierre-semard.png.webp\" \/><\/a>Rue Pierre S\u00e9mard, pendant plus d&rsquo;un an, des locataires Grenoble-Habitat (encore !) ont subi une invasion de cafard <a href=\"https:\/\/grenoble-le-changement.fr\/2022\/11\/20\/rue-pierre-semard-une-invasion-de-cafards-depuis-plus-dun-an\/\" target=\"_blank\" rel=\"noopener\">parce que le bailleur ne parvenait pas \u00e0 nettoyer un appartement vide et insalubre<\/a>..<br \/>\n<b>5000 LOGEMENTS DE PLUS : POUR QUELLE INDIGNIT\u00c9 ?<\/b><\/p>\n<p style=\"text-align: justify;\">Malgr\u00e9 ce bilan catastrophique, les \u00e9lus Verts qui portent la candidature de Laurence Ruffin annoncent vouloir construire 5000 logements sociaux suppl\u00e9mentaires s&rsquo;ils sont \u00e9lus en mars prochain&#8230; alors qu&rsquo;ils sont d\u00e9j\u00e0 incapables d&rsquo;entretenir dignement le parc existant. Il est grand temps de tourner la page de cette politique du chiffre et de l&rsquo;annonce pour enfin recentrer l&rsquo;action municipale sur le respect de l&rsquo;humain.<\/p>\n<p style=\"text-align: justify;\">R\u00e9parer ce qui ne fonctionne pas plut\u00f4t que de s&rsquo;enfermer dans une fuite en avant, recr\u00e9er du lien et respecter les Grenoblois en s&rsquo;occupant de leurs probl\u00e8mes du quotidien y compris dans les logements sociaux : <a href=\"https:\/\/grenoble-le-changement.fr\/2025\/06\/01\/la-gauche-qui-agit-un-nouveau-groupe-qui-change-la-donne-municipale\/\" target=\"_blank\" rel=\"noopener\">le projet que porte Alain Carignon, avec le collectif \u00ab\u00a0R\u00e9concilier Grenoble\u00a0\u00bb et le groupe \u00ab\u00a0La Gauche qui Agit\u00a0\u00bb<\/a> qui regroupe nombre d&rsquo;acteurs de terrains exc\u00e9d\u00e9s par le bilan de la \u00ab\u00a0gauche\u00a0\u00bb Piollesque depuis 12 ans.\u00a0<\/p>\n","protected":false},"excerpt":{"rendered":"Posted On 11 ao\u00fbt 2025 Le Dauphin\u00e9 Lib\u00e9r\u00e9 (09\/08\/2025) se penche sur le calvaire des habitants d&rsquo;un immeuble&hellip;\n","protected":false},"author":2,"featured_media":311248,"comment_status":"","ping_status":"","sticky":false,"template":"","format":"standard","meta":{"footnotes":""},"categories":[9566],"tags":[1111,11,9601,11148,2430,34392,10131,9607,1777,674,1011,27,2731,10307,10136,12,31379,25],"class_list":{"0":"post-311247","1":"post","2":"type-post","3":"status-publish","4":"format-standard","5":"has-post-thumbnail","7":"category-grenoble","8":"tag-actu","9":"tag-actualites","10":"tag-alain-carignon","11":"tag-alan-confesson","12":"tag-auvergne-rhone-alpes","13":"tag-claus-habfast","14":"tag-elisa-martin","15":"tag-eric-piolle","16":"tag-eu","17":"tag-europe","18":"tag-fr","19":"tag-france","20":"tag-grenoble","21":"tag-jean-benoit-vigny","22":"tag-laurence-ruffin","23":"tag-news","24":"tag-pierre-bejjaji","25":"tag-republique-francaise"},"share_on_mastodon":{"url":"https:\/\/pubeurope.com\/@fr\/115009396794055330","error":""},"_links":{"self":[{"href":"https:\/\/www.europesays.com\/fr\/wp-json\/wp\/v2\/posts\/311247","targetHints":{"allow":["GET"]}}],"collection":[{"href":"https:\/\/www.europesays.com\/fr\/wp-json\/wp\/v2\/posts"}],"about":[{"href":"https:\/\/www.europesays.com\/fr\/wp-json\/wp\/v2\/types\/post"}],"author":[{"embeddable":true,"href":"https:\/\/www.europesays.com\/fr\/wp-json\/wp\/v2\/users\/2"}],"replies":[{"embeddable":true,"href":"https:\/\/www.europesays.com\/fr\/wp-json\/wp\/v2\/comments?post=311247"}],"version-history":[{"count":0,"href":"https:\/\/www.europesays.com\/fr\/wp-json\/wp\/v2\/posts\/311247\/revisions"}],"wp:featuredmedia":[{"embeddable":true,"href":"https:\/\/www.europesays.com\/fr\/wp-json\/wp\/v2\/media\/311248"}],"wp:attachment":[{"href":"https:\/\/www.europesays.com\/fr\/wp-json\/wp\/v2\/media?parent=311247"}],"wp:term":[{"taxonomy":"category","embeddable":true,"href":"https:\/\/www.europesays.com\/fr\/wp-json\/wp\/v2\/categories?post=311247"},{"taxonomy":"post_tag","embeddable":true,"href":"https:\/\/www.europesays.com\/fr\/wp-json\/wp\/v2\/tags?post=311247"}],"curies":[{"name":"wp","href":"https:\/\/api.w.org\/{rel}","templated":true}]}}