{"id":311249,"date":"2025-08-11T09:21:09","date_gmt":"2025-08-11T09:21:09","guid":{"rendered":"https:\/\/www.europesays.com\/fr\/311249\/"},"modified":"2025-08-11T09:21:09","modified_gmt":"2025-08-11T09:21:09","slug":"avec-la-canicule-lindice-de-la-qualite-de-lair-vire-au-rouge","status":"publish","type":"post","link":"https:\/\/www.europesays.com\/fr\/311249\/","title":{"rendered":"avec la canicule, l&rsquo;indice de la qualit\u00e9 de l&rsquo;air vire au rouge"},"content":{"rendered":"<p>            Par<br \/>\n        <strong><br \/>\n            <a href=\"https:\/\/actu.fr\/auteur\/lou-batteux\" title=\"Consulter tous les articles de Lou Batteux\" target=\"_blank\" rel=\"noopener\">Lou Batteux<\/a><br \/>\n        <\/strong><\/p>\n<p>        Publi\u00e9 le<\/p>\n<p>            11 ao\u00fbt 2025 \u00e0 10h41        <\/p>\n<p>Les indices de qualit\u00e9 de l\u2019air ambiant (ATMO) informent sur le <strong>niveau de pollution<\/strong> de l\u2019air, partout en France. L\u2019organisme <strong>AirBreizh<\/strong> analyse notamment la concentration dans l\u2019air de <strong>cinq polluants<\/strong> atmosph\u00e9riques.<\/p>\n<p class=\" wall-content\"><strong>Alerte rouge\u2009<\/strong>: lundi 11\u00a0ao\u00fbt, la qualit\u00e9 de l\u2019air est jug\u00e9e <strong>mauvaise<\/strong> selon l\u2019association en raison d\u2019une pr\u00e9sence importante <strong>d\u2019ozone<\/strong> (O3) \u00ab\u2009due aux fortes chaleurs\u2009\u00bb, explique <strong>Victor Monsard<\/strong>, ing\u00e9nieur num\u00e9rique chez AirBreizh.<\/p>\n<p class=\" wall-content\">\n<p class=\" wall-content\"><strong>L\u2019indice pollen<\/strong>, qui caract\u00e9rise quant \u00e0 lui la concentration des pollens dans l\u2019air, reste faible.<\/p>\n<blockquote class=\"ac-article-quote wall-content\">\n<p>Demain, l&rsquo;ATMO rechute. La vigilance sera jaune, c&rsquo;est-\u00e0-dire d\u00e9grad\u00e9e, et non plus rouge partout en Ille-et-Vilaine.<\/p>\n<p>    <strong>Victor Monsard<\/strong><br \/>\n        Ing\u00e9nieur num\u00e9rique chez AirBreizh    <\/p><\/blockquote>\n<p>Les bons comportements<\/p>\n<p class=\" wall-content\">Face \u00e0 cette alerte rouge, Victor Monsard conseille <strong>d\u2019\u00e9viter de faire du sport<\/strong> aux heures les plus chaudes de la journ\u00e9e. Privil\u00e9giez <strong>l\u2019a\u00e9ration<\/strong> de vos pi\u00e8ces t\u00f4t le matin et pensez \u00e9galement \u00e0 bien vous <strong>hydrater<\/strong>.<\/p>\n<p class=\" wall-content\">Suivez toute l\u2019actualit\u00e9 de vos villes et m\u00e9dias favoris en vous inscrivant \u00e0 <a href=\"https:\/\/moncompte.actu.fr\" title=\"D\u00e9couvez Mon Actu\" rel=\"nofollow noopener\" data-trk=\"{&quot;cta&quot;:{&quot;action&quot;:&quot;https:\\\/\\\/moncompte.actu.fr&quot;,&quot;category&quot;:&quot;mon compte&quot;,&quot;from&quot;:&quot;article footer&quot;,&quot;name&quot;:&quot;Mon actu&quot;,&quot;type&quot;:&quot;cta&quot;}}\" target=\"_blank\">Mon Actu<\/a>.<\/p>\n","protected":false},"excerpt":{"rendered":"Par Lou Batteux Publi\u00e9 le 11 ao\u00fbt 2025 \u00e0 10h41 Les indices de qualit\u00e9 de l\u2019air ambiant (ATMO)&hellip;\n","protected":false},"author":2,"featured_media":311250,"comment_status":"","ping_status":"","sticky":false,"template":"","format":"standard","meta":{"footnotes":""},"categories":[2821],"tags":[1111,11,829,6698,1777,674,1011,27,12,52,1800,584,25],"class_list":{"0":"post-311249","1":"post","2":"type-post","3":"status-publish","4":"format-standard","5":"has-post-thumbnail","7":"category-rennes","8":"tag-actu","9":"tag-actualites","10":"tag-bretagne","11":"tag-canicule","12":"tag-eu","13":"tag-europe","14":"tag-fr","15":"tag-france","16":"tag-news","17":"tag-planete","18":"tag-pollution","19":"tag-rennes","20":"tag-republique-francaise"},"share_on_mastodon":{"url":"https:\/\/pubeurope.com\/@fr\/115009400679020727","error":""},"_links":{"self":[{"href":"https:\/\/www.europesays.com\/fr\/wp-json\/wp\/v2\/posts\/311249","targetHints":{"allow":["GET"]}}],"collection":[{"href":"https:\/\/www.europesays.com\/fr\/wp-json\/wp\/v2\/posts"}],"about":[{"href":"https:\/\/www.europesays.com\/fr\/wp-json\/wp\/v2\/types\/post"}],"author":[{"embeddable":true,"href":"https:\/\/www.europesays.com\/fr\/wp-json\/wp\/v2\/users\/2"}],"replies":[{"embeddable":true,"href":"https:\/\/www.europesays.com\/fr\/wp-json\/wp\/v2\/comments?post=311249"}],"version-history":[{"count":0,"href":"https:\/\/www.europesays.com\/fr\/wp-json\/wp\/v2\/posts\/311249\/revisions"}],"wp:featuredmedia":[{"embeddable":true,"href":"https:\/\/www.europesays.com\/fr\/wp-json\/wp\/v2\/media\/311250"}],"wp:attachment":[{"href":"https:\/\/www.europesays.com\/fr\/wp-json\/wp\/v2\/media?parent=311249"}],"wp:term":[{"taxonomy":"category","embeddable":true,"href":"https:\/\/www.europesays.com\/fr\/wp-json\/wp\/v2\/categories?post=311249"},{"taxonomy":"post_tag","embeddable":true,"href":"https:\/\/www.europesays.com\/fr\/wp-json\/wp\/v2\/tags?post=311249"}],"curies":[{"name":"wp","href":"https:\/\/api.w.org\/{rel}","templated":true}]}}