{"id":311254,"date":"2025-08-11T09:25:09","date_gmt":"2025-08-11T09:25:09","guid":{"rendered":"https:\/\/www.europesays.com\/fr\/311254\/"},"modified":"2025-08-11T09:25:09","modified_gmt":"2025-08-11T09:25:09","slug":"un-homme-de-73-ans-meurt-en-perdant-le-controle-de-sa-voiture-sur-lautoroute","status":"publish","type":"post","link":"https:\/\/www.europesays.com\/fr\/311254\/","title":{"rendered":"un homme de 73 ans meurt en perdant le contr\u00f4le de sa voiture sur l&rsquo;autoroute"},"content":{"rendered":"<p>            Par<br \/>\n        <strong><br \/>\n            <a href=\"https:\/\/actu.fr\/auteur\/redaction-strasbourg\" title=\"Consulter tous les articles de R\u00e9daction Strasbourg\" target=\"_blank\" rel=\"noopener\">R\u00e9daction Strasbourg<\/a><br \/>\n        <\/strong><\/p>\n<p>        Publi\u00e9 le<\/p>\n<p>            11 ao\u00fbt 2025 \u00e0 9h42        <\/p>\n<p>Une quinzaine de<strong> sapeurs-pompiers<\/strong> est intervenue samedi 9\u00a0ao\u00fbt pour venir en aide \u00e0 un homme ayant effectu\u00e9<strong> une sortie de route<\/strong> \u00e0 bord de son v\u00e9hicule sur<strong> l\u2019A35<\/strong> dans le sens <a href=\"https:\/\/actu.fr\/strasbourg\/\" target=\"_blank\" rel=\"noopener\">Strasbourg<\/a>\/Colmar \u00e0 hauteur de<strong> Dambach-la-Ville (Bas-Rhin)<\/strong>. La victime, un homme de 73 ans, est <strong>d\u00e9c\u00e9d\u00e9 sur les lieux de <\/strong>l\u2019<a href=\"https:\/\/actu.fr\/tag\/accident\" target=\"_blank\" rel=\"noopener\">accident<\/a><strong>.<\/strong><\/p>\n<p>La victime en arr\u00eat cardio-respiratoire<\/p>\n<p class=\" wall-content\">Le v\u00e9hicule du septuag\u00e9naire s\u2019est retrouv\u00e9 dans un champ en contrebas de l\u2019axe autoroutier peu avant 10h30. La victime, non incarc\u00e9r\u00e9e dans l\u2019habitacle, \u00e9tait en <strong>arr\u00eat cardio-respiratoire<\/strong> \u00e0 l\u2019arriv\u00e9e des secours.<\/p>\n<p class=\" wall-content\">Malgr\u00e9 la prise en charge de ces derniers et le d\u00e9ploiement de l\u2019h\u00e9licopt\u00e8re de la S\u00e9curit\u00e9 civile, l\u2019homme a \u00e9t\u00e9 d\u00e9clar\u00e9 <strong>d\u00e9c\u00e9d\u00e9<\/strong> \u00e0 l\u2019issue des man\u0153uvres de r\u00e9animation.<\/p>\n<p class=\" wall-content\">Les raisons de cette perte de contr\u00f4le n\u2019ont pas \u00e9t\u00e9 d\u00e9taill\u00e9es.<\/p>\n<p class=\" wall-content\">Suivez toute l\u2019actualit\u00e9 de vos villes et m\u00e9dias favoris en vous inscrivant \u00e0 <a href=\"https:\/\/moncompte.actu.fr\" title=\"D\u00e9couvez Mon Actu\" rel=\"nofollow noopener\" data-trk=\"{&quot;cta&quot;:{&quot;action&quot;:&quot;https:\\\/\\\/moncompte.actu.fr&quot;,&quot;category&quot;:&quot;mon compte&quot;,&quot;from&quot;:&quot;article footer&quot;,&quot;name&quot;:&quot;Mon actu&quot;,&quot;type&quot;:&quot;cta&quot;}}\" target=\"_blank\">Mon Actu<\/a>.<\/p>\n","protected":false},"excerpt":{"rendered":"Par R\u00e9daction Strasbourg Publi\u00e9 le 11 ao\u00fbt 2025 \u00e0 9h42 Une quinzaine de sapeurs-pompiers est intervenue samedi 9\u00a0ao\u00fbt&hellip;\n","protected":false},"author":2,"featured_media":280067,"comment_status":"","ping_status":"","sticky":false,"template":"","format":"standard","meta":{"footnotes":""},"categories":[2820],"tags":[119,1111,11,16458,1777,674,118,1011,27,775,12,1311,25,640],"class_list":{"0":"post-311254","1":"post","2":"type-post","3":"status-publish","4":"format-standard","5":"has-post-thumbnail","7":"category-strasbourg","8":"tag-accident","9":"tag-actu","10":"tag-actualites","11":"tag-autoroute-35-a35","12":"tag-eu","13":"tag-europe","14":"tag-faits-divers","15":"tag-fr","16":"tag-france","17":"tag-grand-est","18":"tag-news","19":"tag-pompiers","20":"tag-republique-francaise","21":"tag-strasbourg"},"share_on_mastodon":{"url":"https:\/\/pubeurope.com\/@fr\/115009416307197316","error":""},"_links":{"self":[{"href":"https:\/\/www.europesays.com\/fr\/wp-json\/wp\/v2\/posts\/311254","targetHints":{"allow":["GET"]}}],"collection":[{"href":"https:\/\/www.europesays.com\/fr\/wp-json\/wp\/v2\/posts"}],"about":[{"href":"https:\/\/www.europesays.com\/fr\/wp-json\/wp\/v2\/types\/post"}],"author":[{"embeddable":true,"href":"https:\/\/www.europesays.com\/fr\/wp-json\/wp\/v2\/users\/2"}],"replies":[{"embeddable":true,"href":"https:\/\/www.europesays.com\/fr\/wp-json\/wp\/v2\/comments?post=311254"}],"version-history":[{"count":0,"href":"https:\/\/www.europesays.com\/fr\/wp-json\/wp\/v2\/posts\/311254\/revisions"}],"wp:featuredmedia":[{"embeddable":true,"href":"https:\/\/www.europesays.com\/fr\/wp-json\/wp\/v2\/media\/280067"}],"wp:attachment":[{"href":"https:\/\/www.europesays.com\/fr\/wp-json\/wp\/v2\/media?parent=311254"}],"wp:term":[{"taxonomy":"category","embeddable":true,"href":"https:\/\/www.europesays.com\/fr\/wp-json\/wp\/v2\/categories?post=311254"},{"taxonomy":"post_tag","embeddable":true,"href":"https:\/\/www.europesays.com\/fr\/wp-json\/wp\/v2\/tags?post=311254"}],"curies":[{"name":"wp","href":"https:\/\/api.w.org\/{rel}","templated":true}]}}