{"id":311255,"date":"2025-08-11T09:26:09","date_gmt":"2025-08-11T09:26:09","guid":{"rendered":"https:\/\/www.europesays.com\/fr\/311255\/"},"modified":"2025-08-11T09:26:09","modified_gmt":"2025-08-11T09:26:09","slug":"canicule-a-nice-des-temperatures-etouffantes-annoncees-et-ca-va-durer","status":"publish","type":"post","link":"https:\/\/www.europesays.com\/fr\/311255\/","title":{"rendered":"Canicule \u00e0 Nice. Des temp\u00e9ratures \u00e9touffantes annonc\u00e9es et \u00e7a va durer"},"content":{"rendered":"<p>            Par<br \/>\n        <strong><br \/>\n            <a href=\"https:\/\/actu.fr\/auteur\/ugo-maillard\" title=\"Consulter tous les articles de Ugo Maillard\" target=\"_blank\" rel=\"noopener\">Ugo Maillard<\/a><br \/>\n        <\/strong><\/p>\n<p>        Publi\u00e9 le<\/p>\n<p>            11 ao\u00fbt 2025 \u00e0 10h33        <\/p>\n<p>\u00c0 l\u2019instar de toute la moiti\u00e9 sud de la France, le d\u00e9partement des <a href=\"https:\/\/actu.fr\/provence-alpes-cote-d-azur\/alpes-maritimes_06\" target=\"_blank\" rel=\"noopener\">Alpes-Maritimes<\/a> est plac\u00e9 en <strong>vigilance orange canicule<\/strong> ce lundi 11\u00a0ao\u00fbt 2025.<\/p>\n<p class=\" wall-content\">Les temp\u00e9ratures vont grimper, notamment \u00e0 <a href=\"https:\/\/actu.fr\/nice\/\" target=\"_blank\" rel=\"noopener\">Nice<\/a> o\u00f9 le mercure va afficher jusqu\u2019\u00e0 33\u00b0C.<\/p>\n<p class=\" wall-content\">On fait le point sur les pr\u00e9visions m\u00e9t\u00e9orologiques de ces prochaines heures.<\/p>\n<p>Le mercure ne descend pas en dessous de 26\u00b0C<\/p>\n<p class=\" wall-content\">Lundi, les temp\u00e9ratures seront comprises <strong>entre 26\u00b0C et 33\u00b0C<\/strong>. Le ciel sera ensoleill\u00e9 tout au long de la journ\u00e9e.<\/p>\n<p class=\" wall-content\">Dans le d\u00e9partement, des pics de chaleur pouvant aller <strong>jusqu\u2019\u00e0 39\u00b0 seront relev\u00e9s \u00e0 Roquebilli\u00e8re<\/strong>.<\/p>\n<p>Une canicule qui va durer<\/p>\n<p class=\" wall-content\">Selon les donn\u00e9es de M\u00e9t\u00e9o France, cet \u00e9pisode caniculaire qui touche la France et les Alpes-Maritimes va durer.<\/p>\n<p class=\" wall-content\">Le thermom\u00e8tre va encore grimper et la vigilance \u00e9mise par le service officiel de la m\u00e9t\u00e9orologie et de la climatologie en France devrait \u00eatre prolong\u00e9e jusqu\u2019\u00e0 la fin de la semaine.<\/p>\n<p class=\" wall-content\">La journ\u00e9e de mardi devrait \u00eatre particuli\u00e8rement \u00e9touffante avec un pic \u00e0 34\u00b0C et une <strong>temp\u00e9rature minimale de 28\u00b0C<\/strong> la nuit.<\/p>\n<p class=\" wall-content\">Suivez toute l\u2019actualit\u00e9 de vos villes et m\u00e9dias favoris en vous inscrivant \u00e0 <a href=\"https:\/\/moncompte.actu.fr\" title=\"D\u00e9couvez Mon Actu\" rel=\"nofollow noopener\" data-trk=\"{&quot;cta&quot;:{&quot;action&quot;:&quot;https:\\\/\\\/moncompte.actu.fr&quot;,&quot;category&quot;:&quot;mon compte&quot;,&quot;from&quot;:&quot;article footer&quot;,&quot;name&quot;:&quot;Mon actu&quot;,&quot;type&quot;:&quot;cta&quot;}}\" target=\"_blank\">Mon Actu<\/a>.<\/p>\n","protected":false},"excerpt":{"rendered":"Par Ugo Maillard Publi\u00e9 le 11 ao\u00fbt 2025 \u00e0 10h33 \u00c0 l\u2019instar de toute la moiti\u00e9 sud de&hellip;\n","protected":false},"author":2,"featured_media":244165,"comment_status":"","ping_status":"","sticky":false,"template":"","format":"standard","meta":{"footnotes":""},"categories":[2819],"tags":[1111,11,6698,1777,674,1011,27,2487,2357,12,2401,882,25],"class_list":{"0":"post-311255","1":"post","2":"type-post","3":"status-publish","4":"format-standard","5":"has-post-thumbnail","7":"category-nice","8":"tag-actu","9":"tag-actualites","10":"tag-canicule","11":"tag-eu","12":"tag-europe","13":"tag-fr","14":"tag-france","15":"tag-meteo","16":"tag-meteo-france","17":"tag-news","18":"tag-nice","19":"tag-provence-alpes-cote-dazur","20":"tag-republique-francaise"},"share_on_mastodon":{"url":"https:\/\/pubeurope.com\/@fr\/115009420265347202","error":""},"_links":{"self":[{"href":"https:\/\/www.europesays.com\/fr\/wp-json\/wp\/v2\/posts\/311255","targetHints":{"allow":["GET"]}}],"collection":[{"href":"https:\/\/www.europesays.com\/fr\/wp-json\/wp\/v2\/posts"}],"about":[{"href":"https:\/\/www.europesays.com\/fr\/wp-json\/wp\/v2\/types\/post"}],"author":[{"embeddable":true,"href":"https:\/\/www.europesays.com\/fr\/wp-json\/wp\/v2\/users\/2"}],"replies":[{"embeddable":true,"href":"https:\/\/www.europesays.com\/fr\/wp-json\/wp\/v2\/comments?post=311255"}],"version-history":[{"count":0,"href":"https:\/\/www.europesays.com\/fr\/wp-json\/wp\/v2\/posts\/311255\/revisions"}],"wp:featuredmedia":[{"embeddable":true,"href":"https:\/\/www.europesays.com\/fr\/wp-json\/wp\/v2\/media\/244165"}],"wp:attachment":[{"href":"https:\/\/www.europesays.com\/fr\/wp-json\/wp\/v2\/media?parent=311255"}],"wp:term":[{"taxonomy":"category","embeddable":true,"href":"https:\/\/www.europesays.com\/fr\/wp-json\/wp\/v2\/categories?post=311255"},{"taxonomy":"post_tag","embeddable":true,"href":"https:\/\/www.europesays.com\/fr\/wp-json\/wp\/v2\/tags?post=311255"}],"curies":[{"name":"wp","href":"https:\/\/api.w.org\/{rel}","templated":true}]}}