{"id":31127,"date":"2025-04-17T07:30:17","date_gmt":"2025-04-17T07:30:17","guid":{"rendered":"https:\/\/www.europesays.com\/fr\/31127\/"},"modified":"2025-04-17T07:30:17","modified_gmt":"2025-04-17T07:30:17","slug":"le-cirque-les-kipounis-fait-escale-a-saint-ferreol-dauroure-les-26-et-27-avril","status":"publish","type":"post","link":"https:\/\/www.europesays.com\/fr\/31127\/","title":{"rendered":"Le cirque Les Kipouni&rsquo;s fait escale \u00e0 Saint-Ferr\u00e9ol-d&rsquo;Auroure les 26 et 27 avril"},"content":{"rendered":"<p>\t\t\t\t\t\t\t\t\t\t\t\t\t\t\t\t\t\t\t\t\t\t\t\t\t\t\t\t\t\t\t\t\t\t\t\t\t\t\t\t\t\t\t\t\t\t\t\t\t\t\t\t\t\t\t\t\t\t\t\t\t\t\t<a href=\"https:\/\/www.lacommere43.fr\/component\/banners\/click\/1745.html\" target=\"_blank\" title=\"Tence Carrefour Market livraison domicile mars 2025\" rel=\"nofollow noopener\"><br \/>\n\t\t\t\t\t\t\t<img decoding=\"async\" src=\"https:\/\/www.europesays.com\/fr\/wp-content\/uploads\/2025\/04\/Livraison__Domiciecarr_.jpg\" alt=\"Tence Carrefour Market livraison domicile mars 2025\"\/><br \/>\n\t\t\t\t\t\t<\/a><\/p>\n<p>\t\t\t\t\t\t\t\t\t\t\t\t\t\t\t\t\t\t\t\t\t\t\t\t\t\t\t\t\t\t\t\t\t\t\t\t\t\t\t\t\t\t\t\t\t\t\t\t\t\t\t\t\t\t\t\t\t\t\t\t\t\t\t<a href=\"https:\/\/www.lacommere43.fr\/component\/banners\/click\/1751.html\" target=\"_blank\" title=\"Chevalier Fr\u00e8res avril 2025\" rel=\"nofollow noopener\"><br \/>\n\t\t\t\t\t\t\t<img decoding=\"async\" src=\"https:\/\/www.europesays.com\/fr\/wp-content\/uploads\/2025\/04\/chevalier-fraise.jpg\" alt=\"Chevalier Fr\u00e8res avril 2025\"\/><br \/>\n\t\t\t\t\t\t<\/a><\/p>\n<p><strong>Saint-Ferr\u00e9ol-d&rsquo;Auroure s&rsquo;appr\u00eate \u00e0 accueillir une parenth\u00e8se enchant\u00e9e les 26 et 27 avril\u00a0 avec \u00ab\u00a0KIP, grand voyageur itin\u00e9rant\u00a0\u00bb par les Kipouni&rsquo;s.<\/strong><\/p>\n<p>La compagnie-\u00e9cole de cirque st\u00e9phanoise Les Kipouni&rsquo;s investira le terrain stabilis\u00e9 du Mont avec son d\u00f4me g\u00e9od\u00e9sique, petit cocon de toile et de r\u00eaves, pour une quinzaine de jours d&rsquo;animations et de spectacles. Limit\u00e9 \u00e0 50 places, ce chapiteau intimiste promet une exp\u00e9rience artistique hors du commun. Jonglage, ateliers a\u00e9riens pour les ados pendant les vacances scolaires, s\u00e9ances d\u00e9di\u00e9es aux \u00e9tablissements scolaires&#8230; La commune vibrera au rythme des arts du cirque dans une ambiance chaleureuse et familiale.\u00a0<\/p>\n<p><strong>Deux repr\u00e9sentations<\/strong><\/p>\n<p>Point d&rsquo;orgue de cette escale : deux repr\u00e9sentations du spectacle \u00ab\u00a0KIP, grand voyageur itin\u00e9rant\u00a0\u00bb, cr\u00e9ation originale m\u00ealant po\u00e9sie, performance physique et r\u00e9flexion douce-am\u00e8re sur notre monde en perp\u00e9tuel mouvement.\u00a0<\/p>\n<p>\u00ab\u00a0KIP, grand voyageur itin\u00e9rant\u00a0\u00bb ce n&rsquo;est pas tout \u00e0 fait du clown, ce n&rsquo;est pas tout \u00e0 fait du cirque. Il court, toujours, partout. Il veut tout r\u00e9parer \u2013 le monde, les gens, peut-\u00eatre lui-m\u00eame. Une odyss\u00e9e sensible et visuelle, accessible d\u00e8s 6 ans, qui parle au c\u0153ur des petits comme des grands.\u00a0<\/p>\n<p><strong>Infos pratiques<\/strong><\/p>\n<p>Repr\u00e9sentations samedi 26 avril \u00e0 17 heures et dimanche 27 avril \u00e0 15 heures, sous le d\u00f4me g\u00e9od\u00e9sique, terrain stabilis\u00e9 du Mont, Saint-Ferr\u00e9ol-d&rsquo;Auroure<\/p>\n<p>Tarif unique : 5 \u20ac\u00a0<\/p>\n<p>R\u00e9servation obligatoire (places limit\u00e9es) : 07 84 09 08 46 <\/p>\n","protected":false},"excerpt":{"rendered":"Saint-Ferr\u00e9ol-d&rsquo;Auroure s&rsquo;appr\u00eate \u00e0 accueillir une parenth\u00e8se enchant\u00e9e les 26 et 27 avril\u00a0 avec \u00ab\u00a0KIP, grand voyageur itin\u00e9rant\u00a0\u00bb par&hellip;\n","protected":false},"author":2,"featured_media":31128,"comment_status":"","ping_status":"","sticky":false,"template":"","format":"standard","meta":{"footnotes":""},"categories":[9653],"tags":[1111,2281,11,2430,1777,674,2282,1011,27,2280,2284,2285,2283,12,25,4001],"class_list":{"0":"post-31127","1":"post","2":"type-post","3":"status-publish","4":"format-standard","5":"has-post-thumbnail","7":"category-saint-etienne","8":"tag-actu","9":"tag-actualite-43","10":"tag-actualites","11":"tag-auvergne-rhone-alpes","12":"tag-eu","13":"tag-europe","14":"tag-faits-divers-auvergne","15":"tag-fr","16":"tag-france","17":"tag-information-haute-loire","18":"tag-infos-43","19":"tag-journal-haute-loire","20":"tag-la-commere-43","21":"tag-news","22":"tag-republique-francaise","23":"tag-saint-etienne"},"share_on_mastodon":{"url":"https:\/\/pubeurope.com\/@fr\/114352136107506967","error":""},"_links":{"self":[{"href":"https:\/\/www.europesays.com\/fr\/wp-json\/wp\/v2\/posts\/31127","targetHints":{"allow":["GET"]}}],"collection":[{"href":"https:\/\/www.europesays.com\/fr\/wp-json\/wp\/v2\/posts"}],"about":[{"href":"https:\/\/www.europesays.com\/fr\/wp-json\/wp\/v2\/types\/post"}],"author":[{"embeddable":true,"href":"https:\/\/www.europesays.com\/fr\/wp-json\/wp\/v2\/users\/2"}],"replies":[{"embeddable":true,"href":"https:\/\/www.europesays.com\/fr\/wp-json\/wp\/v2\/comments?post=31127"}],"version-history":[{"count":0,"href":"https:\/\/www.europesays.com\/fr\/wp-json\/wp\/v2\/posts\/31127\/revisions"}],"wp:featuredmedia":[{"embeddable":true,"href":"https:\/\/www.europesays.com\/fr\/wp-json\/wp\/v2\/media\/31128"}],"wp:attachment":[{"href":"https:\/\/www.europesays.com\/fr\/wp-json\/wp\/v2\/media?parent=31127"}],"wp:term":[{"taxonomy":"category","embeddable":true,"href":"https:\/\/www.europesays.com\/fr\/wp-json\/wp\/v2\/categories?post=31127"},{"taxonomy":"post_tag","embeddable":true,"href":"https:\/\/www.europesays.com\/fr\/wp-json\/wp\/v2\/tags?post=31127"}],"curies":[{"name":"wp","href":"https:\/\/api.w.org\/{rel}","templated":true}]}}