{"id":311272,"date":"2025-08-11T09:36:13","date_gmt":"2025-08-11T09:36:13","guid":{"rendered":"https:\/\/www.europesays.com\/fr\/311272\/"},"modified":"2025-08-11T09:36:13","modified_gmt":"2025-08-11T09:36:13","slug":"bio-tour-2025-cap-sur-marseille","status":"publish","type":"post","link":"https:\/\/www.europesays.com\/fr\/311272\/","title":{"rendered":"BIO TOUR 2025, cap sur Marseille !"},"content":{"rendered":"<p>                    <img loading=\"lazy\" decoding=\"async\" src=\"https:\/\/www.europesays.com\/fr\/wp-content\/uploads\/2025\/08\/c2262bce2f0da2b166f4f22e183b14.jpg\" class=\"img-responsive post-image\" width=\"680\" height=\"510\" alt=\"BIO TOUR 2025, cap sur\" title=\"BIO TOUR 2025, cap sur Marseille !\"\/><\/p>\n<p class=\"chapo\">Le Bio Bus s\u2019installe \u00e0 Marseille les 18 et 19 septembre 2025.<\/p>\n<p><strong>Apr\u00e8s avoir travers\u00e9 10 r\u00e9gions fran\u00e7aises depuis mars, le BIO TOUR 2025 fait escale \u00e0 Marseille pour deux journ\u00e9es de sensibilisation \u00e0 l\u2019agriculture biologique et \u00e0 l\u2019alimentation durable, dans un lieu embl\u00e9matique <\/strong>\u00a0: le Vieux-Port. Durant trois jours, le public est invit\u00e9 \u00e0 d\u00e9couvrir l\u2019agriculture biologique sous toutes ses facettes, dans un cadre festif, p\u00e9dagogique et familial.<br class=\"texte\"\/><br \/>\nPort\u00e9 par l\u2019Agence BIO, le BIO TOUR sillonne la France pour remettre le bio au c\u0153ur des territoires. Il valorise les produits bio, les savoir-faire locaux et les engagements concrets des producteurs, des transformateurs et des collectivit\u00e9s. Apr\u00e8s une premi\u00e8re \u00e9dition r\u00e9ussie en 2024, le BIO TOUR 2025 s\u2019arr\u00eate dans 14 villes, avec de nouvelles \u00e9tapes dans 10 r\u00e9gions, dont la r\u00e9gion Provence-Alpes-C\u00f4te d\u2019Azur.<\/p>\n<p>Deux jours pour vivre le bio autrement \u00e0 Marseille <\/p>\n<p>\u2022 D\u00e9gustations de produits locaux<br class=\"autobr\"\/><br \/>\n\u2022 Rencontres avec des producteurs bio du territoire<br class=\"autobr\"\/><br \/>\n\u2022 Ateliers ludiques pour petits et grands<br class=\"autobr\"\/><br \/>\n\u2022 Animations immersives \u00e0 bord du Bio Bus, aux couleurs de la campagne \u00ab\u00a0C\u2019est bio, la France\u00a0!\u00a0\u00bb<br class=\"autobr\"\/><br \/>\nObjectif\u00a0: mieux comprendre pourquoi et comment int\u00e9grer plus de bio dans son quotidien \u2014 quels que soient son budget, ses go\u00fbts ou ses habitudes.<br class=\"autobr\"\/><br \/>\nUne \u00e9tape entre terre et mer, \u00e0 l\u2019image de la r\u00e9gion Sud<br class=\"autobr\"\/><br \/>\nLa r\u00e9gion Sud se distingue par la richesse de ses fili\u00e8res bio\u00a0: oliveraies, cultures mara\u00eech\u00e8res, herbes aromatiques, arboriculture\u2026 C\u2019est aujourd\u2019hui la premi\u00e8re r\u00e9gion fran\u00e7aise pour ses surfaces agricoles biologiques.<\/p>\n<p><strong>Infos pratiques <br class=\"autobr\"\/><br \/>\n<\/strong><br class=\"autobr\"\/><br \/>\nQuai de la Fraternit\u00e9 \u2013 Vieux-Port \u2013 13001 Marseille<br class=\"autobr\"\/><br \/>\nVendredi 19 et samedi 20 septembre 2025<br class=\"autobr\"\/><br \/>\nDe 9h \u00e0 18h &#8211; Entr\u00e9e libre.<\/p>\n","protected":false},"excerpt":{"rendered":"Le Bio Bus s\u2019installe \u00e0 Marseille les 18 et 19 septembre 2025. Apr\u00e8s avoir travers\u00e9 10 r\u00e9gions fran\u00e7aises&hellip;\n","protected":false},"author":2,"featured_media":311273,"comment_status":"","ping_status":"","sticky":false,"template":"","format":"standard","meta":{"footnotes":""},"categories":[2814],"tags":[1111,11,2408,1777,674,1011,27,884,12,882,25],"class_list":{"0":"post-311272","1":"post","2":"type-post","3":"status-publish","4":"format-standard","5":"has-post-thumbnail","7":"category-marseille","8":"tag-actu","9":"tag-actualites","10":"tag-appels-d","11":"tag-eu","12":"tag-europe","13":"tag-fr","14":"tag-france","15":"tag-marseille","16":"tag-news","17":"tag-provence-alpes-cote-dazur","18":"tag-republique-francaise"},"share_on_mastodon":{"url":"https:\/\/pubeurope.com\/@fr\/115009459705290121","error":""},"_links":{"self":[{"href":"https:\/\/www.europesays.com\/fr\/wp-json\/wp\/v2\/posts\/311272","targetHints":{"allow":["GET"]}}],"collection":[{"href":"https:\/\/www.europesays.com\/fr\/wp-json\/wp\/v2\/posts"}],"about":[{"href":"https:\/\/www.europesays.com\/fr\/wp-json\/wp\/v2\/types\/post"}],"author":[{"embeddable":true,"href":"https:\/\/www.europesays.com\/fr\/wp-json\/wp\/v2\/users\/2"}],"replies":[{"embeddable":true,"href":"https:\/\/www.europesays.com\/fr\/wp-json\/wp\/v2\/comments?post=311272"}],"version-history":[{"count":0,"href":"https:\/\/www.europesays.com\/fr\/wp-json\/wp\/v2\/posts\/311272\/revisions"}],"wp:featuredmedia":[{"embeddable":true,"href":"https:\/\/www.europesays.com\/fr\/wp-json\/wp\/v2\/media\/311273"}],"wp:attachment":[{"href":"https:\/\/www.europesays.com\/fr\/wp-json\/wp\/v2\/media?parent=311272"}],"wp:term":[{"taxonomy":"category","embeddable":true,"href":"https:\/\/www.europesays.com\/fr\/wp-json\/wp\/v2\/categories?post=311272"},{"taxonomy":"post_tag","embeddable":true,"href":"https:\/\/www.europesays.com\/fr\/wp-json\/wp\/v2\/tags?post=311272"}],"curies":[{"name":"wp","href":"https:\/\/api.w.org\/{rel}","templated":true}]}}