{"id":311274,"date":"2025-08-11T09:37:13","date_gmt":"2025-08-11T09:37:13","guid":{"rendered":"https:\/\/www.europesays.com\/fr\/311274\/"},"modified":"2025-08-11T09:37:13","modified_gmt":"2025-08-11T09:37:13","slug":"un-homme-meurt-brule-dans-un-incendie-en-plein-centre-ville","status":"publish","type":"post","link":"https:\/\/www.europesays.com\/fr\/311274\/","title":{"rendered":"un homme meurt br\u00fbl\u00e9 dans un incendie en plein centre-ville"},"content":{"rendered":"<p>Un homme a \u00e9t\u00e9 retrouv\u00e9 mort dans l\u2019incendie d\u2019un appartement au c\u0153ur de Marseille, dans le quartier de Noailles (1er arrondissement), dimanche apr\u00e8s-midi.<\/p>\n<p class=\"fig-paragraph\">Un terrible drame s\u2019est nou\u00e9 ce week-end au c\u0153ur de Marseille, a appris Le Figaro aupr\u00e8s des<a href=\"http:\/\/www.lefigaro.fr\/international\/des-centaines-de-pompiers-luttent-contre-un-incendie-proche-d-athenes-20250809\" data-fig-type=\"NewsFlash\" data-gtm-custom-categorie=\"navigation\" data-gtm-custom-action=\"crossclick\" data-gtm-custom-label=\"Contextuel\" data-gtm-event=\"customEventSPE\" data-fig-domain=\"LEFIGARO\" rel=\"nofollow noopener\" target=\"_blank\">\u00a0soldats du feu<\/a>\u00a0de la cit\u00e9 phoc\u00e9enne, confirmant une information initiale de\u00a0<a href=\"https:\/\/www.laprovence.com\/article\/faits-divers-justice\/1740510252838614\/un-homme-meurt-brule-dans-le-centre-ville-de-marseille\" target=\"_blank\" rel=\"sponsored noopener nofollow\" data-gtm-custom-categorie=\"navigation\" data-gtm-custom-action=\"crossclick\" data-gtm-custom-label=\"Contextuel\" data-gtm-event=\"customEventSPE\">La Provence<\/a> . Ce dimanche, peu apr\u00e8s 15 heures, les marins-pompiers de la ville ont \u00e9t\u00e9 appel\u00e9s pour un incendie survenu dans le 1er arrondissement, dans le quartier populaire de\u00a0<a href=\"https:\/\/photo.lefigaro.fr\/marseille\/le-quartier-de-noailles-envahi-par-des-vendeurs-a-la-sauvette-20250123\" data-fig-type=\"SlideShowResource\" data-gtm-custom-categorie=\"navigation\" data-gtm-custom-action=\"crossclick\" data-gtm-custom-label=\"Contextuel\" data-gtm-event=\"customEventSPE\" data-fig-domain=\"LEFIGARO\" rel=\"nofollow noopener\" target=\"_blank\">Noailles<\/a>, o\u00f9 un appartement situ\u00e9 rue du mus\u00e9e a \u00e9t\u00e9 ravag\u00e9 par les flammes.<\/p>\n<p class=\"fig-paragraph\">\u00c0 l\u2019int\u00e9rieur, un homme a \u00e9t\u00e9 retrouv\u00e9 br\u00fbl\u00e9. Il a succomb\u00e9 \u00e0 ses blessures et a \u00e9t\u00e9 d\u00e9clar\u00e9 d\u00e9c\u00e9d\u00e9 malgr\u00e9 l\u2019intervention des secours sur place. Une enqu\u00eate a \u00e9t\u00e9 ouverte pour faire la lumi\u00e8re sur ce drame. D\u2019apr\u00e8s La Provence, le feu d\u2019un matelas \u00e0 l\u2019int\u00e9rieur de cet appartement et sur lequel reposait la victime serait \u00e0 l\u2019origine du sinistre.<\/p>\n","protected":false},"excerpt":{"rendered":"Un homme a \u00e9t\u00e9 retrouv\u00e9 mort dans l\u2019incendie d\u2019un appartement au c\u0153ur de Marseille, dans le quartier de&hellip;\n","protected":false},"author":2,"featured_media":311275,"comment_status":"","ping_status":"","sticky":false,"template":"","format":"standard","meta":{"footnotes":""},"categories":[2814],"tags":[1111,11,1777,674,1011,27,1310,884,18,12,882,25],"class_list":{"0":"post-311274","1":"post","2":"type-post","3":"status-publish","4":"format-standard","5":"has-post-thumbnail","7":"category-marseille","8":"tag-actu","9":"tag-actualites","10":"tag-eu","11":"tag-europe","12":"tag-fr","13":"tag-france","14":"tag-incendie","15":"tag-marseille","16":"tag-mort","17":"tag-news","18":"tag-provence-alpes-cote-dazur","19":"tag-republique-francaise"},"share_on_mastodon":{"url":"https:\/\/pubeurope.com\/@fr\/115009463548844132","error":""},"_links":{"self":[{"href":"https:\/\/www.europesays.com\/fr\/wp-json\/wp\/v2\/posts\/311274","targetHints":{"allow":["GET"]}}],"collection":[{"href":"https:\/\/www.europesays.com\/fr\/wp-json\/wp\/v2\/posts"}],"about":[{"href":"https:\/\/www.europesays.com\/fr\/wp-json\/wp\/v2\/types\/post"}],"author":[{"embeddable":true,"href":"https:\/\/www.europesays.com\/fr\/wp-json\/wp\/v2\/users\/2"}],"replies":[{"embeddable":true,"href":"https:\/\/www.europesays.com\/fr\/wp-json\/wp\/v2\/comments?post=311274"}],"version-history":[{"count":0,"href":"https:\/\/www.europesays.com\/fr\/wp-json\/wp\/v2\/posts\/311274\/revisions"}],"wp:featuredmedia":[{"embeddable":true,"href":"https:\/\/www.europesays.com\/fr\/wp-json\/wp\/v2\/media\/311275"}],"wp:attachment":[{"href":"https:\/\/www.europesays.com\/fr\/wp-json\/wp\/v2\/media?parent=311274"}],"wp:term":[{"taxonomy":"category","embeddable":true,"href":"https:\/\/www.europesays.com\/fr\/wp-json\/wp\/v2\/categories?post=311274"},{"taxonomy":"post_tag","embeddable":true,"href":"https:\/\/www.europesays.com\/fr\/wp-json\/wp\/v2\/tags?post=311274"}],"curies":[{"name":"wp","href":"https:\/\/api.w.org\/{rel}","templated":true}]}}