{"id":311278,"date":"2025-08-11T09:39:14","date_gmt":"2025-08-11T09:39:14","guid":{"rendered":"https:\/\/www.europesays.com\/fr\/311278\/"},"modified":"2025-08-11T09:39:14","modified_gmt":"2025-08-11T09:39:14","slug":"les-gendarmes-en-quete-des-proprietaires","status":"publish","type":"post","link":"https:\/\/www.europesays.com\/fr\/311278\/","title":{"rendered":"les gendarmes en qu\u00eate des propri\u00e9taires"},"content":{"rendered":"<p>Sacr\u00e9e p\u00eache pour les gendarmes du Rh\u00f4ne. Vendredi 8\u00a0ao\u00fbt au matin, une victime se pr\u00e9sente \u00e0 la brigade de gendarmerie de Neuville-sur-Sa\u00f4ne pour d\u00e9poser plainte \u00e0 la suite du vol de son v\u00e9lo.<\/p>\n<p>Les agents proc\u00e8dent alors \u00e0 des investigations sur internet sur les sites de vente entre particuliers. Gr\u00e2ce aux informations et aux photos transmises par la victime, l\u2019enqu\u00eate permet d\u2019identifier rapidement le receleur. <a href=\"https:\/\/www.leprogres.fr\/faits-divers-justice\/2024\/02\/17\/3000-velos-voles-par-an-a-lyon-le-fleau-gagne-du-terrain\" target=\"_blank\" rel=\"noopener\">\ufeff<\/a><\/p>\n<p>  Les victimes en cours d\u2019identification<\/p>\n<p>Quelques heures plus tard, les gendarmes se rendent au domicile du voleur \u00e0 D\u00e9cines-Charpieu et d\u00e9couvrent, dans un box en sous-sol, une dizaine de v\u00e9los vol\u00e9s.<\/p>\n<p>Les investigations sont en cours afin d\u2019identifier toutes les victimes.<\/p>\n<p>Dans son post sur les r\u00e9seaux sociaux, la gendarmerie rappelle l\u2019importance de <a href=\"https:\/\/www.ecologie.gouv.fr\/politiques-publiques\/identification-cycles?fbclid=IwY2xjawMGgxRleHRuA2FlbQIxMABicmlkETFZdHByc0RHTnc0M0dkMkZqAR4fiGeIy54o12eirVgdWuwK276KhD44d-xgiI77tNLRse84iX-miCJPBmxHwA_aem_pdC8oob2PxnlmkwmPkPexg\" target=\"_blank\" rel=\"noopener\">faire identifier son v\u00e9lo<\/a> afin de permettre une restitution plus rapide.<\/p>\n","protected":false},"excerpt":{"rendered":"Sacr\u00e9e p\u00eache pour les gendarmes du Rh\u00f4ne. Vendredi 8\u00a0ao\u00fbt au matin, une victime se pr\u00e9sente \u00e0 la brigade&hellip;\n","protected":false},"author":2,"featured_media":311279,"comment_status":"","ping_status":"","sticky":false,"template":"","format":"standard","meta":{"footnotes":""},"categories":[1889],"tags":[1111,11,2430,271,4624,272,3152,3153,1777,674,274,107,1011,27,2428,13966,12,18283,25,2429],"class_list":{"0":"post-311278","1":"post","2":"type-post","3":"status-publish","4":"format-standard","5":"has-post-thumbnail","7":"category-lyon","8":"tag-actu","9":"tag-actualites","10":"tag-auvergne-rhone-alpes","11":"tag-crime","12":"tag-decines-charpieu","13":"tag-delit-et-contravention","14":"tag-edition-est-lyonnais","15":"tag-edition-ouest-lyonnais","16":"tag-eu","17":"tag-europe","18":"tag-faits-divers-justice","19":"tag-fil-info","20":"tag-fr","21":"tag-france","22":"tag-lyon","23":"tag-neuville-sur-saone","24":"tag-news","25":"tag-plaine-de-lest","26":"tag-republique-francaise","27":"tag-rhone"},"share_on_mastodon":{"url":"https:\/\/pubeurope.com\/@fr\/115009471384209698","error":""},"_links":{"self":[{"href":"https:\/\/www.europesays.com\/fr\/wp-json\/wp\/v2\/posts\/311278","targetHints":{"allow":["GET"]}}],"collection":[{"href":"https:\/\/www.europesays.com\/fr\/wp-json\/wp\/v2\/posts"}],"about":[{"href":"https:\/\/www.europesays.com\/fr\/wp-json\/wp\/v2\/types\/post"}],"author":[{"embeddable":true,"href":"https:\/\/www.europesays.com\/fr\/wp-json\/wp\/v2\/users\/2"}],"replies":[{"embeddable":true,"href":"https:\/\/www.europesays.com\/fr\/wp-json\/wp\/v2\/comments?post=311278"}],"version-history":[{"count":0,"href":"https:\/\/www.europesays.com\/fr\/wp-json\/wp\/v2\/posts\/311278\/revisions"}],"wp:featuredmedia":[{"embeddable":true,"href":"https:\/\/www.europesays.com\/fr\/wp-json\/wp\/v2\/media\/311279"}],"wp:attachment":[{"href":"https:\/\/www.europesays.com\/fr\/wp-json\/wp\/v2\/media?parent=311278"}],"wp:term":[{"taxonomy":"category","embeddable":true,"href":"https:\/\/www.europesays.com\/fr\/wp-json\/wp\/v2\/categories?post=311278"},{"taxonomy":"post_tag","embeddable":true,"href":"https:\/\/www.europesays.com\/fr\/wp-json\/wp\/v2\/tags?post=311278"}],"curies":[{"name":"wp","href":"https:\/\/api.w.org\/{rel}","templated":true}]}}