{"id":311284,"date":"2025-08-11T09:42:14","date_gmt":"2025-08-11T09:42:14","guid":{"rendered":"https:\/\/www.europesays.com\/fr\/311284\/"},"modified":"2025-08-11T09:42:14","modified_gmt":"2025-08-11T09:42:14","slug":"laustralie-va-reconnaitre-a-son-tour-letat-de-palestine-le-mois-prochain","status":"publish","type":"post","link":"https:\/\/www.europesays.com\/fr\/311284\/","title":{"rendered":"L&rsquo;Australie va reconna\u00eetre \u00e0 son tour l&rsquo;Etat de Palestine le mois prochain"},"content":{"rendered":"\n<p class=\"c-chapo \">\n  Plusieurs pays, dont la France, ont r\u00e9cemment pris une d\u00e9cision similaire, \u00e0 la suite d&rsquo;une conf\u00e9rence minist\u00e9rielle \u00e0 l&rsquo;ONU organis\u00e9e fin juillet.\n<\/p>\n<p>            lire plus tard<\/p>\n<p id=\"dialog__title\" class=\"dialog__title\">Pour sauvegarder cet article, connectez-vous ou cr\u00e9ez un compte franceinfo<\/p>\n<p class=\"dialog__description\">Sans paiement. Sans abonnement.<\/p>\n<p>        Fermer la fen\u00eatre d\u2019activation des notifications France Info<\/p>\n<p>            cr\u00e9er votre compte<\/p>\n<p>            se connecter<\/p>\n<p>        Fermer la fen\u00eatre de pr\u00e9sentation<\/p>\n<p>    <img loading=\"lazy\" decoding=\"async\" class=\"signature__image lazyload\" width=\"100\" height=\"100\" data- alt=\"\" src=\"https:\/\/www.europesays.com\/fr\/wp-content\/uploads\/2025\/05\/64a68815cd1a7_placeholder-36b69ec8.png\"\/><\/p>\n<p>    Publi\u00e9 le 11\/08\/2025 06:31<\/p>\n<p>      Mis \u00e0 jour le 11\/08\/2025 11:09<\/p>\n<p>        Temps de lecture : 2min<\/p>\n<p>    <img decoding=\"async\"  alt=\"Le Premier ministre australien, Anthony Albanese, lors d'une conf\u00e9rence de presse, le 11 ao\u00fbt 2025 \u00e0 Canberra (Australie). (HILARY WARDHAUGH \/ AFP)\" width=\"432\" height=\"243\" src=\"https:\/\/www.europesays.com\/fr\/wp-content\/uploads\/2025\/08\/000-698u6k2-68997102b50b2418023260.jpg\" fetchpriority=\"high\"\/><\/p>\n<p>      Le Premier ministre australien, Anthony Albanese, lors d&rsquo;une conf\u00e9rence de presse, le 11 ao\u00fbt 2025 \u00e0 Canberra (Australie). (HILARY WARDHAUGH \/ AFP)<\/p>\n<p>L&rsquo;Australie va <a href=\"https:\/\/www.franceinfo.fr\/monde\/proche-orient\/israel-palestine\/reconnaissance-de-l-etat-de-palestine-par-la-france-quels-autres-pays-l-ont-deja-fait_7398181.html\" rel=\"nofollow noopener\" target=\"_blank\">reconna\u00eetre l&rsquo;Etat de Palestine<\/a> \u00e0 l&rsquo;occasion de l&rsquo;Assembl\u00e9e g\u00e9n\u00e9rale de l&rsquo;ONU en septembre, a annonc\u00e9 le Premier ministre du pays, Anthony Albanese, lundi 11 ao\u00fbt. \u00ab\u00a0La paix ne peut \u00eatre que temporaire\u00a0\u00bb tant que les Isra\u00e9liens et les Palestiniens ne disposent pas d&rsquo;un Etat, a-t-il d\u00e9clar\u00e9 devant la presse.<\/p>\n<p>Le chef du gouvernement travailliste dit avoir re\u00e7u des garanties de la part de l&rsquo;Autorit\u00e9 palestinienne, afin qu'\u00a0\u00bbaucune place [ne soit donn\u00e9e] aux terroristes du Hamas dans tout futur Etat palestinien\u00a0\u00bb. \u00a0Sollicit\u00e9 par l&rsquo;AFP, l&rsquo;ambassadeur d&rsquo;Isra\u00ebl en Australie s&rsquo;est dit \u00ab\u00a0indisponible\u00a0\u00bb.<\/p>\n<p>Fin juillet, le pr\u00e9sident fran\u00e7ais Emmanuel Macron <a href=\"https:\/\/www.franceinfo.fr\/monde\/proche-orient\/israel-palestine\/reconnaissance-de-la-palestine-par-la-france-pourquoi-emmanuel-macron-prend-il-cette-decision-maintenant_7398409.html\" rel=\"nofollow noopener\" target=\"_blank\">a fait part de son intention<\/a> de reconna\u00eetre l&rsquo;Etat de Palestine \u00e0 l&rsquo;occasion de la 80e session de l&rsquo;Assembl\u00e9e g\u00e9n\u00e9rale des Nations unies, fin septembre, en esp\u00e9rant cr\u00e9er une <a href=\"https:\/\/www.franceinfo.fr\/monde\/proche-orient\/guerre\/proche-orient-que-changerait-la-reconnaissance-d-un-etat-palestinien-par-la-france_7181715.html\" rel=\"nofollow noopener\" target=\"_blank\">dynamique collective en ce sens<\/a>. Quelques jours plus tard, le Canada lui a embo\u00eet\u00e9 le pas. Le Royaume-Uni a ensuite assur\u00e9 qu&rsquo;il en ferait de m\u00eame, sauf si Isra\u00ebl prenait une s\u00e9rie d&rsquo;engagements, dont celui d&rsquo;un cessez-le-feu dans la bande de Gaza. Lundi, la Nouvelle-Z\u00e9lande, voisine de l&rsquo;Australie, a soulign\u00e9 qu&rsquo;elle r\u00e9fl\u00e9chirait d&rsquo;ici septembre \u00e0 prendre cette d\u00e9cision.<\/p>\n<p>L&rsquo;annonce australienne intervient alors que le Premier ministre isra\u00e9lien, Benyamin N\u00e9tanyahou, a d\u00e9voil\u00e9 un plan pour <a href=\"https:\/\/www.franceinfo.fr\/monde\/proche-orient\/israel-palestine\/guerre-dans-la-bande-de-gaza-ce-que-l-on-sait-du-plan-d-occupation-decide-par-le-gouvernement-israelien-de-benyamin-netanyahou_7424899.html\" rel=\"nofollow noopener\" target=\"_blank\">accentuer le contr\u00f4le isra\u00e9lien sur l&rsquo;enclave palestinienne<\/a>. Le Conseil de s\u00e9curit\u00e9 a tenu une r\u00e9union urgente dimanche sur le sujet, \u00e0 l&rsquo;initiative de plusieurs pays europ\u00e9ens.<\/p>\n<p>Les pressions internationales s&rsquo;accentuent sur le gouvernement isra\u00e9lien pour trouver une issue au conflit, qui a conduit \u00e0 une grave crise humanitaire dans l&rsquo;enclave palestinienne assi\u00e9g\u00e9e. Au total, les trois quarts des Etats membres de l&rsquo;ONU reconnaissent l&rsquo;Etat de Palestine, proclam\u00e9 par la direction palestinienne en exil \u00e0 la fin des ann\u00e9es 1980. Cet acte diplomatique a \u00e9t\u00e9 r\u00e9alis\u00e9 par une dizaine de pays depuis le d\u00e9but de la guerre \u00e0 Gaza.<\/p>\n","protected":false},"excerpt":{"rendered":"Plusieurs pays, dont la France, ont r\u00e9cemment pris une d\u00e9cision similaire, \u00e0 la suite d&rsquo;une conf\u00e9rence minist\u00e9rielle \u00e0&hellip;\n","protected":false},"author":2,"featured_media":311285,"comment_status":"","ping_status":"","sticky":false,"template":"","format":"standard","meta":{"footnotes":""},"categories":[1888],"tags":[1111,1928,11,1927,1777,674,1011,27,12,1926,626,1925,25],"class_list":{"0":"post-311284","1":"post","2":"type-post","3":"status-publish","4":"format-standard","5":"has-post-thumbnail","7":"category-paris","8":"tag-actu","9":"tag-actu-paris","10":"tag-actualites","11":"tag-actualites-paris","12":"tag-eu","13":"tag-europe","14":"tag-fr","15":"tag-france","16":"tag-news","17":"tag-news-paris","18":"tag-paris","19":"tag-paris-news","20":"tag-republique-francaise"},"share_on_mastodon":{"url":"https:\/\/pubeurope.com\/@fr\/115009483424256257","error":""},"_links":{"self":[{"href":"https:\/\/www.europesays.com\/fr\/wp-json\/wp\/v2\/posts\/311284","targetHints":{"allow":["GET"]}}],"collection":[{"href":"https:\/\/www.europesays.com\/fr\/wp-json\/wp\/v2\/posts"}],"about":[{"href":"https:\/\/www.europesays.com\/fr\/wp-json\/wp\/v2\/types\/post"}],"author":[{"embeddable":true,"href":"https:\/\/www.europesays.com\/fr\/wp-json\/wp\/v2\/users\/2"}],"replies":[{"embeddable":true,"href":"https:\/\/www.europesays.com\/fr\/wp-json\/wp\/v2\/comments?post=311284"}],"version-history":[{"count":0,"href":"https:\/\/www.europesays.com\/fr\/wp-json\/wp\/v2\/posts\/311284\/revisions"}],"wp:featuredmedia":[{"embeddable":true,"href":"https:\/\/www.europesays.com\/fr\/wp-json\/wp\/v2\/media\/311285"}],"wp:attachment":[{"href":"https:\/\/www.europesays.com\/fr\/wp-json\/wp\/v2\/media?parent=311284"}],"wp:term":[{"taxonomy":"category","embeddable":true,"href":"https:\/\/www.europesays.com\/fr\/wp-json\/wp\/v2\/categories?post=311284"},{"taxonomy":"post_tag","embeddable":true,"href":"https:\/\/www.europesays.com\/fr\/wp-json\/wp\/v2\/tags?post=311284"}],"curies":[{"name":"wp","href":"https:\/\/api.w.org\/{rel}","templated":true}]}}