{"id":311286,"date":"2025-08-11T09:43:15","date_gmt":"2025-08-11T09:43:15","guid":{"rendered":"https:\/\/www.europesays.com\/fr\/311286\/"},"modified":"2025-08-11T09:43:15","modified_gmt":"2025-08-11T09:43:15","slug":"laurent-labit-explique-pourquoi-sa-collaboration-avec-karim-ghezal-a-explose-malgre-4-ans-passes-a-ses-cotes-en-equipe-de-france","status":"publish","type":"post","link":"https:\/\/www.europesays.com\/fr\/311286\/","title":{"rendered":"Laurent Labit explique pourquoi sa collaboration avec Karim Ghezal a explos\u00e9 malgr\u00e9 4 ans pass\u00e9s \u00e0 ses c\u00f4t\u00e9s en \u00e9quipe de France !"},"content":{"rendered":"<p>A l\u2019issue de la Coupe du monde de 2023, Karim Ghezal et Laurent Labit, tous deux dans le staff technique du XV de France, ont d\u00e9cid\u00e9 de rejoindre le Stade-Fran\u00e7ais Paris.<\/p>\n<p>Mais un an apr\u00e8s leur arriv\u00e9e au sein du club de la Capitale, tout a bascul\u00e9.<\/p>\n<p>Alors qu\u2019ils avaient collabor\u00e9 durant quatre ann\u00e9es au sein du staff du XV de France, les deux hommes ont finalement fini par se s\u00e9parer.<\/p>\n<p><strong>Interrog\u00e9 via <a href=\"https:\/\/www.rugbyrama.fr\/2025\/08\/10\/grands-entretiens-cest-moi-qui-ai-demande-a-quitter-le-club-laurent-labit-sexplique-sur-son-depart-du-stade-francais-12868397.php\" rel=\"nofollow noopener\" target=\"_blank\">Midi Olympique<\/a>, Laurent Labit explique pourquoi tout a d\u00e9raill\u00e9 entre eux deux. Extrait:<\/strong><\/p>\n<p>Le projet que j\u2019ai pr\u00e9sent\u00e9, qui avait \u00e9t\u00e9 valid\u00e9 par les dirigeants du Stade Fran\u00e7ais-Paris, \u00e9tait un projet sportif global qui comprenait l\u2019ensemble du club. Apr\u00e8s avoir fait un \u00e9tat des lieux approfondi, avec des personnes pass\u00e9es dans le club, des personnes qui connaissaient tr\u00e8s bien l\u2019institution \u00e0 diff\u00e9rents postes, qui connaissaient aussi les responsables en place en interne, j\u2019ai bien compris que les chantiers\u00a0\u00e9taient nombreux. Je savais aussi que le Stade fran\u00e7ais n\u2019\u00e9tait pas un club comme les autres. <\/p>\n<p>\u00c0 mon arriv\u00e9e, le Stade fran\u00e7ais \u00e9tait dispers\u00e9 en trois entit\u00e9s\u00a0: le groupe professionnel, le centre de formation et l\u2019association. Personne ne travaillait ensemble. Il n\u2019y avait pas d\u2019infrastructure. Mon objectif a \u00e9t\u00e9 de r\u00e9ussir \u00e0 faire travailler tout le monde ensemble dans un m\u00eame cadre et dans un m\u00eame projet\u00a0commun. Ma vision se portait sur du long terme pour p\u00e9renniser le club au plus haut niveau. Voil\u00e0 pourquoi j\u2019ai opt\u00e9 pour une organisation avec un directeur du rugby, avec de la hauteur forc\u00e9ment, parce qu\u2019il y avait beaucoup de chantiers \u00e0 mener dans un m\u00eame laps de temps, et un entra\u00eeneur principal. En l\u2019occurrence, Karim Ghezal. On venait de passer quatre ans ensemble en \u00e9quipe de France. <\/p>\n<p>Comme je l\u2019ai toujours dit, et je le maintiens, Karim est un tr\u00e8s bon coach qui a une vision moderne de l\u2019entra\u00eenement et du rugby d\u2019aujourd\u2019hui. Il sera s\u00fbrement un tr\u00e8s bon manager dans les ann\u00e9es \u00e0 venir. Mais, dans le contexte du Stade Fran\u00e7ais, je pense finalement que ce n\u2019\u00e9tait pas la bonne organisation pour mener \u00e0 bien le projet. C\u2019\u00e9tait son premier poste d\u2019entra\u00eeneur principal. Il a certainement commis des erreurs, ce qui en soi, quand vous d\u00e9butez, est tout \u00e0 fait normal. Mais il a toujours bien fait ce que je lui demandais.<\/p>\n<p>\u00c0 titre personnel, c\u2019\u00e9tait le quatri\u00e8me projet de club que je menais dans ma carri\u00e8re de manager. Par exp\u00e9rience, je sais qu\u2019il faut toujours au moins trois saisons pour constituer un staff et un groupe de joueurs, pour atteindre les objectifs de travail, et in fine atteindre les objectifs fix\u00e9s. Mais pour r\u00e9aliser cela, un alignement total entre le pr\u00e9sident, le directeur g\u00e9n\u00e9ral et le manager est imp\u00e9ratif. C\u2019est ce que j\u2019ai toujours connu dans mes pr\u00e9c\u00e9dents clubs. Alors, on peut \u00eatre en d\u00e9saccord sur certains sujets ou certaines d\u00e9cisions mais nous devons toujours \u00eatre align\u00e9s et rester fid\u00e8les \u00e0 la vision et aux objectifs fix\u00e9s. Ce n\u2019\u00e9tait pas le cas au Stade fran\u00e7ais.<\/p>\n<p><strong>Il confirme \u00eatre \u00e0 l\u2019origine du d\u00e9part de Karim Ghezal. Extrait:<\/strong><\/p>\n<p>Son arriv\u00e9e comme son d\u00e9part sont de ma responsabilit\u00e9.<\/p>\n<p><strong>Malgr\u00e9 cet \u00e9chec avec le Stade-Fran\u00e7ais Paris, il ne regrette pas son d\u00e9part du XV de France. Extrait:<\/strong><\/p>\n<p>Je suis tr\u00e8s fier d\u2019\u00eatre pass\u00e9 dans ce club prestigieux. Je n\u2019ai aucun regret par rapport \u00e0 mon choix. C\u2019\u00e9tait un vrai choix. Je sais que cette exp\u00e9rience m\u2019apportera beaucoup pour la suite de ma carri\u00e8re. J\u2019ai aussi la satisfaction d\u2019avoir mis en place certaines choses au niveau de la formation avec un travail de fond en collaboration avec Florent Guichard, David Aucagne et Kobus Potgieter. <\/p>\n<p>Ce travail a pay\u00e9\u00a0: les espoirs vont retrouver l\u2019\u00e9lite cette saison. De nombreux jeunes ont retrouv\u00e9 les s\u00e9lections U18, U20, d\u2019autres ont int\u00e9gr\u00e9 l\u2019\u00e9quipe professionnelle. Et \u00e7a, c\u2019est quelque chose qui servira le club dans les ann\u00e9es \u00e0 venir. Et puis, nous avons dot\u00e9 le club d\u2019un outil de travail capital avec le Camp des loges, qui permet d\u2019avoir un centre de formation pour les jeunes et un centre d\u2019entra\u00eenement pour les pros. Un v\u00e9ritable outil de performance digne du niveau de nos concurrents. En 16 mois, on a quand m\u00eame fait beaucoup de choses positives pour le club.<\/p>\n","protected":false},"excerpt":{"rendered":"A l\u2019issue de la Coupe du monde de 2023, Karim Ghezal et Laurent Labit, tous deux dans le&hellip;\n","protected":false},"author":2,"featured_media":311287,"comment_status":"","ping_status":"","sticky":false,"template":"","format":"standard","meta":{"footnotes":""},"categories":[1888],"tags":[1111,1928,11,1927,1777,674,1011,27,12,1926,626,1925,25],"class_list":{"0":"post-311286","1":"post","2":"type-post","3":"status-publish","4":"format-standard","5":"has-post-thumbnail","7":"category-paris","8":"tag-actu","9":"tag-actu-paris","10":"tag-actualites","11":"tag-actualites-paris","12":"tag-eu","13":"tag-europe","14":"tag-fr","15":"tag-france","16":"tag-news","17":"tag-news-paris","18":"tag-paris","19":"tag-paris-news","20":"tag-republique-francaise"},"share_on_mastodon":{"url":"https:\/\/pubeurope.com\/@fr\/115009487204714824","error":""},"_links":{"self":[{"href":"https:\/\/www.europesays.com\/fr\/wp-json\/wp\/v2\/posts\/311286","targetHints":{"allow":["GET"]}}],"collection":[{"href":"https:\/\/www.europesays.com\/fr\/wp-json\/wp\/v2\/posts"}],"about":[{"href":"https:\/\/www.europesays.com\/fr\/wp-json\/wp\/v2\/types\/post"}],"author":[{"embeddable":true,"href":"https:\/\/www.europesays.com\/fr\/wp-json\/wp\/v2\/users\/2"}],"replies":[{"embeddable":true,"href":"https:\/\/www.europesays.com\/fr\/wp-json\/wp\/v2\/comments?post=311286"}],"version-history":[{"count":0,"href":"https:\/\/www.europesays.com\/fr\/wp-json\/wp\/v2\/posts\/311286\/revisions"}],"wp:featuredmedia":[{"embeddable":true,"href":"https:\/\/www.europesays.com\/fr\/wp-json\/wp\/v2\/media\/311287"}],"wp:attachment":[{"href":"https:\/\/www.europesays.com\/fr\/wp-json\/wp\/v2\/media?parent=311286"}],"wp:term":[{"taxonomy":"category","embeddable":true,"href":"https:\/\/www.europesays.com\/fr\/wp-json\/wp\/v2\/categories?post=311286"},{"taxonomy":"post_tag","embeddable":true,"href":"https:\/\/www.europesays.com\/fr\/wp-json\/wp\/v2\/tags?post=311286"}],"curies":[{"name":"wp","href":"https:\/\/api.w.org\/{rel}","templated":true}]}}