{"id":311292,"date":"2025-08-11T09:46:14","date_gmt":"2025-08-11T09:46:14","guid":{"rendered":"https:\/\/www.europesays.com\/fr\/311292\/"},"modified":"2025-08-11T09:46:14","modified_gmt":"2025-08-11T09:46:14","slug":"leconomie-russe-commence-a-flancher","status":"publish","type":"post","link":"https:\/\/www.europesays.com\/fr\/311292\/","title":{"rendered":"L\u2019\u00e9conomie russe commence \u00e0 flancher"},"content":{"rendered":"<p>                         <img loading=\"lazy\" decoding=\"async\" src=\"https:\/\/www.europesays.com\/fr\/wp-content\/uploads\/2025\/08\/70bf122_upload-1-v05nevu4zbph-rea11293108.jpg\" alt=\"Dans un atelier de laminage de l\u2019usine sid\u00e9rurgique de Magnitogorsk (Russie), le 10\u00a0juin 2025.\"   width=\"664\" height=\"443\"\/>    Dans un atelier de laminage de l\u2019usine sid\u00e9rurgique de Magnitogorsk (Russie), le 10\u00a0juin 2025.  DONAT SOROKIN\/TASS VIA ZUMA-REA                 <\/p>\n<p class=\"article__paragraph  \">La guerre en Ukraine commence \u00e0 avoir un co\u00fbt pour l\u2019\u00e9conomie russe, confront\u00e9e \u00e0 un brusque ralentissement en raison de la baisse des revenus du p\u00e9trole et des sanctions occidentales. Elle est \u00ab\u00a0au bord de la r\u00e9cession\u00a0\u00bb, a reconnu Maxim Rechetnikov, le ministre de l\u2019\u00e9conomie, lors du forum de Saint-P\u00e9tersbourg, le \u00ab\u00a0Davos russe\u00a0\u00bb, en juin.<\/p>\n<p>                                   Lire aussi |  <a href=\"https:\/\/www.lemonde.fr\/international\/live\/2025\/08\/10\/en-direct-guerre-en-ukraine-les-europeens-demandent-d-exercer-une-pression-sur-moscou-avant-le-sommet-trump-poutine_6626390_3210.html\" class=\"js-article-read-also catcher--favoris__link\" data-premium=\"\" id=\"article-title-3433539\" rel=\"nofollow noopener\" target=\"_blank\">En direct, guerre en Ukraine\u00a0: les Europ\u00e9ens demandent d\u2019exercer \u00ab\u00a0une pression\u00a0\u00bb sur Moscou, avant le sommet Trump-Poutine. Retrouvez les informations du 3\u00a0au 9 ao\u00fbt<\/a>    <\/p>\n<p>   Lire plus tard  <\/p>\n<p class=\"article__paragraph  \">Un constat aussit\u00f4t r\u00e9fut\u00e9 par Vladimir Poutine, prompt \u00e0 vanter la r\u00e9silience de la Russie face aux sanctions. Mais les chiffres ne mentent pas. En juillet, le Fonds mon\u00e9taire international a r\u00e9duit sa pr\u00e9vision de croissance, pass\u00e9e de 1,5\u00a0% \u00e0 0,9\u00a0% pour\u00a02025. On est loin des taux mirifiques, 4\u00a0%, atteints en\u00a02023 et\u00a02024, quand l\u2019Etat avait mis toutes ses ressources financi\u00e8res au service de la guerre.<\/p>\n<p class=\"article__paragraph  \">Autre signe inqui\u00e9tant, le d\u00e9ficit budg\u00e9taire a explos\u00e9, atteignant, selon le minist\u00e8re des finances, 4,9\u00a0billions de roubles (environ 56\u00a0milliards d\u2019euros) \u00e0 la fin juillet\u00a02025, ce qui repr\u00e9sente un d\u00e9passement de 30\u00a0% de l\u2019objectif annuel que le gouvernement s\u2019\u00e9tait fix\u00e9. Le ralentissement \u00e9conomique, la baisse des revenus p\u00e9troliers et gaziers mais aussi celle des fonds de r\u00e9serve, pratiquement engloutis par trois ann\u00e9es de guerre, constituent une nouvelle r\u00e9alit\u00e9\u00a0: il y aura des coupes.\u00a0Le minist\u00e8re des finances pourra difficilement\u00a0tailler\u00a0dans la d\u00e9fense et la s\u00e9curit\u00e9, qui repr\u00e9sentent un peu plus de 40\u00a0% des d\u00e9penses. Le gouvernement devra donc r\u00e9duire les contributions sociales mais aussi le soutien aux industries civiles.<\/p>\n<p class=\"reading-mode-only \"><strong>Il vous reste 81.6% de cet article \u00e0 lire. La suite est r\u00e9serv\u00e9e aux abonn\u00e9s.<\/strong><\/p>\n","protected":false},"excerpt":{"rendered":"Dans un atelier de laminage de l\u2019usine sid\u00e9rurgique de Magnitogorsk (Russie), le 10\u00a0juin 2025. DONAT SOROKIN\/TASS VIA ZUMA-REA&hellip;\n","protected":false},"author":2,"featured_media":311293,"comment_status":"","ping_status":"","sticky":false,"template":"","format":"standard","meta":{"footnotes":""},"categories":[1591],"tags":[11,1887,12,1885,1886,132],"class_list":{"0":"post-311292","1":"post","2":"type-post","3":"status-publish","4":"format-standard","5":"has-post-thumbnail","7":"category-russie","8":"tag-actualites","9":"tag-federation-de-russie","10":"tag-news","11":"tag-russia","12":"tag-russian-federation","13":"tag-russie"},"share_on_mastodon":{"url":"https:\/\/pubeurope.com\/@fr\/115009498932680634","error":""},"_links":{"self":[{"href":"https:\/\/www.europesays.com\/fr\/wp-json\/wp\/v2\/posts\/311292","targetHints":{"allow":["GET"]}}],"collection":[{"href":"https:\/\/www.europesays.com\/fr\/wp-json\/wp\/v2\/posts"}],"about":[{"href":"https:\/\/www.europesays.com\/fr\/wp-json\/wp\/v2\/types\/post"}],"author":[{"embeddable":true,"href":"https:\/\/www.europesays.com\/fr\/wp-json\/wp\/v2\/users\/2"}],"replies":[{"embeddable":true,"href":"https:\/\/www.europesays.com\/fr\/wp-json\/wp\/v2\/comments?post=311292"}],"version-history":[{"count":0,"href":"https:\/\/www.europesays.com\/fr\/wp-json\/wp\/v2\/posts\/311292\/revisions"}],"wp:featuredmedia":[{"embeddable":true,"href":"https:\/\/www.europesays.com\/fr\/wp-json\/wp\/v2\/media\/311293"}],"wp:attachment":[{"href":"https:\/\/www.europesays.com\/fr\/wp-json\/wp\/v2\/media?parent=311292"}],"wp:term":[{"taxonomy":"category","embeddable":true,"href":"https:\/\/www.europesays.com\/fr\/wp-json\/wp\/v2\/categories?post=311292"},{"taxonomy":"post_tag","embeddable":true,"href":"https:\/\/www.europesays.com\/fr\/wp-json\/wp\/v2\/tags?post=311292"}],"curies":[{"name":"wp","href":"https:\/\/api.w.org\/{rel}","templated":true}]}}