{"id":311294,"date":"2025-08-11T09:47:11","date_gmt":"2025-08-11T09:47:11","guid":{"rendered":"https:\/\/www.europesays.com\/fr\/311294\/"},"modified":"2025-08-11T09:47:11","modified_gmt":"2025-08-11T09:47:11","slug":"guerre-en-ukraine-le-trafic-organise-denfants-par-la-russie","status":"publish","type":"post","link":"https:\/\/www.europesays.com\/fr\/311294\/","title":{"rendered":"Guerre en Ukraine : le trafic organis\u00e9 d\u2019enfants par la Russie"},"content":{"rendered":"<p>Guerre et enfants<\/p>\n<p>Depuis 2022, Kiev recense plus de 19 500 mineurs transf\u00e9r\u00e9s vers la Russie, rebaptis\u00e9s, naturalis\u00e9s, r\u00e9\u00e9duqu\u00e9s. La CPI vise Vladimir Poutine et Maria Lvova-Belova pour d\u00e9portation d\u2019enfants. T\u00e9moignages et rapports d\u00e9crivent des camps de filtrage, des transferts en Crim\u00e9e et des catalogues en ligne. Le sort de ces enfants est d\u00e9sormais un enjeu prioritaire des n\u00e9gociations, au c\u0153ur d\u2019une strat\u00e9gie d\u2019effacement de l\u2019identit\u00e9 ukrainienne.<\/p>\n","protected":false},"excerpt":{"rendered":"Guerre et enfants Depuis 2022, Kiev recense plus de 19 500 mineurs transf\u00e9r\u00e9s vers la Russie, rebaptis\u00e9s, naturalis\u00e9s,&hellip;\n","protected":false},"author":2,"featured_media":311295,"comment_status":"","ping_status":"","sticky":false,"template":"","format":"standard","meta":{"footnotes":""},"categories":[1590],"tags":[11,43023,1777,674,12,45128,220],"class_list":{"0":"post-311294","1":"post","2":"type-post","3":"status-publish","4":"format-standard","5":"has-post-thumbnail","7":"category-ukraine","8":"tag-actualites","9":"tag-conflits-armes","10":"tag-eu","11":"tag-europe","12":"tag-news","13":"tag-trafic-d","14":"tag-ukraine"},"share_on_mastodon":{"url":"https:\/\/pubeurope.com\/@fr\/115009502853415781","error":""},"_links":{"self":[{"href":"https:\/\/www.europesays.com\/fr\/wp-json\/wp\/v2\/posts\/311294","targetHints":{"allow":["GET"]}}],"collection":[{"href":"https:\/\/www.europesays.com\/fr\/wp-json\/wp\/v2\/posts"}],"about":[{"href":"https:\/\/www.europesays.com\/fr\/wp-json\/wp\/v2\/types\/post"}],"author":[{"embeddable":true,"href":"https:\/\/www.europesays.com\/fr\/wp-json\/wp\/v2\/users\/2"}],"replies":[{"embeddable":true,"href":"https:\/\/www.europesays.com\/fr\/wp-json\/wp\/v2\/comments?post=311294"}],"version-history":[{"count":0,"href":"https:\/\/www.europesays.com\/fr\/wp-json\/wp\/v2\/posts\/311294\/revisions"}],"wp:featuredmedia":[{"embeddable":true,"href":"https:\/\/www.europesays.com\/fr\/wp-json\/wp\/v2\/media\/311295"}],"wp:attachment":[{"href":"https:\/\/www.europesays.com\/fr\/wp-json\/wp\/v2\/media?parent=311294"}],"wp:term":[{"taxonomy":"category","embeddable":true,"href":"https:\/\/www.europesays.com\/fr\/wp-json\/wp\/v2\/categories?post=311294"},{"taxonomy":"post_tag","embeddable":true,"href":"https:\/\/www.europesays.com\/fr\/wp-json\/wp\/v2\/tags?post=311294"}],"curies":[{"name":"wp","href":"https:\/\/api.w.org\/{rel}","templated":true}]}}