{"id":311296,"date":"2025-08-11T09:48:09","date_gmt":"2025-08-11T09:48:09","guid":{"rendered":"https:\/\/www.europesays.com\/fr\/311296\/"},"modified":"2025-08-11T09:48:09","modified_gmt":"2025-08-11T09:48:09","slug":"guerre-en-ukraine-les-etats-unis-veulent-programmer-une-rencontre-trump-poutine-zelensky-ouest-france","status":"publish","type":"post","link":"https:\/\/www.europesays.com\/fr\/311296\/","title":{"rendered":"Guerre en Ukraine : les \u00c9tats-Unis veulent \u00ab programmer \u00bb une rencontre Trump-Poutine-Zelensky &#8211; Ouest-France"},"content":{"rendered":"<ol>\n<li><a href=\"https:\/\/news.google.com\/rss\/articles\/CBMi_AFBVV95cUxNWDdlWE9zNDdlbGJFMzZybVl2Smg5OENSa1RCSDlLV3N2M2JHeFBQUzVxUE8yZFJMX0toWHdGNGhzd3BtWWF0SlFaeEk5cGhLb0Z5dDJRUzA2eDMyY2oyZzJsWVZJOXpTOU13cVB3X2pTa0tGLWxoMnJ5ZEhaaW9fMkV4QXhIOGFSSExuNmo3b25oa3pINXpSemI2Ul9RdTBxZGJnT1haNmFVNFVwYlJnbG5KMnZTY1pueTdVZ182QmdoR2Ezb2ROZlF2ZHJORHZfYlk2d1RaMjN1eVJQWHNMOHRCVjlwa0J0SzQ3R1hKNmI1UjRWSWVZdVhxakY?oc=5\" target=\"_blank\" rel=\"nofollow noopener\">Guerre en Ukraine : les \u00c9tats-Unis veulent \u00ab programmer \u00bb une rencontre Trump-Poutine-Zelensky<\/a>&nbsp;&nbsp;Ouest-France<\/li>\n<li><a href=\"https:\/\/news.google.com\/rss\/articles\/CBMi_wJBVV95cUxOMnhScnJxYVFWWXJRZ3hyd0RVRnNkaUN1MXhfUFZmZGRZQzFLcUdhd21zYkg2b1BmQTVBdmVHNXcybGctd2poWktYTmtvZEU5R0NhRlZMUEpTTzd2ZHpOM0xqamVfSlJoVnlyck1JQ003NWJ5NW9CQU9PUjl2NWFZY3VIRC1MM2NKVGxZR2FqQ0hCb2FWZ1UtaFFNc25URkcyb25wVS02RDFWbG1mMTJoNm0zdVhCTFJhU2FDcGNNU0JVeTRsRXZHbFFRQi1FOGFuTFJpcURIQ2t3QVdNbDlRc3o3T21mYzN4cXNSUlZfSWZyUHduc0NnU25xeVFOVmU1dHRfMmEybDB2UEZTeGg4TkNpcDI3UkRRSmlSdXk5RWNvZkRJdVlpMm5yclRrQXh5aUo4NGg3QWFFdUg4czZ5VWFCUWp3anBWZUpfRnhRZzJHbmFLR3IyYUt1dHZFaXlnY0g2UlZoYlFxeURwemZNVDBlTnZxWHUzMkNfTDNQYw?oc=5\" target=\"_blank\" rel=\"nofollow noopener\">Rencontre Trump\/Poutine: \u00ab\u00a0Les diplomates am\u00e9ricains expliquent aux diplomates europ\u00e9ens que Poutine va c\u00e9der aux charmes de Trump\u00a0\u00bb, raconte Laurence Ha\u00efm, journaliste sp\u00e9cialiste des \u00c9tats-Unis<\/a>&nbsp;&nbsp;BFMTV<\/li>\n<li><a href=\"https:\/\/news.google.com\/rss\/articles\/CBMi2wFBVV95cUxPeUp5QWRLNGt3U1pSVV8tbFZsdDJjT1dLM3l2SU9KOVh6dElncG42TGt6bVhUREdnemtOM2pkb3c3bTdwczNRZWlvWEh0S3dMV0NCYzZiNklsQ1JPTXByU2s0T0QzMUdoclRDTk9hMl9DMVc5RGpFNmg5S2tVc3AtT0xMTkhoWl8xSTg4TnB1eGwycXlfM19tdmtfNW5oNFRaWk5rUHdDSm9lUEoxcEphUHlUWVZ2REczdHRnTnlteUpkVW9Rdl9OdVFucVpuNmdZR1JoSjZkOFFzVXc?oc=5\" target=\"_blank\" rel=\"nofollow noopener\">Ukraine : \u00e9viter le pi\u00e8ge du sommet entre la Russie et les Etats-Unis en Alaska<\/a>&nbsp;&nbsp;Le Monde.fr<\/li>\n<li><a href=\"https:\/\/news.google.com\/rss\/articles\/CBMi3AFBVV95cUxOTmNBdEVCdUhGb3lPalgtT3FzdnB5cERLbHpXMHJKRWdpbmxScG9rcHhqd0NEaTZTdDgwclVBNVI0WlVRVFR2YmFxY1lLYmotMWxUZVR2QkdaTUFxZnVnQUVsNWpsdGYyaHlPd1VuaGJ6M3o2OFd0VDZVSzhQc2lDY1dMaTQ1UXYwaHcxTDU0c2dtOUFub1dBTzNpbU9YNVc4MU8xTVNQelM3MTcxWWhQUEdjYk9iSkpMRnA3V3ZpUEpjaHNqWmtkeEd0Z1gwYnJwWkZzb1NZNjJYUFZE?oc=5\" target=\"_blank\" rel=\"nofollow noopener\">L\u2019ambassadeur am\u00e9ricain \u00e0 l\u2019Otan envisage Zelensky au sommet Trump-Poutine<\/a>&nbsp;&nbsp;20 Minutes<\/li>\n<li><a href=\"https:\/\/news.google.com\/rss\/articles\/CBMi4AFBVV95cUxNU25feTlJbTdTRUZLUzc4dl9wLUk3ZDhTNzZvX0cyVkVkR2o0WTFsc1dtWHRXNUxsWEtXMGJBV0JzUV9FOVp4blFhaFFTeFBJTlo3dll4VGJSN3V6SGd3amZMaWkwcnUzb1Zackg5YXVaODBLRmplNmtiRXBMR2ZpdTRUSnRNV3NJMG1vYVFHRnZuSVdnMFRmalJiR3F1WnNwSEI5S1FjcVJ0LThSV2Flc3BMU3JYS3l0WnBUQ0lfSkZOcVA4RFQtNm5PMFFqZlgtcG9jamJVMHFlb3lZaWQ2cA?oc=5\" target=\"_blank\" rel=\"nofollow noopener\">Sommet Trump-Poutine : les montagnes russes de Volodymyr Zelensky<\/a>&nbsp;&nbsp;Lib\u00e9ration<\/li>\n<\/ol>\n","protected":false},"excerpt":{"rendered":"Guerre en Ukraine : les \u00c9tats-Unis veulent \u00ab programmer \u00bb une rencontre Trump-Poutine-Zelensky&nbsp;&nbsp;Ouest-France Rencontre Trump\/Poutine: \u00ab\u00a0Les diplomates am\u00e9ricains&hellip;\n","protected":false},"author":2,"featured_media":1445,"comment_status":"","ping_status":"","sticky":false,"template":"","format":"standard","meta":{"footnotes":""},"categories":[1589],"tags":[11,73,1866,12,1864,1865,1863,308],"class_list":{"0":"post-311296","1":"post","2":"type-post","3":"status-publish","4":"format-standard","5":"has-post-thumbnail","7":"category-etats-unis","8":"tag-actualites","9":"tag-etats-unis","10":"tag-etats-unis-damerique","11":"tag-news","12":"tag-united-states","13":"tag-united-states-of-america","14":"tag-us","15":"tag-usa"},"share_on_mastodon":{"url":"https:\/\/pubeurope.com\/@fr\/115009507465248974","error":""},"_links":{"self":[{"href":"https:\/\/www.europesays.com\/fr\/wp-json\/wp\/v2\/posts\/311296","targetHints":{"allow":["GET"]}}],"collection":[{"href":"https:\/\/www.europesays.com\/fr\/wp-json\/wp\/v2\/posts"}],"about":[{"href":"https:\/\/www.europesays.com\/fr\/wp-json\/wp\/v2\/types\/post"}],"author":[{"embeddable":true,"href":"https:\/\/www.europesays.com\/fr\/wp-json\/wp\/v2\/users\/2"}],"replies":[{"embeddable":true,"href":"https:\/\/www.europesays.com\/fr\/wp-json\/wp\/v2\/comments?post=311296"}],"version-history":[{"count":0,"href":"https:\/\/www.europesays.com\/fr\/wp-json\/wp\/v2\/posts\/311296\/revisions"}],"wp:featuredmedia":[{"embeddable":true,"href":"https:\/\/www.europesays.com\/fr\/wp-json\/wp\/v2\/media\/1445"}],"wp:attachment":[{"href":"https:\/\/www.europesays.com\/fr\/wp-json\/wp\/v2\/media?parent=311296"}],"wp:term":[{"taxonomy":"category","embeddable":true,"href":"https:\/\/www.europesays.com\/fr\/wp-json\/wp\/v2\/categories?post=311296"},{"taxonomy":"post_tag","embeddable":true,"href":"https:\/\/www.europesays.com\/fr\/wp-json\/wp\/v2\/tags?post=311296"}],"curies":[{"name":"wp","href":"https:\/\/api.w.org\/{rel}","templated":true}]}}