{"id":311299,"date":"2025-08-11T09:50:10","date_gmt":"2025-08-11T09:50:10","guid":{"rendered":"https:\/\/www.europesays.com\/fr\/311299\/"},"modified":"2025-08-11T09:50:10","modified_gmt":"2025-08-11T09:50:10","slug":"crise-du-secteur-aerien-en-allemagne-moins-davions-moins-demplois","status":"publish","type":"post","link":"https:\/\/www.europesays.com\/fr\/311299\/","title":{"rendered":"Crise du secteur a\u00e9rien en Allemagne : Moins d&rsquo;avions, moins d&#8217;emplois"},"content":{"rendered":"<p>Face \u00e0 la hausse des co\u00fbts impos\u00e9s par l&rsquo;\u00c9tat, de plus en plus de compagnies a\u00e9riennes retirent leurs appareils d&rsquo;Allemagne.<\/p>\n<p>Selon le Bundesverband der Deutschen Luftverkehrswirtschaft (BDL), la f\u00e9d\u00e9ration allemande de l&rsquo;aviation civile, le nombre d&rsquo;avions bas\u00e9s dans le pays est pass\u00e9 de 190 en 2019, avant la crise du Covid, \u00e0 seulement 130 cette ann\u00e9e. Ce retrait d&rsquo;appareils entra\u00eene la suppression d&rsquo;environ 10 000 emplois et une perte de plus de quatre milliards d&rsquo;euros de valeur ajout\u00e9e par an. \u00ab En raison du doublement des co\u00fbts impos\u00e9s par l&rsquo;\u00c9tat depuis 2019, les compagnies a\u00e9riennes \u00e9vitent d\u00e9sormais l&rsquo;Allemagne \u00bb, a d\u00e9clar\u00e9 Jens Bischof, pr\u00e9sident du BDL, lors de la pr\u00e9sentation des chiffres semestriels du secteur. Il souligne que la connectivit\u00e9 de l&rsquo;\u00e9conomie exportatrice allemande \u00e0 ses march\u00e9s s&rsquo;en trouve fortement affect\u00e9e.<\/p>\n<p>Le secteur de l&rsquo;aviation d\u00e9plore que le gouvernement ait report\u00e9 la baisse de la taxe sur le transport a\u00e9rien, pourtant annonc\u00e9e dans l&rsquo;accord de coalition. \u00ab L&rsquo;annulation de la derni\u00e8re hausse de la taxe sur le transport a\u00e9rien, intervenue en mai 2024, aurait \u00e9t\u00e9 un premier signal pour inciter les compagnies \u00e0 revenir \u00bb, estime Bischof. \u00ab Le gouvernement doit faire de la crise du secteur a\u00e9rien allemand une priorit\u00e9. \u00bb D&rsquo;apr\u00e8s le BDL, taxes, redevances et frais de s\u00e9curit\u00e9 et de contr\u00f4le a\u00e9rien feront grimper les charges publiques de pr\u00e8s de 1,1 milliard d&rsquo;euros cette ann\u00e9e, pour atteindre 4,4 milliards au total. Cette situation freine la reprise du secteur en Allemagne.<\/p>\n<p>Au premier semestre, le nombre de passagers n&rsquo;a progress\u00e9 que de pr\u00e8s de trois pour cent, atteignant 99,4 millions, contre une croissance de dix pour cent l&rsquo;ann\u00e9e pr\u00e9c\u00e9dente. L&rsquo;Allemagne reste ainsi \u00e0 16\u00a0% sous le niveau de 2019 et occupe la 28e place sur 31 pour la reprise post-Covid en Europe. L&rsquo;offre de si\u00e8ges correspond \u00e0 87\u00a0% de celle de 2019, alors que la moyenne europ\u00e9enne atteint 104\u00a0%. Les perspectives demeurent sombres, selon la f\u00e9d\u00e9ration. Pour la saison hivernale, l&rsquo;offre en Allemagne devrait certes atteindre 90\u00a0% du niveau pr\u00e9-crise, mais ailleurs en Europe, elle grimpera \u00e0 116\u00a0%.<\/p>\n<p><b>LE TOURISME EN PLEINE CROISSANCE<\/b><\/p>\n<p>Les co\u00fbts d&rsquo;implantation ne semblent toutefois pas freiner le transport a\u00e9rien touristique. Les compagnies de loisirs telles que Condor, Discover Airlines ou TUIfly ont propos\u00e9 au premier semestre 34\u00a0% de si\u00e8ges en plus qu&rsquo;il y a six ans. Dans le reste de l&rsquo;Europe, la progression n&rsquo;est que de deux pour cent par rapport \u00e0 2019.<\/p>\n<p>Le trafic a\u00e9rien domestique allemand reste quant \u00e0 lui le plus affect\u00e9 par la crise sanitaire. Au premier semestre, moins de la moiti\u00e9 des vols int\u00e9rieurs de 2019 ont \u00e9t\u00e9 assur\u00e9s. Hors vols de correspondance vers les liaisons long-courrier depuis les hubs de Francfort et Munich, le trafic domestique affiche un recul de 80\u00a0% par rapport \u00e0 l&rsquo;avant-crise. De nombreuses liaisons au d\u00e9part de Stuttgart, vers Bruxelles, D\u00fcsseldorf, Hanovre ou Leipzig, ont disparu. La r\u00e9gion, domin\u00e9e par l&rsquo;industrie automobile en difficult\u00e9, est particuli\u00e8rement touch\u00e9e. Les grands constructeurs comme Mercedes-Benz ou Porsche, ainsi que les \u00e9quipementiers tels que Bosch, r\u00e9duisent leurs d\u00e9penses, y compris pour les d\u00e9placements professionnels.<\/p>\n<p>(D\u00e9p\u00eache r\u00e9dig\u00e9e par Ilona Wissenbach, \u00e9dit\u00e9e par Sabine Wollrab. Pour toute question, veuillez contacter la r\u00e9daction \u00e0 frankfurt.newsroom@thomsonreuters.com)<\/p>\n<p><\/p>\n","protected":false},"excerpt":{"rendered":"Face \u00e0 la hausse des co\u00fbts impos\u00e9s par l&rsquo;\u00c9tat, de plus en plus de compagnies a\u00e9riennes retirent leurs&hellip;\n","protected":false},"author":2,"featured_media":311300,"comment_status":"","ping_status":"","sticky":false,"template":"","format":"standard","meta":{"footnotes":""},"categories":[1587],"tags":[11,672,340,1804,1805,1803,1777,674,1801,12,1802],"class_list":{"0":"post-311299","1":"post","2":"type-post","3":"status-publish","4":"format-standard","5":"has-post-thumbnail","7":"category-allemagne","8":"tag-actualites","9":"tag-allemagne","10":"tag-bourse","11":"tag-bundesrepublik-deutschland","12":"tag-de","13":"tag-deutschland","14":"tag-eu","15":"tag-europe","16":"tag-germany","17":"tag-news","18":"tag-republique-federale-dallemagne"},"share_on_mastodon":{"url":"","error":""},"_links":{"self":[{"href":"https:\/\/www.europesays.com\/fr\/wp-json\/wp\/v2\/posts\/311299","targetHints":{"allow":["GET"]}}],"collection":[{"href":"https:\/\/www.europesays.com\/fr\/wp-json\/wp\/v2\/posts"}],"about":[{"href":"https:\/\/www.europesays.com\/fr\/wp-json\/wp\/v2\/types\/post"}],"author":[{"embeddable":true,"href":"https:\/\/www.europesays.com\/fr\/wp-json\/wp\/v2\/users\/2"}],"replies":[{"embeddable":true,"href":"https:\/\/www.europesays.com\/fr\/wp-json\/wp\/v2\/comments?post=311299"}],"version-history":[{"count":0,"href":"https:\/\/www.europesays.com\/fr\/wp-json\/wp\/v2\/posts\/311299\/revisions"}],"wp:featuredmedia":[{"embeddable":true,"href":"https:\/\/www.europesays.com\/fr\/wp-json\/wp\/v2\/media\/311300"}],"wp:attachment":[{"href":"https:\/\/www.europesays.com\/fr\/wp-json\/wp\/v2\/media?parent=311299"}],"wp:term":[{"taxonomy":"category","embeddable":true,"href":"https:\/\/www.europesays.com\/fr\/wp-json\/wp\/v2\/categories?post=311299"},{"taxonomy":"post_tag","embeddable":true,"href":"https:\/\/www.europesays.com\/fr\/wp-json\/wp\/v2\/tags?post=311299"}],"curies":[{"name":"wp","href":"https:\/\/api.w.org\/{rel}","templated":true}]}}