{"id":311302,"date":"2025-08-11T09:52:14","date_gmt":"2025-08-11T09:52:14","guid":{"rendered":"https:\/\/www.europesays.com\/fr\/311302\/"},"modified":"2025-08-11T09:52:14","modified_gmt":"2025-08-11T09:52:14","slug":"karine-le-marchand-a-t-elle-deja-eu-un-crush-pour-un-agriculteur-de-lamour-est-dans-le-pre","status":"publish","type":"post","link":"https:\/\/www.europesays.com\/fr\/311302\/","title":{"rendered":"Karine Le Marchand a-t-elle de\u0301ja\u0300 eu un crush pour un agriculteur de L\u2019Amour est dans le pre\u0301 ?"},"content":{"rendered":"\n<p><strong>Animatrice embl\u00e9matique de L\u2019Amour est dans le pr\u00e9 depuis la saison 5 de l\u2019\u00e9mission de M6, Karine Le Marchand a vu d\u00e9filer de nombreux agriculteurs en qu\u00eate de leur moiti\u00e9. Mais a-t-elle, elle-m\u00eame, d\u00e9j\u00e0 eu une attirance pour l\u2019un d\u2019eux ?<\/strong><\/p>\n<p>Karine Le Marchand a-t-elle, elle aussi, trouv\u00e9 l\u2019amour dans le pr\u00e9 ? En 2005, l\u2019animatrice succ\u00e9dait \u00e0 Alessandra Sublet \u00e0 la pr\u00e9sentation de L\u2019Amour est dans le pr\u00e9, l\u2019\u00e9mission de dating de la cha\u00eene M6 dans laquelle des agriculteurs et des agricultrices re\u00e7oivent un petit coup de pouce pour trouver le grand amour. Chaque saison, les t\u00e9l\u00e9spectatrices et les t\u00e9l\u00e9spectateurs se passionnent pour l\u2019ouverture des courriers, les speed datings, mais surtout les s\u00e9jours \u00e0 la ferme lors desquels naissent les sentiments ou grandissent les d\u00e9ceptions. Mais toujours, Karine Le Marchand se r\u00e9v\u00e8le \u00eatre un grand soutien pour ses petits prot\u00e9g\u00e9s qu\u2019elle accompagne tout au long de l\u2019aventure. Si elle sait se r\u00e9jouir de leur bonheur, elle peut \u00e9galement se montrer critique sur leurs comportements ou ceux de leurs pr\u00e9tendants, ce qui lui vaut le surnom de \u00ab\u00a0tata Kaka\u00a0\u00bb. Et c\u2019est justement une barri\u00e8re qu\u2019elle s\u2019applique \u00e0 ne pas d\u00e9passer.<\/p>\n<p>Karine Le Marchand pourrait \u00ab\u00a0tomber (&#8230;)                <\/p>\n","protected":false},"excerpt":{"rendered":"Animatrice embl\u00e9matique de L\u2019Amour est dans le pr\u00e9 depuis la saison 5 de l\u2019\u00e9mission de M6, Karine Le&hellip;\n","protected":false},"author":2,"featured_media":311303,"comment_status":"","ping_status":"","sticky":false,"template":"","format":"standard","meta":{"footnotes":""},"categories":[1586],"tags":[11,1777,674,1779,1011,27,12,25,1778,364],"class_list":{"0":"post-311302","1":"post","2":"type-post","3":"status-publish","4":"format-standard","5":"has-post-thumbnail","7":"category-europe","8":"tag-actualites","9":"tag-eu","10":"tag-europe","11":"tag-european-union","12":"tag-fr","13":"tag-france","14":"tag-news","15":"tag-republique-francaise","16":"tag-ue","17":"tag-union-europeenne"},"share_on_mastodon":{"url":"https:\/\/pubeurope.com\/@fr\/115009522502241729","error":""},"_links":{"self":[{"href":"https:\/\/www.europesays.com\/fr\/wp-json\/wp\/v2\/posts\/311302","targetHints":{"allow":["GET"]}}],"collection":[{"href":"https:\/\/www.europesays.com\/fr\/wp-json\/wp\/v2\/posts"}],"about":[{"href":"https:\/\/www.europesays.com\/fr\/wp-json\/wp\/v2\/types\/post"}],"author":[{"embeddable":true,"href":"https:\/\/www.europesays.com\/fr\/wp-json\/wp\/v2\/users\/2"}],"replies":[{"embeddable":true,"href":"https:\/\/www.europesays.com\/fr\/wp-json\/wp\/v2\/comments?post=311302"}],"version-history":[{"count":0,"href":"https:\/\/www.europesays.com\/fr\/wp-json\/wp\/v2\/posts\/311302\/revisions"}],"wp:featuredmedia":[{"embeddable":true,"href":"https:\/\/www.europesays.com\/fr\/wp-json\/wp\/v2\/media\/311303"}],"wp:attachment":[{"href":"https:\/\/www.europesays.com\/fr\/wp-json\/wp\/v2\/media?parent=311302"}],"wp:term":[{"taxonomy":"category","embeddable":true,"href":"https:\/\/www.europesays.com\/fr\/wp-json\/wp\/v2\/categories?post=311302"},{"taxonomy":"post_tag","embeddable":true,"href":"https:\/\/www.europesays.com\/fr\/wp-json\/wp\/v2\/tags?post=311302"}],"curies":[{"name":"wp","href":"https:\/\/api.w.org\/{rel}","templated":true}]}}