{"id":311306,"date":"2025-08-11T09:54:13","date_gmt":"2025-08-11T09:54:13","guid":{"rendered":"https:\/\/www.europesays.com\/fr\/311306\/"},"modified":"2025-08-11T09:54:13","modified_gmt":"2025-08-11T09:54:13","slug":"paga-accuse-de-viol-sort-du-silence","status":"publish","type":"post","link":"https:\/\/www.europesays.com\/fr\/311306\/","title":{"rendered":"Paga accus\u00e9 de viol, sort du silence"},"content":{"rendered":"<p>L\u2019affaire avait provoqu\u00e9 une vague de r\u00e9actions sur les r\u00e9seaux sociaux. Le candidat de <a href=\"https:\/\/www.20minutes.fr\/dossier\/telerealite\" class=\"color-ultramarine c-link\" rel=\"nofollow noopener\" target=\"_blank\">t\u00e9l\u00e9r\u00e9alit\u00e9<\/a>, Paga, connu pour ses multiples participations \u00e0 l\u2019\u00e9mission <a href=\"https:\/\/www.20minutes.fr\/television\/marseillais\/\" class=\"color-ultramarine c-link\" rel=\"nofollow noopener\" target=\"_blank\">Les Marseillais<\/a>, est vis\u00e9 par une plainte pour <a href=\"https:\/\/www.20minutes.fr\/dossier\/viol\" class=\"color-ultramarine c-link\" rel=\"nofollow noopener\" target=\"_blank\">viol<\/a>, d\u00e9pos\u00e9e par une jeune femme de 20 ans. Anthony Paggini de son vrai nom, a \u00e9t\u00e9 lib\u00e9r\u00e9 apr\u00e8s plus de dix heures d\u2019audition.<\/p>\n<p>Lib\u00e9r\u00e9 sans poursuites<\/p>\n<p>Dans un communiqu\u00e9 transmis par ses avocats, Margaux Mathieu et Jules Planque, l\u2019ex-candidat de t\u00e9l\u00e9-r\u00e9alit\u00e9 se dit \u00ab\u00a0profond\u00e9ment choqu\u00e9\u00a0\u00bb par des accusations qualifi\u00e9es d\u2019\u00ab\u00a0infond\u00e9es\u00a0\u00bb et \u00ab\u00a0infamantes\u00a0\u00bb. De surcro\u00eet, ils affirment que l\u2019enqu\u00eate \u00ab\u00a0a rapidement permis d\u2019\u00e9tablir que les accusations de viol dont il a fait l\u2019objet (\u00e9taient) totalement infond\u00e9es\u00a0\u00bb.<\/p>\n<p class=\"mb-xxl@xs color-ultramarine font-weight-semi-bold@xs font-source-serif-pro heading-s@xs\">L\u2019acc\u00e8s \u00e0 ce contenu a \u00e9t\u00e9 bloqu\u00e9 afin de respecter votre choix de consentement<\/p>\n<p class=\"mb-m@xs text-l@xs\">En cliquant sur\u00ab J\u2019accepte \u00bb, vous acceptez le d\u00e9p\u00f4t de cookies par des services externes et aurez ainsi acc\u00e8s aux contenus de nos partenaires.<\/p>\n<p class=\"mb-xl@xs text-s@xs\">Plus d\u2019informations sur la page<a href=\"https:\/\/www.20minutes.fr\/gestion-cookies\" class=\"mx-xxs@xs color-ultramarine\" rel=\"nofollow noopener\" target=\"_blank\">Politique de gestion des cookies<\/a><\/p>\n<p>J\u2019accepte<\/p>\n<p>Paga entend d\u00e9sormais se recentrer sur sa vie priv\u00e9e et \u00ab\u00a0retrouver paix et s\u00e9r\u00e9nit\u00e9\u00a0\u00bb aupr\u00e8s de ses proches. Ses avocats n\u2019excluent pas, en revanche, de saisir la justice contre certains m\u00e9dias qu\u2019il accuse d\u2019avoir port\u00e9 atteinte \u00e0 son honneur. Le DJ de 27 ans, interpell\u00e9 sur la plage Casa Amor \u00e0 Ramatuelle dans le <a href=\"https:\/\/www.20minutes.fr\/societe\/var\/\" class=\"color-ultramarine c-link\" rel=\"nofollow noopener\" target=\"_blank\">Var<\/a>, est sorti sans poursuites, indique <a href=\"https:\/\/www.laprovence.com\/article\/faits-divers-justice\/4509587916110814\/paga-soupconne-de-viol-a-saint-tropez-sa-garde-a-vue-a-ete-levee-sans-poursuite\" rel=\"nofollow noopener\" target=\"_blank\" class=\"color-ultramarine c-link\">La Provence<\/a>.<\/p>\n<p><\/p>\n","protected":false},"excerpt":{"rendered":"L\u2019affaire avait provoqu\u00e9 une vague de r\u00e9actions sur les r\u00e9seaux sociaux. Le candidat de t\u00e9l\u00e9r\u00e9alit\u00e9, Paga, connu pour&hellip;\n","protected":false},"author":2,"featured_media":311307,"comment_status":"","ping_status":"","sticky":false,"template":"","format":"standard","meta":{"footnotes":""},"categories":[2],"tags":[11,251,58,118,1011,27,12434,12,883,882,25,2587,252,7506,1265,799],"class_list":{"0":"post-311306","1":"post","2":"type-post","3":"status-publish","4":"format-standard","5":"has-post-thumbnail","7":"category-actualites","8":"tag-actualites","9":"tag-culture","10":"tag-divertissement","11":"tag-faits-divers","12":"tag-fr","13":"tag-france","14":"tag-les-marseillais","15":"tag-news","16":"tag-paca","17":"tag-provence-alpes-cote-dazur","18":"tag-republique-francaise","19":"tag-telerealite","20":"tag-television","21":"tag-var","22":"tag-viol","23":"tag-violences-sexuelles"},"share_on_mastodon":{"url":"https:\/\/pubeurope.com\/@fr\/115009530468965764","error":""},"_links":{"self":[{"href":"https:\/\/www.europesays.com\/fr\/wp-json\/wp\/v2\/posts\/311306","targetHints":{"allow":["GET"]}}],"collection":[{"href":"https:\/\/www.europesays.com\/fr\/wp-json\/wp\/v2\/posts"}],"about":[{"href":"https:\/\/www.europesays.com\/fr\/wp-json\/wp\/v2\/types\/post"}],"author":[{"embeddable":true,"href":"https:\/\/www.europesays.com\/fr\/wp-json\/wp\/v2\/users\/2"}],"replies":[{"embeddable":true,"href":"https:\/\/www.europesays.com\/fr\/wp-json\/wp\/v2\/comments?post=311306"}],"version-history":[{"count":0,"href":"https:\/\/www.europesays.com\/fr\/wp-json\/wp\/v2\/posts\/311306\/revisions"}],"wp:featuredmedia":[{"embeddable":true,"href":"https:\/\/www.europesays.com\/fr\/wp-json\/wp\/v2\/media\/311307"}],"wp:attachment":[{"href":"https:\/\/www.europesays.com\/fr\/wp-json\/wp\/v2\/media?parent=311306"}],"wp:term":[{"taxonomy":"category","embeddable":true,"href":"https:\/\/www.europesays.com\/fr\/wp-json\/wp\/v2\/categories?post=311306"},{"taxonomy":"post_tag","embeddable":true,"href":"https:\/\/www.europesays.com\/fr\/wp-json\/wp\/v2\/tags?post=311306"}],"curies":[{"name":"wp","href":"https:\/\/api.w.org\/{rel}","templated":true}]}}