{"id":311310,"date":"2025-08-11T09:58:11","date_gmt":"2025-08-11T09:58:11","guid":{"rendered":"https:\/\/www.europesays.com\/fr\/311310\/"},"modified":"2025-08-11T09:58:11","modified_gmt":"2025-08-11T09:58:11","slug":"antoine-dupont-sest-lance-dans-un-nouveau-projet-tres-loin-du-rugby","status":"publish","type":"post","link":"https:\/\/www.europesays.com\/fr\/311310\/","title":{"rendered":"Antoine Dupont s&rsquo;est lanc\u00e9 dans un nouveau projet, tr\u00e8s loin du rugby"},"content":{"rendered":"<p class=\"app_entry_lead\">\n                                    <a title=\"\u00a0\u00a9\u00a0PHIL MINGO\/PPAUK\/\/SIPA (publi\u00e9e le 04\/04\/2025)\" href=\"https:\/\/www.europesays.com\/fr\/wp-content\/uploads\/2025\/04\/73467918.jpg\" class=\"fancy\"><\/p>\n<p>                            <img loading=\"lazy\" decoding=\"async\" src=\"https:\/\/www.europesays.com\/fr\/wp-content\/uploads\/2025\/04\/73467918.jpg\" alt=\"Antoine Dupont s'est lanc\u00e9 dans un nouveau projet, tr\u00e8s loin du rugby\" width=\"1500\" height=\"902\"\/><\/p>\n<p>                    <\/a><br \/>\n                    Le capitaine du XV de France a peut \u00eatre son avenir d\u00e9j\u00e0 tout trac\u00e9.\n            <\/p>\n<p>Antoine Dupont est en phase de reprise, mais pas encore sur les terrains. Gravement bless\u00e9 lors de la rencontre face \u00e0 l&rsquo;Irlande au Tournoi des 6\u00a0Nations au mois de mars dernier, le capitaine du XV de France se concentre d\u00e9sormais sur sa r\u00e9\u00e9ducation apr\u00e8s son op\u00e9ration des ligaments crois\u00e9s.<\/p>\n<p>S&rsquo;il va toujours \u00eatre tr\u00e8s impliqu\u00e9 dans son club du Stade Toulousain, le Fran\u00e7ais va \u00e9galement faire autre chose pendant plusieurs mois, se concentrer sur de nouveaux projets qu&rsquo;il vient de lancer.\u00a0Depuis le mois d&rsquo;avril, en compagnie de 4\u00a0associ\u00e9s, dont son fr\u00e8re Cl\u00e9ment, agriculteur et \u00e9leveur de porcs noirs de Bigorre, et son co\u00e9quipier au Stade toulousain, le pilier\u00a0Cyril Baille, il a ouvert officiellement les portes de son nouvel \u00e9tablissement, \u00ab\u00a0Chez Jean, la m\u00e9tairie Dupont\u00a0\u00bb.<\/p>\n<p>Ce restaurant se situe\u00a0\u00e0 Castelnau-Magnoac, sa ville natale, non loin de Toulouse. Un \u00ab\u00a0\u2009bistrot de campagne\u2009\u00a0\u00bb qui assure\u00a0un service \u00ab\u00a0\u2009du mercredi au dimanche\u2009\u00a0\u00bb, peut-on lire sur les r\u00e9seaux sociaux. Si le challenge est \u00e9lev\u00e9, Antoine Dupont a bien une \u00e2me d&rsquo;auto entrepreneur et ne se lance pas t\u00eate baiss\u00e9e dans ce domaine, qu&rsquo;il conna\u00eet d\u00e9j\u00e0.<\/p>\n<p>Il y a un an d\u00e9j\u00e0, le Fran\u00e7ais avait lanc\u00e9\u00a0un restaurant nomm\u00e9 \u00ab\u00a0Ga\u00efa\u00a0\u00bb qui est rapidement devenu un lieu incontournable et branch\u00e9 de Toulouse.\u00a0\u00ab\u00a0On est super content. Pour le moment, les Toulousains r\u00e9pondent pr\u00e9sents\u00a0\u00bb, se f\u00e9licitait Thomas Affre, un restaurateur associ\u00e9 au projet aupr\u00e8s de\u00a0La D\u00e9p\u00eache. Le joueur international Pierre-Louis Barassi, ainsi que Julien Mas \u00e9tant \u00e9galement associ\u00e9s au projet.\n<\/p>\n<p>\u00ab\u00a0M\u00eame au bout de quatre mois, on essaye de faire revenir les clients et on mise beaucoup sur la bonne nourriture et la convivialit\u00e9. On part du principe que c&rsquo;est ce que recherche notre client\u00e8le.\u00a0Nous avons\u00a0\u00e9norm\u00e9ment de r\u00e9servations pour des anniversaires, surtout en fin de semaine. \u00c7a apporte quelque chose de diff\u00e9rent et un c\u00f4t\u00e9 tr\u00e8s festif. C&rsquo;est aussi ce qu&rsquo;on recherche\u00a0\u00bb, explique le restaurateur.<\/p>\n","protected":false},"excerpt":{"rendered":"Le capitaine du XV de France a peut \u00eatre son avenir d\u00e9j\u00e0 tout trac\u00e9. Antoine Dupont est en&hellip;\n","protected":false},"author":2,"featured_media":10851,"comment_status":"","ping_status":"","sticky":false,"template":"","format":"standard","meta":{"footnotes":""},"categories":[1416],"tags":[1011,27,479,1468,60],"class_list":{"0":"post-311310","1":"post","2":"type-post","3":"status-publish","4":"format-standard","5":"has-post-thumbnail","7":"category-rugby","8":"tag-fr","9":"tag-france","10":"tag-rugby","11":"tag-rugby-football","12":"tag-sports"},"share_on_mastodon":{"url":"https:\/\/pubeurope.com\/@fr\/115009546315629368","error":""},"_links":{"self":[{"href":"https:\/\/www.europesays.com\/fr\/wp-json\/wp\/v2\/posts\/311310","targetHints":{"allow":["GET"]}}],"collection":[{"href":"https:\/\/www.europesays.com\/fr\/wp-json\/wp\/v2\/posts"}],"about":[{"href":"https:\/\/www.europesays.com\/fr\/wp-json\/wp\/v2\/types\/post"}],"author":[{"embeddable":true,"href":"https:\/\/www.europesays.com\/fr\/wp-json\/wp\/v2\/users\/2"}],"replies":[{"embeddable":true,"href":"https:\/\/www.europesays.com\/fr\/wp-json\/wp\/v2\/comments?post=311310"}],"version-history":[{"count":0,"href":"https:\/\/www.europesays.com\/fr\/wp-json\/wp\/v2\/posts\/311310\/revisions"}],"wp:featuredmedia":[{"embeddable":true,"href":"https:\/\/www.europesays.com\/fr\/wp-json\/wp\/v2\/media\/10851"}],"wp:attachment":[{"href":"https:\/\/www.europesays.com\/fr\/wp-json\/wp\/v2\/media?parent=311310"}],"wp:term":[{"taxonomy":"category","embeddable":true,"href":"https:\/\/www.europesays.com\/fr\/wp-json\/wp\/v2\/categories?post=311310"},{"taxonomy":"post_tag","embeddable":true,"href":"https:\/\/www.europesays.com\/fr\/wp-json\/wp\/v2\/tags?post=311310"}],"curies":[{"name":"wp","href":"https:\/\/api.w.org\/{rel}","templated":true}]}}