{"id":311313,"date":"2025-08-11T10:01:16","date_gmt":"2025-08-11T10:01:16","guid":{"rendered":"https:\/\/www.europesays.com\/fr\/311313\/"},"modified":"2025-08-11T10:01:16","modified_gmt":"2025-08-11T10:01:16","slug":"le-programme-du-gp-dautriche-motogp-2025","status":"publish","type":"post","link":"https:\/\/www.europesays.com\/fr\/311313\/","title":{"rendered":"Le programme du GP d&rsquo;Autriche MotoGP 2025"},"content":{"rendered":"<p>Le Grand Prix d&rsquo;Autriche a fait son entr\u00e9e au championnat du monde en 1971, \u00e0 l&rsquo;\u00e9poque sur le Salzburgring. Il y eut sur place <a href=\"https:\/\/fr.motorsport.com\/motogp\/news\/gp-d-autriche-sur-les-traces-des-roberts-schwantz-doohan-806199\/806199\/\" target=\"_self\" rel=\"noopener\">quelques moments d&rsquo;anthologie<\/a> durant deux d\u00e9cennies, notamment la toute premi\u00e8re victoire de Kenny Roberts en 1978 et m\u00eame une \u00e9dition annul\u00e9e \u00e0 cause de la neige. L&rsquo;\u00e9preuve a ensuite \u00e9t\u00e9 transf\u00e9r\u00e9e en 1996 sur le A1-Ring, nouveau nom d&rsquo;un \u00d6sterreichring remodel\u00e9 par Hermann Tilke, et c&rsquo;est l\u00e0 que <a href=\"https:\/\/fr.motorsport.com\/driver\/valentino-rossi\/76374\/\" target=\"_blank\" rel=\"noopener\">Valentino Rossi<\/a>\u00a0d\u00e9crocha son premier podium mondial.<\/p>\n<p>\u00c9cart\u00e9 au bout de deux ans, le Grand Prix allait finalement rena\u00eetre en 2016 sur la m\u00eame piste, mais d\u00e9sormais baptis\u00e9e Red Bull Ring. Situ\u00e9 \u00e0 Spielberg, pr\u00e8s de Zeltweg et \u00e0 200 km de Vienne, le circuit a \u00e9t\u00e9 modifi\u00e9 il y a trois ans avec l&rsquo;ajout de la chicane M\u00fcnzer au niveau du virage 2 (on parle d\u00e9sormais de 2a et 2b) apr\u00e8s diff\u00e9rents incidents dans le virage suivant, en particulier le terrifiant accrochage de 2020 entre <a href=\"https:\/\/fr.motorsport.com\/driver\/johann-zarco\/96107\/\" target=\"_blank\" rel=\"noopener\">Johann Zarco<\/a> et <a href=\"https:\/\/fr.motorsport.com\/driver\/franco-morbidelli\/109417\/\" target=\"_blank\" rel=\"noopener\">Franco Morbidelli<\/a>, dont les motos ont fr\u00f4l\u00e9 <a href=\"https:\/\/fr.motorsport.com\/driver\/maverick-vinales\/96553\/\" target=\"_blank\" rel=\"noopener\">Maverick Vi\u00f1ales<\/a> et Valentino Rossi.<\/p>\n<p>Les horaires du GP d&rsquo;Autriche<\/p>\n<tr>\n<p style=\"text-align: left;\"><strong>Date<\/strong><\/p>\n<p>\u00a0<\/p>\n<p style=\"text-align: left;\"><strong>S\u00e9ance<\/strong><\/p>\n<p style=\"text-align: left;\"><strong>Heure fran\u00e7aise<\/strong><\/p>\n<\/tr>\n<tr>\n<td style=\"width: 34%;\"><strong>Vendredi 15 ao\u00fbt<\/strong><\/td>\n<td style=\"width: 33%;\">Essais Libres 1<\/td>\n<td style=\"width: 33%;\">10h45 &#8211; 11h30<\/td>\n<\/tr>\n<tr>\n<td style=\"width: 34%;\">\u00a0<\/td>\n<td style=\"width: 33%;\">Essais<\/td>\n<td style=\"width: 33%;\">15h00 &#8211; 16h00<\/td>\n<\/tr>\n<tr>\n<td style=\"width: 34%;\">\u00a0<\/td>\n<td style=\"width: 33%;\">\u00a0<\/td>\n<td style=\"width: 33%;\">\u00a0<\/td>\n<\/tr>\n<tr>\n<td style=\"width: 34%;\"><strong>Samedi 16 ao\u00fbt<\/strong><\/td>\n<td style=\"width: 33%;\">Essais Libres 2<\/td>\n<td style=\"width: 33%;\">10h10 &#8211; 10h40<\/td>\n<\/tr>\n<tr>\n<td style=\"width: 34%;\">\u00a0<\/td>\n<td style=\"width: 33%;\">Qualifications<\/td>\n<td style=\"width: 33%;\">10h50 &#8211; 11h30<\/td>\n<\/tr>\n<tr>\n<td style=\"width: 34%;\">\u00a0<\/td>\n<td style=\"width: 33%;\">Course sprint<\/td>\n<td style=\"width: 33%;\">15h00<\/td>\n<\/tr>\n<tr>\n<td style=\"width: 34%;\">\u00a0<\/td>\n<td style=\"width: 33%;\">\u00a0<\/td>\n<td style=\"width: 33%;\">\u00a0<\/td>\n<\/tr>\n<tr>\n<td style=\"width: 34%;\"><strong>Dimanche 17 ao\u00fbt<\/strong><\/td>\n<td style=\"width: 33%;\">Warm-up<\/td>\n<td style=\"width: 33%;\">9h40 &#8211; 9h50<\/td>\n<\/tr>\n<tr>\n<td style=\"width: 34%;\">\u00a0<\/td>\n<td style=\"width: 33%;\">Course<\/td>\n<td style=\"width: 33%;\">14h00<\/td>\n<\/tr>\n<p>Le d\u00e9part de la course sprint sera donn\u00e9 samedi \u00e0 15h et celui de la course principale MotoGP dimanche \u00e0 14h.<\/p>\n<p>Retrouvez le programme \u00e0 votre heure <a href=\"https:\/\/fr.motorsport.com\/location\/red-bull-ring\/1661\/\" target=\"_self\" rel=\"noopener\">ici<\/a>.<\/p>\n<p>O\u00f9 regarder le GP d&rsquo;Autriche\u00a0?<\/p>\n<p>Les cha\u00eenes du groupe Canal+ sont le diffuseur officiel du MotoGP en France. Comme \u00e0 l&rsquo;accoutum\u00e9e, elles retransmettront l&rsquo;int\u00e9gralit\u00e9 du programme du GP d&rsquo;Autriche cette semaine. Il faudra s&rsquo;installer sur Canal+ Sport 360 pour suivre les deux premi\u00e8res journ\u00e9es, pour les trois cat\u00e9gories, ce qui inclut les essais, les qualifications et la course sprint MotoGP.<\/p>\n<p>Dimanche, le warm-up sera toujours diffus\u00e9 sur Canal+ Sport 360, de m\u00eame que les courses des cat\u00e9gories Moto3 et Moto2. En revanche, il faudra basculer sur Canal+ pour la course MotoGP.<\/p>\n<p>Le circuit du Red Bull Ring<\/p>\n<p>Le Red Bull Ring est un circuit court et atypique, avec un d\u00e9nivel\u00e9 de 65\u00a0m et aucun virage lent, \u00e0 l&rsquo;exception d\u00e9sormais de la chicane ajout\u00e9e en 2022. Celle-ci a allong\u00e9 le tour de 30 m\u00e8tres et fait baisser la vitesse moyenne habituellement tr\u00e8s \u00e9lev\u00e9e sur place.<\/p>\n<p>Le circuit demeure exigeant, avec notamment trois lignes droites qui mettent aussi en valeur les capacit\u00e9s d&rsquo;acc\u00e9l\u00e9ration et de motricit\u00e9 des motos, ce qui n&rsquo;est pas pour d\u00e9plaire \u00e0 Ducati, mais aussi des virages tant\u00f4t en mont\u00e9e et en descente. L&rsquo;asphalte est abrasif mais le faible nombre de virages \u00e0 gauche signifie qu&rsquo;il est difficile de maintenir le flanc gauche du pneu en temp\u00e9rature, ce qui requiert des pneus sp\u00e9cifiques \u00e0 l&rsquo;arri\u00e8re, avec une carcasse plus r\u00e9sistante et une gomme asym\u00e9trique et plus dure sur le c\u00f4t\u00e9 droit.<\/p>\n<p><img decoding=\"async\" class=\"sizer\" draggable=\"false\" src=\"blob:https:\/\/fr-thewall.motorsport.com\/5bb8ecc1-7407-4abc-a9d0-0a2609bb09dc\" alt=\"\" loading=\"lazy\"\/><\/p>\n<p class=\"title\">VID\u00c9O &#8211; Un tour virtuel du Red Bull Ring en cam\u00e9ra embarqu\u00e9e<\/p>\n<p><strong>Caract\u00e9ristiques de la piste\u00a0:<\/strong><\/p>\n<tr>\n<td style=\"width: 40%;\"><strong>Construction<\/strong><\/td>\n<td style=\"width: 60%;\">1969<\/td>\n<\/tr>\n<tr>\n<td style=\"width: 40%;\"><strong>Longueur de la piste<\/strong><\/td>\n<td style=\"width: 60%;\">4,348 km<\/td>\n<\/tr>\n<tr>\n<td style=\"width: 40%;\"><strong>Largeur de la piste<\/strong><\/td>\n<td style=\"width: 60%;\">13 m<\/td>\n<\/tr>\n<tr>\n<td style=\"width: 40%;\"><strong>Virages<\/strong><\/td>\n<td style=\"width: 60%;\">3 gauche &#8211; 8 droite<\/td>\n<\/tr>\n<tr>\n<td style=\"width: 40%;\"><strong>Plus longue ligne droite<\/strong><\/td>\n<td style=\"width: 60%;\">626 m<\/td>\n<\/tr>\n<tr>\n<td style=\"width: 40%;\"><strong>Pole position<\/strong><\/td>\n<td style=\"width: 60%;\">\u00e0 gauche<\/td>\n<\/tr>\n<tr>\n<td style=\"width: 40%;\"><strong>Distance de la course MotoGP<\/strong><\/td>\n<td style=\"width: 60%;\">121,744\u00a0km (28 tours)<\/td>\n<\/tr>\n<tr>\n<td style=\"width: 40%;\"><strong>Distance de la course sprint<\/strong><\/td>\n<td style=\"width: 60%;\">60,872\u00a0km (14 tours)<\/td>\n<\/tr>\n<p><strong>Records en vigueur\u00a0:<\/strong><\/p>\n<tr>\n<td style=\"width: 35%;\"><strong>Record de la pole<\/strong><\/td>\n<td style=\"width: 25%;\"><img decoding=\"async\" src=\"https:\/\/www.europesays.com\/fr\/wp-content\/uploads\/2025\/04\/Ducati.png\" width=\"20\" loading=\"lazy\"\/>\u00a0J. Mart\u00edn<\/td>\n<td style=\"width: 25%;\">1&rsquo;27&Prime;748<\/td>\n<td style=\"width: 15%;\">2024<\/td>\n<\/tr>\n<tr>\n<td style=\"width: 35%;\"><strong>Meilleur temps en course<\/strong><\/td>\n<td style=\"width: 25%;\"><img decoding=\"async\" src=\"https:\/\/www.europesays.com\/fr\/wp-content\/uploads\/2025\/04\/Ducati.png\" width=\"20\" loading=\"lazy\"\/> P. Bagnaia<\/td>\n<td style=\"width: 25%;\">1&rsquo;29&Prime;519<\/td>\n<td style=\"width: 15%;\">2024<\/td>\n<\/tr>\n<tr>\n<td style=\"width: 35%;\"><strong>Record V-max<\/strong><\/td>\n<td style=\"width: 25%;\">\n<p><img decoding=\"async\" src=\"https:\/\/www.europesays.com\/fr\/wp-content\/uploads\/2025\/04\/Aprilia.png\" width=\"20\" loading=\"lazy\"\/> L. Savadori<\/p>\n<\/td>\n<td style=\"width: 25%;\">317,1 km\/h<\/td>\n<td style=\"width: 15%;\">\n<p>2024<\/p>\n<\/td>\n<\/tr>\n<tr>\n<td style=\"width: 35%;\"><strong>Record vitesse moyenne<\/strong><\/td>\n<td style=\"width: 25%;\"><img decoding=\"async\" src=\"https:\/\/www.europesays.com\/fr\/wp-content\/uploads\/2025\/04\/Ducati.png\" width=\"20\" loading=\"lazy\"\/>\u00a0J. Mart\u00edn<\/td>\n<td style=\"width: 25%;\">178,3\u00a0km\/h<\/td>\n<td style=\"width: 15%;\">2024<\/td>\n<\/tr>\n<p>Le palmar\u00e8s du GP d&rsquo;Autriche<\/p>\n<p>Attention, voici le MotoGP en territoire Ducati\u00a0!\u00a0Avec un moteur et une motricit\u00e9 qui font p\u00e2lir la concurrence d&rsquo;ann\u00e9e en ann\u00e9e, la moto italienne a remport\u00e9 huit des dix courses depuis le retour du MotoGP sur ce trac\u00e9 en 2016, qu&rsquo;il s&rsquo;agisse du GP d&rsquo;Autriche ou du GP de Styrie mis en place pendant les restrictions li\u00e9es au Covid. Le constructeur italien n&rsquo;a \u00e9t\u00e9 battu que par KTM lors du GP de Styrie 2020, remport\u00e9 sur le fil par <a href=\"https:\/\/fr.motorsport.com\/driver\/miguel-oliveira\/109382\/\" target=\"_blank\" rel=\"noopener\">Miguel Oliveira<\/a>, puis au GP d&rsquo;Autriche 2021, o\u00f9 <a href=\"https:\/\/fr.motorsport.com\/driver\/brad-binder\/109383\/\" target=\"_blank\" rel=\"noopener\">Brad Binder<\/a> a triomph\u00e9 en slicks sous le d\u00e9luge.<\/p>\n<p><a href=\"https:\/\/fr.motorsport.com\/driver\/pecco-bagnaia\/109394\/\" target=\"_blank\" rel=\"noopener\">Pecco Bagnaia<\/a>\u00a0en particulier a domin\u00e9 les trois derni\u00e8res \u00e9ditions, ne c\u00e9dant en tout et pour tout que deux pole positions \u00e0 ses coll\u00e8gues. En 2021, d\u00e9j\u00e0, il semblait tenir son premier succ\u00e8s en MotoGP quand une tr\u00e8s forte pluie avait fait son arriv\u00e9e, l&rsquo;obligeant \u00e0 changer de moto comme tous les leaders.\u00a0Jusque-l\u00e0 sixi\u00e8me, Binder avait pr\u00e9f\u00e9r\u00e9 rester en piste et bien lui en avait pris puisqu&rsquo;il s&rsquo;\u00e9tait impos\u00e9 avec plus de dix secondes d&rsquo;avance sur l&rsquo;Italien, finalement deuxi\u00e8me.<\/p>\n<p>La grande question cette ann\u00e9e ne sera sans doute pas de savoir si une autre moto sera capable de battre la Ducati, mais si Bagnaia arrivera \u00e0 retrouver son \u00e9lan sur place ou s&rsquo;il subira la loi de <a href=\"https:\/\/fr.motorsport.com\/driver\/marc-marquez\/92646\/\" target=\"_blank\" rel=\"noopener\">Marc M\u00e1rquez<\/a>, invaincu depuis cinq Grands Prix.<\/p>\n<p><strong>Les derniers polemen et vainqueurs au Red Bull Ring\u00a0:<\/strong><\/p>\n<p><strong>Course suivante\u00a0:<\/strong> Grand Prix de Hongrie (22-24 ao\u00fbt)<\/p>\n<p><a href=\"https:\/\/fr.motorsport.com\/motogp\/schedule\/2025\/?event_types%5B%5D=race\" target=\"_self\" rel=\"noopener\">Calendrier MotoGP<\/a><\/p>\n<p>Dans cet article<\/p>\n<p>Soyez le premier inform\u00e9 et souscrivez aux alertes mails pour recevoir les infos en temps r\u00e9el<\/p>\n<p>    S&rsquo;abonner aux alertes de news<\/p>\n","protected":false},"excerpt":{"rendered":"Le Grand Prix d&rsquo;Autriche a fait son entr\u00e9e au championnat du monde en 1971, \u00e0 l&rsquo;\u00e9poque sur le&hellip;\n","protected":false},"author":2,"featured_media":311314,"comment_status":"","ping_status":"","sticky":false,"template":"","format":"standard","meta":{"footnotes":""},"categories":[1413],"tags":[1011,27,34489,45129,1457,1456,1458,34490,60],"class_list":{"0":"post-311313","1":"post","2":"type-post","3":"status-publish","4":"format-standard","5":"has-post-thumbnail","7":"category-moto","8":"tag-fr","9":"tag-france","10":"tag-gp-dautriche","11":"tag-le-programme-du-gp-dautriche-motogp-2025","12":"tag-moto","13":"tag-motocycle","14":"tag-motogp","15":"tag-red-bull-ring","16":"tag-sports"},"share_on_mastodon":{"url":"https:\/\/pubeurope.com\/@fr\/115009558360672531","error":""},"_links":{"self":[{"href":"https:\/\/www.europesays.com\/fr\/wp-json\/wp\/v2\/posts\/311313","targetHints":{"allow":["GET"]}}],"collection":[{"href":"https:\/\/www.europesays.com\/fr\/wp-json\/wp\/v2\/posts"}],"about":[{"href":"https:\/\/www.europesays.com\/fr\/wp-json\/wp\/v2\/types\/post"}],"author":[{"embeddable":true,"href":"https:\/\/www.europesays.com\/fr\/wp-json\/wp\/v2\/users\/2"}],"replies":[{"embeddable":true,"href":"https:\/\/www.europesays.com\/fr\/wp-json\/wp\/v2\/comments?post=311313"}],"version-history":[{"count":0,"href":"https:\/\/www.europesays.com\/fr\/wp-json\/wp\/v2\/posts\/311313\/revisions"}],"wp:featuredmedia":[{"embeddable":true,"href":"https:\/\/www.europesays.com\/fr\/wp-json\/wp\/v2\/media\/311314"}],"wp:attachment":[{"href":"https:\/\/www.europesays.com\/fr\/wp-json\/wp\/v2\/media?parent=311313"}],"wp:term":[{"taxonomy":"category","embeddable":true,"href":"https:\/\/www.europesays.com\/fr\/wp-json\/wp\/v2\/categories?post=311313"},{"taxonomy":"post_tag","embeddable":true,"href":"https:\/\/www.europesays.com\/fr\/wp-json\/wp\/v2\/tags?post=311313"}],"curies":[{"name":"wp","href":"https:\/\/api.w.org\/{rel}","templated":true}]}}