{"id":311315,"date":"2025-08-11T10:02:12","date_gmt":"2025-08-11T10:02:12","guid":{"rendered":"https:\/\/www.europesays.com\/fr\/311315\/"},"modified":"2025-08-11T10:02:12","modified_gmt":"2025-08-11T10:02:12","slug":"on-a-peut-etre-sous-estime-le-defi-pour-hamilton","status":"publish","type":"post","link":"https:\/\/www.europesays.com\/fr\/311315\/","title":{"rendered":"On a peut-\u00eatre sous-estim\u00e9 le d\u00e9fi pour Hamilton"},"content":{"rendered":"<p>S&rsquo;il a d\u00e9crit un <a href=\"https:\/\/fr.motorsport.com\/driver\/lewis-hamilton\/76878\/\" target=\"_blank\" rel=\"noopener\">Lewis Hamilton<\/a>\u00a0<a href=\"https:\/\/fr.motorsport.com\/f1\/news\/faut-il-sauver-soldat-hamilton\/10748569\/\" target=\"_blank\" rel=\"noopener\">\u00ab\u00a0frustr\u00e9, mais pas d\u00e9motiv\u00e9\u00a0\u00bb<\/a> \u00e0 l&rsquo;issue d&rsquo;un p\u00e9nible Grand Prix de Hongrie, Fr\u00e9d\u00e9ric Vasseur reconna\u00eet tout de m\u00eame que personne chez <a href=\"https:\/\/fr.motorsport.com\/team\/ferrari\/615\/\" target=\"_blank\" rel=\"noopener\">Ferrari<\/a> ne s&rsquo;attendait \u00e0 vivre un d\u00e9but d&rsquo;histoire aussi d\u00e9licat avec le septuple champion du monde. Confirm\u00e9 \u00e0 la t\u00eate de la Scuderia pour plusieurs ann\u00e9es, ce qui a mis fin \u00e0 une petite p\u00e9riode de doute autour de son avenir, le Fran\u00e7ais reste confiant mais admet l&rsquo;ampleur mal estim\u00e9e du temps d&rsquo;adaptation de sa recrue star.\u00a0<\/p>\n<p>\u00ab\u00a0On a peut-\u00eatre sous-estim\u00e9 le d\u00e9fi pour Lewis au d\u00e9but de la saison\u00a0\u00bb, confesse-t-il dans <a href=\"https:\/\/www.formula1.com\/en\/latest\/article\/we-are-going-in-the-right-direction-vasseur-on-his-new-deal-ferraris.lGMgNx7DqNJIPY6p3Cl2g\" target=\"_blank\" rel=\"noopener\">un entretien publi\u00e9 par le site officiel de la F1<\/a>. \u00ab\u00a0Il a pass\u00e9 presque dix ans chez <a href=\"https:\/\/fr.motorsport.com\/team\/mclaren\/609\/\" target=\"_blank\" rel=\"noopener\">McLaren<\/a>, puis dix ans chez <a href=\"https:\/\/fr.motorsport.com\/team\/mercedes\/611\/\" target=\"_blank\" rel=\"noopener\">Mercedes<\/a>. \u00c7a fait presque 20 ans dans le m\u00eame environnement avec Mercedes. C&rsquo;\u00e9tait un \u00e9norme changement pour Lewis sur le plan de la culture, des personnes autour de lui, de la partie logicielle, de la voiture, un immense changement pour chaque sujet. Peut-\u00eatre que Lewis et moi avons sous-estim\u00e9 \u00e7a.\u00a0\u00bb<\/p>\n<p>Lire aussi :<\/p>\n<p>Malgr\u00e9 une saison jusqu&rsquo;ici d\u00e9cevante et encore vierge de toute victoire, tout n&rsquo;est pas \u00e0 jeter en 2025 chez Ferrari, qui abordera la deuxi\u00e8me partie de sa campagne avec une deuxi\u00e8me place \u00e0 d\u00e9fendre au\u00a0<a href=\"https:\/\/fr.motorsport.com\/f1\/standings\/2025\/?type=Team&amp;class=\" target=\"_blank\" rel=\"noopener\">championnat constructeurs<\/a>.\u00a0Car \u00e0 l&rsquo;inverse des difficult\u00e9s de Lewis Hamilton, l&rsquo;\u00e9curie de Maranello peut compter sur un <a href=\"https:\/\/fr.motorsport.com\/driver\/charles-leclerc\/109632\/\" target=\"_blank\" rel=\"noopener\">Charles Leclerc<\/a> efficace, qui est d\u00e9j\u00e0 mont\u00e9 \u00e0 cinq reprises sur le podium.<\/p>\n<p>\u00ab\u00a0Il s&rsquo;en sort tr\u00e8s bien\u00a0\u00bb, observe Fr\u00e9d\u00e9ric Vasseur au sujet du pilote mon\u00e9gasque. \u00ab\u00a0C&rsquo;est s\u00fbr que la saison n&rsquo;est pas facile\u00a0: ce n&rsquo;est pas facile pour Charles, ce n&rsquo;est pas facile pour l&rsquo;\u00e9quipe. C&rsquo;est beaucoup plus facile \u00e0 g\u00e9rer pour le pilote quand la voiture est rapide, et nous avons connu des probl\u00e8mes au d\u00e9but, mais la r\u00e9action a \u00e9t\u00e9 positive et tr\u00e8s bonne.\u00a0\u00bb<\/p>\n<p>\u00ab\u00a0Dans ce genre de saison, quand tu as beaucoup d&rsquo;attentes et que tu gal\u00e8res au d\u00e9but, il est tr\u00e8s facile d&rsquo;abandonner, et lui n&rsquo;a jamais abandonn\u00e9. Il a toujours pouss\u00e9, pouss\u00e9 l&rsquo;\u00e9quipe, pouss\u00e9 lui-m\u00eame, et il y a une collaboration tr\u00e8s forte avec Lewis. C&rsquo;est tr\u00e8s positif parce que c&rsquo;est dans ce genre de situation et de parcours que l&rsquo;on voit la r\u00e9action des gens\u00a0\u00bb<\/p>\n<p>Dans cet article<\/p>\n<p>Soyez le premier inform\u00e9 et souscrivez aux alertes mails pour recevoir les infos en temps r\u00e9el<\/p>\n<p>    S&rsquo;abonner aux alertes de news<\/p>\n","protected":false},"excerpt":{"rendered":"S&rsquo;il a d\u00e9crit un Lewis Hamilton\u00a0\u00ab\u00a0frustr\u00e9, mais pas d\u00e9motiv\u00e9\u00a0\u00bb \u00e0 l&rsquo;issue d&rsquo;un p\u00e9nible Grand Prix de Hongrie, Fr\u00e9d\u00e9ric&hellip;\n","protected":false},"author":2,"featured_media":311316,"comment_status":"","ping_status":"","sticky":false,"template":"","format":"standard","meta":{"footnotes":""},"categories":[1412],"tags":[1451,2251,1452,1453,1454,1455,1011,27,21746,42060,45130,1975,60],"class_list":{"0":"post-311315","1":"post","2":"type-post","3":"status-publish","4":"format-standard","5":"has-post-thumbnail","7":"category-f1","8":"tag-f1","9":"tag-ferrari","10":"tag-formula-1","11":"tag-formula1","12":"tag-formule-1","13":"tag-formule1","14":"tag-fr","15":"tag-france","16":"tag-gp-de-hongrie","17":"tag-hungaroring","18":"tag-laveu-de-vasseur-on-a-peut-u00eatre-sous-estimu00e9-le-du00e9fi-pour-hamilton","19":"tag-lewis-hamilton","20":"tag-sports"},"share_on_mastodon":{"url":"https:\/\/pubeurope.com\/@fr\/115009561886815569","error":""},"_links":{"self":[{"href":"https:\/\/www.europesays.com\/fr\/wp-json\/wp\/v2\/posts\/311315","targetHints":{"allow":["GET"]}}],"collection":[{"href":"https:\/\/www.europesays.com\/fr\/wp-json\/wp\/v2\/posts"}],"about":[{"href":"https:\/\/www.europesays.com\/fr\/wp-json\/wp\/v2\/types\/post"}],"author":[{"embeddable":true,"href":"https:\/\/www.europesays.com\/fr\/wp-json\/wp\/v2\/users\/2"}],"replies":[{"embeddable":true,"href":"https:\/\/www.europesays.com\/fr\/wp-json\/wp\/v2\/comments?post=311315"}],"version-history":[{"count":0,"href":"https:\/\/www.europesays.com\/fr\/wp-json\/wp\/v2\/posts\/311315\/revisions"}],"wp:featuredmedia":[{"embeddable":true,"href":"https:\/\/www.europesays.com\/fr\/wp-json\/wp\/v2\/media\/311316"}],"wp:attachment":[{"href":"https:\/\/www.europesays.com\/fr\/wp-json\/wp\/v2\/media?parent=311315"}],"wp:term":[{"taxonomy":"category","embeddable":true,"href":"https:\/\/www.europesays.com\/fr\/wp-json\/wp\/v2\/categories?post=311315"},{"taxonomy":"post_tag","embeddable":true,"href":"https:\/\/www.europesays.com\/fr\/wp-json\/wp\/v2\/tags?post=311315"}],"curies":[{"name":"wp","href":"https:\/\/api.w.org\/{rel}","templated":true}]}}