{"id":311317,"date":"2025-08-11T10:03:14","date_gmt":"2025-08-11T10:03:14","guid":{"rendered":"https:\/\/www.europesays.com\/fr\/311317\/"},"modified":"2025-08-11T10:03:14","modified_gmt":"2025-08-11T10:03:14","slug":"cyclisme-notre-passion-est-ignoree-depuis-lhexagone-un-champion-du-monde-francais-denonce-le-mepris-envers-le-tour-de-guadeloupe","status":"publish","type":"post","link":"https:\/\/www.europesays.com\/fr\/311317\/","title":{"rendered":"Cyclisme\u00a0: \u00ab\u00a0Notre passion est ignor\u00e9e depuis l\u2019Hexagone\u2026\u00a0\u00bb Un champion du monde fran\u00e7ais d\u00e9nonce le m\u00e9pris envers le Tour de Guadeloupe"},"content":{"rendered":"<p>\n                                                                    l&rsquo;essentiel<br \/>\n                                                                Le Tour de Guadeloupe s\u2019est d\u00e9roul\u00e9 du 1er au 10\u00a0ao\u00fbt. Si la course a \u00e9t\u00e9 marqu\u00e9e par de nombreux incidents, un ancien champion du monde s\u2019est insurg\u00e9 du m\u00e9pris depuis l\u2019Hexagone.\n                            <\/p>\n<p>La 74e \u00e9dition du Tour de Guadeloupe a pris fin ce dimanche 10\u00a0ao\u00fbt. <a href=\"https:\/\/www.ladepeche.fr\/2025\/08\/04\/video-cyclisme-ils-prennent-un-raccourci-et-se-cachent-derriere-une-voiture-la-scandaleuse-tentative-de-triche-de-deux-coureurs-sur-le-tour-de-12859170.php\" target=\"_self\" rel=\"nofollow noopener\">Tentative de triche de deux coureurs n\u00e9erlandais<\/a>, <a href=\"https:\/\/www.ladepeche.fr\/2025\/08\/09\/scandale-de-dopage-sur-le-tour-de-guadeloupe-deux-coureurs-francais-exclus-et-suspendus-a-titre-provisoire-apres-un-controle-positif-12868516.php\" target=\"_self\" rel=\"nofollow noopener\">scandale de dopage de deux Fran\u00e7ais<\/a>\u00a0ou encore de <a href=\"https:\/\/www.ladepeche.fr\/2025\/08\/08\/video-carambolage-entre-plusieurs-vehicules-de-la-caravane-publicitaire-sur-le-tour-de-guadeloupe-des-blesses-pris-en-charge-par-les-secours-12866952.php\" target=\"_self\" rel=\"nofollow noopener\">nombreux accidents<\/a>. La course a \u00e9t\u00e9 secou\u00e9e par plusieurs incidents qui ne sont pas pass\u00e9s inaper\u00e7us.<\/p>\n<p class=\"std-elt__inline\">\n        <strong>\u00c0 lire aussi :<\/strong><br \/>\n        <a href=\"https:\/\/www.ladepeche.fr\/2025\/08\/10\/video-cyclisme-une-fillette-de-10-ans-renversee-par-une-moto-sur-le-tour-de-guadeloupe-lenfant-touche-a-loeil-et-hospitalise-12869389.php\" rel=\"nofollow noopener\" target=\"_blank\">VIDEO. Cyclisme\u00a0: une fillette de 10 ans renvers\u00e9e par une moto sur le Tour de Guadeloupe\u00a0: l\u2019enfant touch\u00e9 \u00e0 l\u2019\u0153il et hospitalis\u00e9<\/a>\n    <\/p>\n<p>Les scandales ont \u00e9t\u00e9 beaucoup mis en avant par les m\u00e9dias, mais pas vraiment le c\u00f4t\u00e9 sportif. C\u2019est ce qu\u2019a d\u00e9nonc\u00e9 le Fran\u00e7ais Luc Leblanc, champion du monde 1994. Dans une interview accord\u00e9e \u00e0 <a href=\"https:\/\/www.cyclismactu.net\/news-cyclisme-tour-de-guadeloupe-le-triste-buzz-du-tour-de-guadeloupe-luc-leblanc-est-furax-89539.html?\" target=\"_self\" rel=\"nofollow noopener\">Cyclismactu<\/a>, l\u2019ancien coureur ne d\u00e9col\u00e8re pas quant au m\u00e9pris de la France m\u00e9tropolitaine envers la comp\u00e9tition.<\/p>\n<p class=\"std-elt__inline\">\n        <strong>\u00c0 lire aussi :<\/strong><br \/>\n        <a href=\"https:\/\/www.ladepeche.fr\/2025\/08\/10\/cyclisme-jy-serai-probablement-tadej-pogacar-de-retour-en-france-seulement-deux-mois-apres-son-4e-sacre-au-tour-de-france-12869727.php\" rel=\"nofollow noopener\" target=\"_blank\">Cyclisme\u00a0: \u00ab\u00a0J\u2019y serai probablement\u2026\u00a0\u00bb Tadej Pogacar de retour en France seulement deux mois apr\u00e8s son 4e sacre au Tour de France<\/a>\n    <\/p>\n<p>\u00ab\u00a0Notre passion pour le cyclisme est trop souvent ignor\u00e9e, voire m\u00e9pris\u00e9e, depuis l\u2019Hexagone.\u00a0Chaque ann\u00e9e, le Tour cycliste international de la Guadeloupe est un \u00e9v\u00e9nement majeur pour notre \u00eele. Ce n\u2019est pas seulement une course. C\u2019est un moment de ferveur populaire\u00a0\u00bb, a-t-il spontan\u00e9ment lanc\u00e9, tr\u00e8s attach\u00e9 \u00e0 la r\u00e9gion.<\/p>\n<p class=\"std-elt__inline\">\n        <strong>\u00c0 lire aussi :<\/strong><br \/>\n        <a href=\"https:\/\/www.ladepeche.fr\/2025\/08\/09\/cyclisme-on-ne-peut-pas-comparer-un-coureur-comme-bernard-hinault-a-paul-seixas-le-directeur-sportif-du-francais-calme-le-jeu-sur-sa-nouvelle-pepite-12868733.php\" rel=\"nofollow noopener\" target=\"_blank\">Cyclisme\u00a0: \u00ab\u00a0On ne peut pas comparer un coureur comme Bernard Hinault \u00e0 Paul Seixas\u2026\u00a0\u00bb Le directeur sportif du Fran\u00e7ais calme le jeu sur sa nouvelle p\u00e9pite<\/a>\n    <\/p>\n<p>Avant d\u2019ajouter\u00a0: \u00ab\u00a0Ici, le v\u00e9lo est une culture, un mode de vie, une fiert\u00e9. Le Tour de Guadeloupe est bien plus qu\u2019une \u00e9preuve cycliste, c\u2019est un miroir de notre \u00e2me\u00a0\u00bb.<\/p>\n<p class=\"std-elt__inline\">\n        <strong>\u00c0 lire aussi :<\/strong><br \/>\n        <a href=\"https:\/\/www.ladepeche.fr\/2025\/08\/06\/video-cyclisme-oh-la-boulette-un-coureur-francais-victime-dune-crevaison-il-se-retrouve-seul-sans-sa-voiture-et-cherche-desesperement-de-laide-12863245.php\" rel=\"nofollow noopener\" target=\"_blank\">VID\u00c9O. Cyclisme\u00a0: \u00ab\u00a0Oh la boulette\u00a0!\u00a0\u00bb Un coureur fran\u00e7ais victime d\u2019une crevaison, il se retrouve seul sans sa voiture et cherche d\u00e9sesp\u00e9r\u00e9ment de l\u2019aide<\/a>\n    <\/p>\n<p>\u00ab\u00a0Et pourtant, o\u00f9 sont les cam\u00e9ras des grandes cha\u00eenes nationales\u00a0? O\u00f9 sont les journalistes qui se bousculent pour couvrir les \u00e9tapes, interviewer les coureurs locaux, raconter les exploits, les sacrifices et la sueur de ceux qui se battent sur nos routes br\u00fblantes\u00a0? Ils ne viennent pas. Ils ne voient pas. Et pourtant, ils jugent\u00a0\u00bb, a d\u00e9nonc\u00e9 l\u2019homme de 59 ans.<\/p>\n<p class=\"std-elt__inline\">\n        <strong>\u00c0 lire aussi :<\/strong><br \/>\n        <a href=\"https:\/\/www.ladepeche.fr\/2025\/08\/09\/video-cyclisme-un-coureur-frappe-un-adversaire-au-visage-en-pleine-course-jet-de-bidon-scene-de-chaos-sur-le-tour-du-portugal-12868544.php\" rel=\"nofollow noopener\" target=\"_blank\">VIDEO. Cyclisme\u00a0: un coureur frappe un adversaire au visage en pleine course, jet de bidon\u2026 Sc\u00e8ne de chaos sur le Tour du Portugal<\/a>\n    <\/p>\n<p>Il pointe \u00e9galement du doigt \u00ab\u00a0le manque de consid\u00e9ration chronique pour les territoires ultramarins, comme si ce qui se passe en dehors de l\u2019Hexagone n\u2019avait pas la m\u00eame valeur\u00a0\u00bb. \u00ab\u00a0Mais nous existons. Nous brillons. Venez voir, venez comprendre et venez ressentir. Vous verrez que le cyclisme guadeloup\u00e9en m\u00e9rite votre respect et votre reconnaissance\u00a0\u00bb, a conclu ce dernier.<\/p>\n<p class=\"std-elt__inline\">\n        <strong>\u00c0 lire aussi :<\/strong><br \/>\n        <a href=\"https:\/\/www.ladepeche.fr\/2025\/08\/09\/cyclisme-il-est-sous-sedation-profonde-un-coequipier-de-tadej-pogacar-place-dans-un-coma-artificiel-apres-une-lourde-chute-sur-le-tour-de-pologne-12868464.php\" rel=\"nofollow noopener\" target=\"_blank\">Cyclisme\u00a0: \u00ab\u00a0Il est sous s\u00e9dation profonde\u2026\u00a0\u00bb Un co\u00e9quipier de Tadej Pogacar plac\u00e9 dans un coma artificiel apr\u00e8s une lourde chute sur le Tour de Pologne<\/a>\n    <\/p>\n<p>Le Colombien\u00a0Andr\u00e9s Ardila\u00a0Ord\u00f3\u00f1ez a remport\u00e9 le Tour de Guadeloupe, apr\u00e8s 10 jours de comp\u00e9tition intense. Un Fran\u00e7ais s\u2019est invit\u00e9 sur le podium. Il s\u2019agit d\u2019Axel Taillandier (Team Madras Capesterre Belle-Eau) qui s\u2019est offert une superbe 3e place.<\/p>\n","protected":false},"excerpt":{"rendered":"l&rsquo;essentiel Le Tour de Guadeloupe s\u2019est d\u00e9roul\u00e9 du 1er au 10\u00a0ao\u00fbt. Si la course a \u00e9t\u00e9 marqu\u00e9e par&hellip;\n","protected":false},"author":2,"featured_media":311318,"comment_status":"","ping_status":"","sticky":false,"template":"","format":"standard","meta":{"footnotes":""},"categories":[1411],"tags":[1154,207,1011,27,60],"class_list":{"0":"post-311317","1":"post","2":"type-post","3":"status-publish","4":"format-standard","5":"has-post-thumbnail","7":"category-cyclisme","8":"tag-cycling","9":"tag-cyclisme","10":"tag-fr","11":"tag-france","12":"tag-sports"},"share_on_mastodon":{"url":"https:\/\/pubeurope.com\/@fr\/115009565797106682","error":""},"_links":{"self":[{"href":"https:\/\/www.europesays.com\/fr\/wp-json\/wp\/v2\/posts\/311317","targetHints":{"allow":["GET"]}}],"collection":[{"href":"https:\/\/www.europesays.com\/fr\/wp-json\/wp\/v2\/posts"}],"about":[{"href":"https:\/\/www.europesays.com\/fr\/wp-json\/wp\/v2\/types\/post"}],"author":[{"embeddable":true,"href":"https:\/\/www.europesays.com\/fr\/wp-json\/wp\/v2\/users\/2"}],"replies":[{"embeddable":true,"href":"https:\/\/www.europesays.com\/fr\/wp-json\/wp\/v2\/comments?post=311317"}],"version-history":[{"count":0,"href":"https:\/\/www.europesays.com\/fr\/wp-json\/wp\/v2\/posts\/311317\/revisions"}],"wp:featuredmedia":[{"embeddable":true,"href":"https:\/\/www.europesays.com\/fr\/wp-json\/wp\/v2\/media\/311318"}],"wp:attachment":[{"href":"https:\/\/www.europesays.com\/fr\/wp-json\/wp\/v2\/media?parent=311317"}],"wp:term":[{"taxonomy":"category","embeddable":true,"href":"https:\/\/www.europesays.com\/fr\/wp-json\/wp\/v2\/categories?post=311317"},{"taxonomy":"post_tag","embeddable":true,"href":"https:\/\/www.europesays.com\/fr\/wp-json\/wp\/v2\/tags?post=311317"}],"curies":[{"name":"wp","href":"https:\/\/api.w.org\/{rel}","templated":true}]}}