{"id":311321,"date":"2025-08-11T10:05:10","date_gmt":"2025-08-11T10:05:10","guid":{"rendered":"https:\/\/www.europesays.com\/fr\/311321\/"},"modified":"2025-08-11T10:05:10","modified_gmt":"2025-08-11T10:05:10","slug":"a-mexico-le-chanteur-star-en-amerique-latine-maluma-a-interrompu-son-concert-pour-faire-la-lecon-a-une-mere-de-famille-qui-etait-dans-le-public-voici-pour-quelles-raisons-video","status":"publish","type":"post","link":"https:\/\/www.europesays.com\/fr\/311321\/","title":{"rendered":"A Mexico, le chanteur star en Am\u00e9rique Latine, Maluma a interrompu son concert pour faire la le\u00e7on \u00e0 une m\u00e8re de famille qui \u00e9tait dans le public : Voici pour quelles raisons &#8211; Vid\u00e9o"},"content":{"rendered":"<p>En pleine performance \u00e0 Mexico, le chanteur Maluma a soudainement interrompu son concert et il\u00a0a pris le micro pour s\u2019adresser \u00e0 une m\u00e8re qui \u00e9tait dans la foule et qui avait dans ses bras son b\u00e9b\u00e9 d\u2019un an sans protection auditive. Le chanteur lui a alors a lanc\u00e9 :<\/p>\n<p>\u00ab\u00a0C&rsquo;est un acte d&rsquo;irresponsabilit\u00e9. Et tu le fais tournoyer autour de toi comme s&rsquo;il \u00e9tait un jouet. Cet enfant ne veut pas \u00eatre l\u00e0.\u00a0\u00bb Les spectateurs ont alors salu\u00e9 son intervention, pour le bien de l&rsquo;enfant. On peut d&rsquo;ailleurs comment la s\u00e9curit\u00e9 de l&rsquo;\u00e9v\u00e8nement ont pu laisser entrer un enfant de cet \u00e2ge dans ce concert.<\/p>\n<p>Les vid\u00e9os de cette sc\u00e8ne ont vite circul\u00e9 sur les r\u00e9seaux sociaux, o\u00f9 de nombreux fans du chanteur ont salu\u00e9 son acte.<\/p>\n<p>Maluma, de son vrai nom Juan Luis Londo\u00f1o Arias, est un chanteur et compositeur colombien n\u00e9 le 28 janvier 1994 \u00e0 Medell\u00edn. Il s\u2019est impos\u00e9 sur la sc\u00e8ne internationale gr\u00e2ce \u00e0 son style m\u00e9langeant reggaeton, pop latino et trap. Son nom de sc\u00e8ne vient des pr\u00e9noms de ses proches : Ma (m\u00e8re), Lu (p\u00e8re) et Ma (s\u0153ur).<\/p>\n<p>R\u00e9v\u00e9l\u00e9 en Am\u00e9rique latine avec Farandulera puis La Temperatura, il explose mondialement avec Felices los 4 et Haw\u00e1i. Maluma a collabor\u00e9 avec Shakira, Madonna, The Weeknd et Ricky Martin. Il est reconnu pour son image soign\u00e9e, ses clips luxueux et ses performances sc\u00e9niques. En 2021, il participe \u00e0 la bande originale du film Disney Encanto.<\/p>\n<p>Aujourd\u2019hui, il est l\u2019un des artistes latinos les plus influents de sa g\u00e9n\u00e9ration.<\/p>\n","protected":false},"excerpt":{"rendered":"En pleine performance \u00e0 Mexico, le chanteur Maluma a soudainement interrompu son concert et il\u00a0a pris le micro&hellip;\n","protected":false},"author":2,"featured_media":311322,"comment_status":"","ping_status":"","sticky":false,"template":"","format":"standard","meta":{"footnotes":""},"categories":[1359],"tags":[1696,1697,58,59,1011,27,14524,973],"class_list":{"0":"post-311321","1":"post","2":"type-post","3":"status-publish","4":"format-standard","5":"has-post-thumbnail","7":"category-people","8":"tag-chanteur","9":"tag-concert","10":"tag-divertissement","11":"tag-entertainment","12":"tag-fr","13":"tag-france","14":"tag-mexico","15":"tag-people"},"share_on_mastodon":{"url":"https:\/\/pubeurope.com\/@fr\/115009573982835136","error":""},"_links":{"self":[{"href":"https:\/\/www.europesays.com\/fr\/wp-json\/wp\/v2\/posts\/311321","targetHints":{"allow":["GET"]}}],"collection":[{"href":"https:\/\/www.europesays.com\/fr\/wp-json\/wp\/v2\/posts"}],"about":[{"href":"https:\/\/www.europesays.com\/fr\/wp-json\/wp\/v2\/types\/post"}],"author":[{"embeddable":true,"href":"https:\/\/www.europesays.com\/fr\/wp-json\/wp\/v2\/users\/2"}],"replies":[{"embeddable":true,"href":"https:\/\/www.europesays.com\/fr\/wp-json\/wp\/v2\/comments?post=311321"}],"version-history":[{"count":0,"href":"https:\/\/www.europesays.com\/fr\/wp-json\/wp\/v2\/posts\/311321\/revisions"}],"wp:featuredmedia":[{"embeddable":true,"href":"https:\/\/www.europesays.com\/fr\/wp-json\/wp\/v2\/media\/311322"}],"wp:attachment":[{"href":"https:\/\/www.europesays.com\/fr\/wp-json\/wp\/v2\/media?parent=311321"}],"wp:term":[{"taxonomy":"category","embeddable":true,"href":"https:\/\/www.europesays.com\/fr\/wp-json\/wp\/v2\/categories?post=311321"},{"taxonomy":"post_tag","embeddable":true,"href":"https:\/\/www.europesays.com\/fr\/wp-json\/wp\/v2\/tags?post=311321"}],"curies":[{"name":"wp","href":"https:\/\/api.w.org\/{rel}","templated":true}]}}