{"id":311323,"date":"2025-08-11T10:06:11","date_gmt":"2025-08-11T10:06:11","guid":{"rendered":"https:\/\/www.europesays.com\/fr\/311323\/"},"modified":"2025-08-11T10:06:11","modified_gmt":"2025-08-11T10:06:11","slug":"les-plus-belles-maisons-de-plage-publiees-dans-ad-et-les-idees-darchitectes-a-piquer","status":"publish","type":"post","link":"https:\/\/www.europesays.com\/fr\/311323\/","title":{"rendered":"Les plus belles maisons de plage publi\u00e9es dans AD \u2014 et les id\u00e9es d&rsquo;architectes \u00e0 piquer"},"content":{"rendered":"<p>\u00ab Ce n&rsquo;est pas ici que je fais mes longueurs, donc la piscine de notre maison n&rsquo;a jamais \u00e9t\u00e9 une piscine. Nous voulions qu&rsquo;elle soit, d&rsquo;une certaine mani\u00e8re, une installation artistique \u00bb, explique Craig Hartzman \u00e0 propos de la piscine jacuzzi \u00e0 d\u00e9bordement qui donne sur les champs de lave et le Pacifique. \u00ab Le reflet des roseaux et des herbes lorsque le soleil se couche se refl\u00e8te directement sur le noir et donne un aspect sublime \u00bb. Les chaises longues Roda Orson sont \u00e9quip\u00e9es de coussins en tissu Midori de C&amp;C Milano et de coussins en Ishi Mallard de Perennials Fabrics.<\/p>\n<p>\u00a9 Douglas Friedman<\/p>\n<p><strong>L&rsquo;id\u00e9e \u00e0 retenir ?<\/strong><\/p>\n<p>La piscine pens\u00e9e comme une installation artistique, qui fait \u00e0 la fois office de <strong>piscine \u00e0 d\u00e9bordement et de jacuzzi<\/strong>. Elle refl\u00e8te parfaitement la nature environnante.<\/p>\n<p>Une villa du XIXe si\u00e8cle dans une crique \u00e0 Marseille<\/p>\n<p>En descendant vers la mer depuis la ville, au bout d\u2019une anse typique de <a href=\"https:\/\/www.admagazine.fr\/article\/a-marseille-un-interieur-lumineux-tout-en-reflets-et-camaieux\" target=\"_blank\" rel=\"noopener\">Marseille<\/a>, se dresse une villa construite en 1890. Elles n\u2019\u00e9taient que deux \u00e0 cette \u00e9poque. Depuis, les choses ont bien chang\u00e9, \u00e0 commencer par cette maison \u00e0 porche en colonnade, dans un piteux \u00e9tat, son jardin abandonn\u00e9. \u00ab La premi\u00e8re chose que j\u2019ai faite a \u00e9t\u00e9 de respecter cette maison, confie <a href=\"https:\/\/www.admagazine.fr\/advisitesprivees\/article\/a-saint-barth-un-refuge-au-chic-brut-et-sophistique\" target=\"_blank\" rel=\"noopener\">St\u00e9phane Parmentier<\/a>. Je tenais \u00e0 lui garder son \u00e2me, sa vibration absolue, car une villa comme celle-ci, en bord de mer, c\u2019est unique \u00e0 Marseille. Cette villa, je l\u2019ai d\u2019abord regard\u00e9e. \u00bb<\/p>\n<p>Un dialogue entre les \u00e9poques<\/p>\n<p>Pour lui redonner sa grandeur, l\u2019architecte d\u2019int\u00e9rieur replace l\u2019escalier au milieu de la galerie, cr\u00e9ant une perspective qui r\u00e9\u00e9quilibre l\u2019ensemble, puis r\u00e9introduit la notion proven\u00e7ale de restanques (murs en pierres) et de terrasses en paliers. Sur la premi\u00e8re, il creuse une piscine dont il monte le fond sur v\u00e9rin pour cr\u00e9er un petit bassin s\u00e9curis\u00e9 pour les enfants ou, lorsqu\u2019il est remont\u00e9 au maximum, une terrasse \u2013 l\u2019eau disparaissant alors sous la surface en pierre. La v\u00e9g\u00e9tation existante est conserv\u00e9e, enrichie et une poolhouse est am\u00e9nag\u00e9e. En parall\u00e8le, un ample travail sur la mati\u00e8re est men\u00e9, dans un dialogue entre XIXe et XXie si\u00e8cle, entre marbre de la colonnade et mat\u00e9riaux puis\u00e9s dans le pourtour m\u00e9diterran\u00e9en. La <a href=\"https:\/\/www.admagazine.fr\/galerie\/iles-grecques-visiter-vie\" target=\"_blank\" rel=\"noopener\">Gr\u00e8ce<\/a>, le Sahara, l\u2019Alg\u00e9rie, mais aussi les Pouilles et les Bal\u00e9ares sont autant d\u2019hommages, dans un dialogue entre les \u00e9poques et les r\u00e9f\u00e9rences.<\/p>\n<p>Dans la poolhouse, sur une table en bois Tribu (Silvera), un pichet et des verres de Gilbert Valentin et un grand pichet de Mado Jolain (le tout Galerie \u00c9douard de la Marque). Autour, des chaises en fer forg\u00e9 Carr\u00e9 d\u2019As, 1955, de Mathieu Mat\u00e9got (Galerie Circa 30-80)<\/p>\n<p>\u00a9 Aur\u00e9lien Chauvaud<\/p>\n<p><strong>L&rsquo;id\u00e9e \u00e0 retenir ?<\/strong><\/p>\n<p>Am\u00e9nager une <strong>poolhouse<\/strong> comme il se doit, sans n\u00e9gliger le sens du d\u00e9tail et avec autant de soin que pour la maison principale. Ici, la table \u00e0 manger vient de chez Silvera, la large <a href=\"https:\/\/www.admagazine.fr\/article\/inspirations-coin-banquette-fenetre\" target=\"_blank\" rel=\"noopener\">banquette<\/a> est habill\u00e9e de coussins aux belles tonalit\u00e9s corail, et les chaises en fer forg\u00e9 vintage sont sign\u00e9es du designer fran\u00e7ais Mathieu Mat\u00e9got.<\/p>\n<p>La Villa Pineda, 450 m2 sur la c\u00f4te d&rsquo;Azur<\/p>\n<p>\u00c0 la fin des <a href=\"https:\/\/www.admagazine.fr\/article\/salon-1970-tendance-2025\" target=\"_blank\" rel=\"noopener\">ann\u00e9es 1970<\/a>, l\u2019architecte star Luigi Caccia Dominioni dit \u00ab LCD \u00bb se voit confier la conception de la prestigieuse et luxueuse r\u00e9sidence Parc Saint Roman sur le rocher mon\u00e9gasque. Il y rencontre Erminio Giraudi, directeur du groupe Giraudi Meats. Les deux hommes se lient d\u2019amiti\u00e9 et l\u2019entrepreneur charge Luigi Caccia Dominioni de la construction de sa maison de vacances, la Villa Pineda. La demeure s\u2019\u00e9tend sur pr\u00e8s de 450 m\u00e8tres carr\u00e9s distribu\u00e9s sur deux niveaux au sein d\u2019un grand parc surplombant la M\u00e9diterran\u00e9e et le jardin de la villa <a href=\"https:\/\/www.admagazine.fr\/galerie\/jardin-albert-kahn-jardin-japonais-paris\" target=\"_blank\" rel=\"noopener\">d\u2019Albert Khan<\/a>, c\u00e9l\u00e8bre banquier et philanthrope fran\u00e7ais auquel on doit les premi\u00e8res photographies en couleur.<\/p>\n<p>Un refuge familial enti\u00e8rement revu par Humbert &amp; Poyet<\/p>\n<p>Depuis la fin du XIXe si\u00e8cle, le cap Martin est pris\u00e9 par une \u00e9lite d\u2019artistes et de t\u00eates couronn\u00e9es peu conventionnelles : Claude Monet, Coco Chanel, Le Corbusier, <a href=\"https:\/\/www.admagazine.fr\/article\/villa-e-1027-eileen-gray-cap-martin\" target=\"_blank\" rel=\"noopener\">Eileen Gray<\/a>, les imp\u00e9ratrices Eug\u00e9nie et Sissi d\u2019Autriche font partie du voisinage de la presqu\u2019\u00eele et aident \u00e0 promouvoir et \u00e0 prot\u00e9ger la beaut\u00e9 de ce coin enchanteur. Une g\u00e9n\u00e9ration plus tard, c\u2019est au tour de Riccardo Giraudi, le fils d\u2019Erminio Giraudi, d\u2019apporter sa pierre \u00e0 l\u2019\u00e9difice familial en engageant la r\u00e9novation de la Villa Pineda. Et qui de mieux pour r\u00e9aliser celle-ci que l\u2019architecte Emil Humbert de l\u2019agence <a href=\"https:\/\/www.admagazine.fr\/advisitesprivees\/article\/appartement-humbert-poyet-vue-tour-eiffel-jardin-tuileries\" target=\"_blank\" rel=\"noopener\">Humbert &amp; Poyet<\/a>, familier des lieux et \u00e9poux de Riccardo : \u00ab Pour moi, la Villa Pineda est avant tout une maison de famille, le refuge privil\u00e9gi\u00e9 de mes beaux-parents, de leurs enfants et leurs petits-enfants. \u00c0 ce lieu si cher \u00e0 ma belle-famille et \u00e0 mon mari, j\u2019ai voulu donner un nouveau souffle tout en rendant hommage \u00e0 son concepteur, l\u2019architecte Luigi Caccia Dominioni, pour lequel j\u2019ai la plus grande estime et dont je poss\u00e8de quelques meubles de son embl\u00e9matique collection pour la marque Azucena. \u00bb Pour cela, l\u2019architecte op\u00e8re un travail de mise en valeur de la fa\u00e7ade en redessinant les encadrements de fen\u00eatres et de portes-fen\u00eatres au moyen de travertin et de bronze. Il ouvre \u00e9galement le parc vers le paysage <a href=\"https:\/\/www.admagazine.fr\/article\/guide-decorer-exterieur-style-ete\" target=\"_blank\" rel=\"noopener\">ext\u00e9rieur<\/a> et modernise l\u2019agencement int\u00e9rieur des espaces, cr\u00e9ant une nouvelle dynamique spatiale tout en apportant \u00e9l\u00e9gance et raffinement.<\/p>\n<p>Entre antiquit\u00e9 et modernit\u00e9<\/p>\n<p>Au c\u0153ur de la r\u00e9ussite de cette r\u00e9novation, un transfert radical de certaines pi\u00e8ces telles que la cuisine et la salle \u00e0 manger, respectivement d\u00e9plac\u00e9es du premier \u00e9tage au rez-de-chauss\u00e9e et dans l\u2019ancien grand hall d\u2019entr\u00e9e. Pour <a href=\"https:\/\/www.admagazine.fr\/advisitesprivees\/article\/appartement-humbert-poyet-vue-tour-eiffel-jardin-tuileries\" target=\"_blank\" rel=\"noopener\">Emil Humbert<\/a>, il s\u2019agit de rendre la maison \u00ab vivante \u00bb, ancr\u00e9e dans un esprit r\u00e9solument contemporain, embl\u00e9matique de l\u2019agence. L\u2019architecte a n\u00e9anmoins tenu \u00e0 ajouter une touche de classicisme antique. C\u2019est le cas, par exemple, des deux bustes de Janus install\u00e9s dans les niches de part et d\u2019autre de l\u2019escalier principal, r\u00e9f\u00e9rence \u00e0 la connaissance du pass\u00e9 et du futur : \u00ab \u00c0 l\u2019origine, LCD avait plac\u00e9 ces deux statues dans le jardin de la villa, mais les grandes vo\u00fbtes romaines en berceau caract\u00e9risaient l\u2019\u00e9crin parfait pour r\u00e9inventer l\u2019espace. \u00bb Un <strong>classicisme<\/strong> que l\u2019on retrouve dans les salles de bains et autres \u00e9l\u00e9ments d\u00e9coratifs tels que des sculptures en bas-reliefs, des colonnes cannel\u00e9es ou de grandes urnes en marbre.<\/p>\n","protected":false},"excerpt":{"rendered":"\u00ab Ce n&rsquo;est pas ici que je fais mes longueurs, donc la piscine de notre maison n&rsquo;a jamais&hellip;\n","protected":false},"author":2,"featured_media":311324,"comment_status":"","ping_status":"","sticky":false,"template":"","format":"standard","meta":{"footnotes":""},"categories":[1358],"tags":[1348,1384,1385,1386,58,59,1011,27,6997,15656,19246],"class_list":{"0":"post-311323","1":"post","2":"type-post","3":"status-publish","4":"format-standard","5":"has-post-thumbnail","7":"category-arts-et-design","8":"tag-arts","9":"tag-arts-and-design","10":"tag-arts-et-design","11":"tag-design","12":"tag-divertissement","13":"tag-entertainment","14":"tag-fr","15":"tag-france","16":"tag-maison-darchitecte","17":"tag-plage","18":"tag-tendances-dinterieur"},"share_on_mastodon":{"url":"https:\/\/pubeurope.com\/@fr\/115009577486465257","error":""},"_links":{"self":[{"href":"https:\/\/www.europesays.com\/fr\/wp-json\/wp\/v2\/posts\/311323","targetHints":{"allow":["GET"]}}],"collection":[{"href":"https:\/\/www.europesays.com\/fr\/wp-json\/wp\/v2\/posts"}],"about":[{"href":"https:\/\/www.europesays.com\/fr\/wp-json\/wp\/v2\/types\/post"}],"author":[{"embeddable":true,"href":"https:\/\/www.europesays.com\/fr\/wp-json\/wp\/v2\/users\/2"}],"replies":[{"embeddable":true,"href":"https:\/\/www.europesays.com\/fr\/wp-json\/wp\/v2\/comments?post=311323"}],"version-history":[{"count":0,"href":"https:\/\/www.europesays.com\/fr\/wp-json\/wp\/v2\/posts\/311323\/revisions"}],"wp:featuredmedia":[{"embeddable":true,"href":"https:\/\/www.europesays.com\/fr\/wp-json\/wp\/v2\/media\/311324"}],"wp:attachment":[{"href":"https:\/\/www.europesays.com\/fr\/wp-json\/wp\/v2\/media?parent=311323"}],"wp:term":[{"taxonomy":"category","embeddable":true,"href":"https:\/\/www.europesays.com\/fr\/wp-json\/wp\/v2\/categories?post=311323"},{"taxonomy":"post_tag","embeddable":true,"href":"https:\/\/www.europesays.com\/fr\/wp-json\/wp\/v2\/tags?post=311323"}],"curies":[{"name":"wp","href":"https:\/\/api.w.org\/{rel}","templated":true}]}}