{"id":311329,"date":"2025-08-11T10:09:15","date_gmt":"2025-08-11T10:09:15","guid":{"rendered":"https:\/\/www.europesays.com\/fr\/311329\/"},"modified":"2025-08-11T10:09:15","modified_gmt":"2025-08-11T10:09:15","slug":"boney-m-rassemble-pres-de-4-000-spectateurs","status":"publish","type":"post","link":"https:\/\/www.europesays.com\/fr\/311329\/","title":{"rendered":"Boney M rassemble pr\u00e8s de 4.000 spectateurs"},"content":{"rendered":"<p>Ce samedi 9\u00a0ao\u00fbt 2025, avec l\u2019aide d\u2019une soixantaine de\u00a0b\u00e9n\u00e9voles, le comit\u00e9 des f\u00eates\u00a0men\u00e9 par Thierry Galbois\u00a0n\u2019a pu que se r\u00e9jouir de la remarquable\u00a0r\u00e9ussite de son seizi\u00e8me <a target=\"_blank\" href=\"https:\/\/www.lanouvellerepublique.fr\/centre-presse\/fleix-boney-m-story-en-concert-le-9-aout-2025-pour-la-fete-annuelle-1754402574\" rel=\"noopener\">Fleixtival<\/a>. En effet, c\u00f4t\u00e9 f\u00eate de v&#8230; <\/p>\n<p>    Cet article a \u00e9t\u00e9 tronqu\u00e9. Abonnez-vous pour lire l&rsquo;article complet sur notre site.<\/p>\n<p style=\"margin: 0 !important; padding: 0 !important; font-size: 12px !important;\">Cet article a \u00e9t\u00e9 tronqu\u00e9. Abonnez-vous pour lire l&rsquo;article complet.<\/p>\n<p>    <a href=\"https:\/\/www.lanouvellerepublique.fr\/abonnements\" style=\"display: inline-block; margin-top: 5px !important; padding: 6px 12px !important; background: #cb1c27; color: white; text-decoration: none; border-radius: 4px; font-size: 12px !important;\" target=\"_blank\" rel=\"noopener\"><br \/>\n      S&rsquo;abonner<br \/>\n    <\/a><\/p>\n","protected":false},"excerpt":{"rendered":"Ce samedi 9\u00a0ao\u00fbt 2025, avec l\u2019aide d\u2019une soixantaine de\u00a0b\u00e9n\u00e9voles, le comit\u00e9 des f\u00eates\u00a0men\u00e9 par Thierry Galbois\u00a0n\u2019a pu que&hellip;\n","protected":false},"author":2,"featured_media":311330,"comment_status":"","ping_status":"","sticky":false,"template":"","format":"standard","meta":{"footnotes":""},"categories":[1355],"tags":[1674,58,59,3337,43949,1011,27,1393,1361,873],"class_list":{"0":"post-311329","1":"post","2":"type-post","3":"status-publish","4":"format-standard","5":"has-post-thumbnail","7":"category-musique","8":"tag-communes","9":"tag-divertissement","10":"tag-entertainment","11":"tag-festivals","12":"tag-fleix","13":"tag-fr","14":"tag-france","15":"tag-loisirs","16":"tag-music","17":"tag-musique"},"share_on_mastodon":{"url":"https:\/\/pubeurope.com\/@fr\/115009589343767761","error":""},"_links":{"self":[{"href":"https:\/\/www.europesays.com\/fr\/wp-json\/wp\/v2\/posts\/311329","targetHints":{"allow":["GET"]}}],"collection":[{"href":"https:\/\/www.europesays.com\/fr\/wp-json\/wp\/v2\/posts"}],"about":[{"href":"https:\/\/www.europesays.com\/fr\/wp-json\/wp\/v2\/types\/post"}],"author":[{"embeddable":true,"href":"https:\/\/www.europesays.com\/fr\/wp-json\/wp\/v2\/users\/2"}],"replies":[{"embeddable":true,"href":"https:\/\/www.europesays.com\/fr\/wp-json\/wp\/v2\/comments?post=311329"}],"version-history":[{"count":0,"href":"https:\/\/www.europesays.com\/fr\/wp-json\/wp\/v2\/posts\/311329\/revisions"}],"wp:featuredmedia":[{"embeddable":true,"href":"https:\/\/www.europesays.com\/fr\/wp-json\/wp\/v2\/media\/311330"}],"wp:attachment":[{"href":"https:\/\/www.europesays.com\/fr\/wp-json\/wp\/v2\/media?parent=311329"}],"wp:term":[{"taxonomy":"category","embeddable":true,"href":"https:\/\/www.europesays.com\/fr\/wp-json\/wp\/v2\/categories?post=311329"},{"taxonomy":"post_tag","embeddable":true,"href":"https:\/\/www.europesays.com\/fr\/wp-json\/wp\/v2\/tags?post=311329"}],"curies":[{"name":"wp","href":"https:\/\/api.w.org\/{rel}","templated":true}]}}