{"id":31133,"date":"2025-04-17T07:33:10","date_gmt":"2025-04-17T07:33:10","guid":{"rendered":"https:\/\/www.europesays.com\/fr\/31133\/"},"modified":"2025-04-17T07:33:10","modified_gmt":"2025-04-17T07:33:10","slug":"football-coupe-du-grand-est-luneville","status":"publish","type":"post","link":"https:\/\/www.europesays.com\/fr\/31133\/","title":{"rendered":"Football &#8211; Coupe du Grand Est. Lun\u00e9ville"},"content":{"rendered":"<p>Lun\u00e9ville (R1) &#8211; ASNL 2 (R1)<\/p>\n<p>Ce samedi \u00e0 16\u00a0h<\/p>\n<p>Il attend \u00e7a depuis son d\u00e9part pour le Stade de Reims, en 2014. D\u00e9j\u00e0\u2026 Yassine Amrioui n\u2019a encore jamais jou\u00e9 contre l\u2019ASNL, son club formateur et son club de c\u0153ur. Le tirage au sort des\u00a0huiti\u00e8mes de finale de la Coupe du Grand Est pourrait bien lui offrir enfin ce petit bonheur personnel. L\u2019emploi du conditionnel se justifie, malheureusement pour l\u2019ancien international espoirs marocain, pour des raisons m\u00e9dicales. \u00ab\u00a0Pendant l\u2019entra\u00eenement de jeudi, j\u2019ai \u00e9t\u00e9 touch\u00e9 au pied, \u00e0 tel point que&#8230;<\/p>\n","protected":false},"excerpt":{"rendered":"Lun\u00e9ville (R1) &#8211; ASNL 2 (R1) Ce samedi \u00e0 16\u00a0h Il attend \u00e7a depuis son d\u00e9part pour le&hellip;\n","protected":false},"author":2,"featured_media":31134,"comment_status":"","ping_status":"","sticky":false,"template":"","format":"standard","meta":{"footnotes":""},"categories":[9635],"tags":[1111,11,3703,1707,1704,1777,674,107,1701,63,1011,27,775,10634,1702,1703,12,25,517,1700],"class_list":{"0":"post-31133","1":"post","2":"type-post","3":"status-publish","4":"format-standard","5":"has-post-thumbnail","7":"category-nancy","8":"tag-actu","9":"tag-actualites","10":"tag-asnl","11":"tag-edition-luneville","12":"tag-edition-nancy-et-agglomeration","13":"tag-eu","14":"tag-europe","15":"tag-fil-info","16":"tag-fil-info-sport","17":"tag-football","18":"tag-fr","19":"tag-france","20":"tag-grand-est","21":"tag-luneville","22":"tag-nancy","23":"tag-nancy-ville-54b","24":"tag-news","25":"tag-republique-francaise","26":"tag-sport","27":"tag-sport-lorrain"},"share_on_mastodon":{"url":"https:\/\/pubeurope.com\/@fr\/114352147928726842","error":""},"_links":{"self":[{"href":"https:\/\/www.europesays.com\/fr\/wp-json\/wp\/v2\/posts\/31133","targetHints":{"allow":["GET"]}}],"collection":[{"href":"https:\/\/www.europesays.com\/fr\/wp-json\/wp\/v2\/posts"}],"about":[{"href":"https:\/\/www.europesays.com\/fr\/wp-json\/wp\/v2\/types\/post"}],"author":[{"embeddable":true,"href":"https:\/\/www.europesays.com\/fr\/wp-json\/wp\/v2\/users\/2"}],"replies":[{"embeddable":true,"href":"https:\/\/www.europesays.com\/fr\/wp-json\/wp\/v2\/comments?post=31133"}],"version-history":[{"count":0,"href":"https:\/\/www.europesays.com\/fr\/wp-json\/wp\/v2\/posts\/31133\/revisions"}],"wp:featuredmedia":[{"embeddable":true,"href":"https:\/\/www.europesays.com\/fr\/wp-json\/wp\/v2\/media\/31134"}],"wp:attachment":[{"href":"https:\/\/www.europesays.com\/fr\/wp-json\/wp\/v2\/media?parent=31133"}],"wp:term":[{"taxonomy":"category","embeddable":true,"href":"https:\/\/www.europesays.com\/fr\/wp-json\/wp\/v2\/categories?post=31133"},{"taxonomy":"post_tag","embeddable":true,"href":"https:\/\/www.europesays.com\/fr\/wp-json\/wp\/v2\/tags?post=31133"}],"curies":[{"name":"wp","href":"https:\/\/api.w.org\/{rel}","templated":true}]}}