{"id":311333,"date":"2025-08-11T10:11:12","date_gmt":"2025-08-11T10:11:12","guid":{"rendered":"https:\/\/www.europesays.com\/fr\/311333\/"},"modified":"2025-08-11T10:11:12","modified_gmt":"2025-08-11T10:11:12","slug":"bronzage-dangereux-des-jeunes-se-brulent-pour-des-traces-sur-tiktok","status":"publish","type":"post","link":"https:\/\/www.europesays.com\/fr\/311333\/","title":{"rendered":"Bronzage dangereux: des jeunes se br\u00fblent pour des traces sur TikTok"},"content":{"rendered":"<p>Publi\u00e911. ao\u00fbt 2025, 07:00<\/p>\n<p>Soleil: Se br\u00fbler pour bronzer, une tendance qui inqui\u00e8te au Luxembourg<\/p>\n<p>Sur TikTok, des jeunes s&rsquo;amusent \u00e0 se br\u00fbler la peau pour avoir la meilleure trace de bronzage. Un ph\u00e9nom\u00e8ne inqui\u00e9tant.<\/p>\n<p><img decoding=\"async\" alt=\"Marine Gobbi\" src=\"https:\/\/www.europesays.com\/fr\/wp-content\/uploads\/2025\/08\/1a800f52-c37f-4dd0-8fa0-170addf2de10.avif\" class=\"sc-b1f21c84-1 juVSAe\"\/><\/p>\n<p>Provoquer intentionnellement des coups de soleil sur sa peau, c&rsquo;est la nouvelle tendance \u2014 dangereuse \u2014 apparue sur TikTok, ces derni\u00e8res semaines. Baptis\u00e9e \u00abburn lines\u00bb, cette trend consiste \u00e0 s&rsquo;appliquer de l&rsquo;huile autobronzante, qui ne prot\u00e8ge pas la peau, voire ne se mettent rien du tout, pour avoir des traces de bronzage bien visibles. Mais ce sont plut\u00f4t des br\u00fblures et une peau rouge qui apparaissent. Les jeunes, en particulier des jeunes filles, se filment pour le r\u00e9seau social avec une certaine fiert\u00e9. \u00abQuand je suis br\u00fbl\u00e9e, mais que j&rsquo;ai des traces de bronzage\u00bb, lance l&rsquo;une d&rsquo;elles. \u00abCertains ne cherchent pas \u00e0 se br\u00fbler expr\u00e8s, mais ils minimisent les dangers du soleil\u00bb, r\u00e9agit M\u00e9lanie Hilgers, dermatologue \u00e0 Marnach.<\/p>\n<p>Des dangers qui ne sont pas \u00e0 prendre \u00e0 la l\u00e9g\u00e8re. Plusieurs vont m\u00eame jusqu&rsquo;\u00e0 utiliser des briquets ou s\u00e8ches-cheveux pour se br\u00fbler\u2026 Des cons\u00e9quences graves \u00e0 court et \u00e0 long terme sont \u00e0 pr\u00e9voir: br\u00fblures, cloques, inflammation, mais aussi des effets bien plus graves \u00e0 l&rsquo;avenir, outre le vieillissement pr\u00e9matur\u00e9 de la peau, le d\u00e9veloppement d&rsquo;un cancer fait partie des plus gros risques. \u00abDes \u00e9tudes montrent qu&rsquo;une exposition sans protection, entrainant des coups de soleil avant 18 ans, augmente le risque de cancer\u00bb, indique la sp\u00e9cialiste qui a d\u00e9j\u00e0 re\u00e7u plusieurs patients dont les enfants avaient des coups de soleil.<\/p>\n<blockquote class=\"Quote_quote__uexDU Quote_siteAreaNews__9_7Qz\">\n<p class=\"Quote_quoteText__6G6oY\">\u00abLe bronzage ne dure que quelques jours alors que les dommages restent et arrivent parfois 10 ou 20 ans apr\u00e8s\u00bb<\/p>\n<\/blockquote>\n<p>M\u00e9lanie Hilgers<\/p>\n<p>Comme par le pass\u00e9, le bronzage reste toujours tendance, synonyme de vacances, de compliments au retour de cong\u00e9. Mais attention: \u00abtoute coloration par le soleil est en r\u00e9alit\u00e9 un m\u00e9canisme de d\u00e9fense de la peau\u00bb, assure la dermatologue. Un joli teint h\u00e2l\u00e9, mais au d\u00e9triment de la sant\u00e9 donc. \u00abLe bronzage ne dure finalement que quelques jours alors que les dommages restent et se d\u00e9clarent parfois 10 ou 20 ans apr\u00e8s, avec l&rsquo;apparition de m\u00e9lanomes ou des carcinomes&#8230;\u00bb<\/p>\n<p>D&rsquo;apr\u00e8s les derni\u00e8res donn\u00e9es disponibles sur les cancers cutan\u00e9s au Luxembourg, le m\u00e9lanome malin (cancer de la peau le plus agressif) repr\u00e9sente environ 5 \u00e0 6% des nouveaux cas de cancer dans le pays.<\/p>\n","protected":false},"excerpt":{"rendered":"Publi\u00e911. ao\u00fbt 2025, 07:00 Soleil: Se br\u00fbler pour bronzer, une tendance qui inqui\u00e8te au Luxembourg Sur TikTok, des&hellip;\n","protected":false},"author":2,"featured_media":311334,"comment_status":"","ping_status":"","sticky":false,"template":"","format":"standard","meta":{"footnotes":""},"categories":[10],"tags":[1011,27,72,71],"class_list":{"0":"post-311333","1":"post","2":"type-post","3":"status-publish","4":"format-standard","5":"has-post-thumbnail","7":"category-sante","8":"tag-fr","9":"tag-france","10":"tag-health","11":"tag-sante"},"share_on_mastodon":{"url":"https:\/\/pubeurope.com\/@fr\/115009597331568491","error":""},"_links":{"self":[{"href":"https:\/\/www.europesays.com\/fr\/wp-json\/wp\/v2\/posts\/311333","targetHints":{"allow":["GET"]}}],"collection":[{"href":"https:\/\/www.europesays.com\/fr\/wp-json\/wp\/v2\/posts"}],"about":[{"href":"https:\/\/www.europesays.com\/fr\/wp-json\/wp\/v2\/types\/post"}],"author":[{"embeddable":true,"href":"https:\/\/www.europesays.com\/fr\/wp-json\/wp\/v2\/users\/2"}],"replies":[{"embeddable":true,"href":"https:\/\/www.europesays.com\/fr\/wp-json\/wp\/v2\/comments?post=311333"}],"version-history":[{"count":0,"href":"https:\/\/www.europesays.com\/fr\/wp-json\/wp\/v2\/posts\/311333\/revisions"}],"wp:featuredmedia":[{"embeddable":true,"href":"https:\/\/www.europesays.com\/fr\/wp-json\/wp\/v2\/media\/311334"}],"wp:attachment":[{"href":"https:\/\/www.europesays.com\/fr\/wp-json\/wp\/v2\/media?parent=311333"}],"wp:term":[{"taxonomy":"category","embeddable":true,"href":"https:\/\/www.europesays.com\/fr\/wp-json\/wp\/v2\/categories?post=311333"},{"taxonomy":"post_tag","embeddable":true,"href":"https:\/\/www.europesays.com\/fr\/wp-json\/wp\/v2\/tags?post=311333"}],"curies":[{"name":"wp","href":"https:\/\/api.w.org\/{rel}","templated":true}]}}