{"id":311337,"date":"2025-08-11T10:13:11","date_gmt":"2025-08-11T10:13:11","guid":{"rendered":"https:\/\/www.europesays.com\/fr\/311337\/"},"modified":"2025-08-11T10:13:11","modified_gmt":"2025-08-11T10:13:11","slug":"leila-bekhti-le-corps-de-son-mari-abime-par-les-variations-de-poids-tahar-rahim-revele-le-mal-qui-lhabite","status":"publish","type":"post","link":"https:\/\/www.europesays.com\/fr\/311337\/","title":{"rendered":"Le\u00efla Bekhti : le corps de son mari ab\u00eem\u00e9 par les variations de poids, Tahar Rahim r\u00e9v\u00e8le le mal qui l\u2019habite"},"content":{"rendered":"<p>      R\u00e9sum\u00e9<\/p>\n<p>Tahar Rahim a subi une transformation physique intense, perdant 22 kg pour un r\u00f4le, r\u00e9v\u00e9lant les d\u00e9fis et impacts sur son corps qu&rsquo;il endure pour incarner ses personnages.<\/p>\n<p>        Sommaire<\/p>\n<p>D&rsquo;Un proph\u00e8te \u00e0 D\u00e9sign\u00e9 coupable en passant par Madame Web, Samba ou Le Pass\u00e9, <a href=\"https:\/\/www.public.fr\/tag\/tahar-rahim\" target=\"_blank\" rel=\"noopener\"><strong>Tahar Rahim<\/strong><\/a> ne compte plus les succ\u00e8s dans lesquels il a eu l&rsquo;opportunit\u00e9 de jouer. <\/p>\n<p>Figure embl\u00e9matique du cin\u00e9ma fran\u00e7ais, <strong>l&rsquo;acteur de 44 ans encha\u00eene en effet les tournages<\/strong> depuis 2007. <\/p>\n<p>Un an apr\u00e8s son triomphe dans Monsieur Aznavour\u00a0de\u00a0Grand Corps Malade\u00a0et\u00a0Mehdi Idir, il s&rsquo;appr\u00eate d&rsquo;ailleurs \u00e0 se glisser dans la peau d&rsquo;un nouveau personnage pour <strong>Alpha<\/strong> de Julia Ducournau, \u00e0 d\u00e9couvrir dans les salles obscures le 20 ao\u00fbt prochain. Un long-m\u00e9trage pour lequel il a entrepris une transformation physique radicale. <\/p>\n<p>Tahar Rahim : 22 kilos en moins<\/p>\n<p>\u00ab\u00a0<strong>J\u2019avais perdu 15 ou 16 kg, j\u2019\u00e9tais d\u00e9j\u00e0 maigre, mais j\u2019ai eu besoin d\u2019aller plus loin<\/strong>\u00ab\u00a0, a confi\u00e9 Tahar Rahim dans les colonnes de <a href=\"https:\/\/www.lequipe.fr\/Tous-sports\/Article\/Grand-recit-tahar-rahim-l-acteur-qui-suit-les-memes-voies-que-les-sportifs-de-haut-niveau\/1583662\" target=\"_blank\" rel=\"noreferrer noopener\">L&rsquo;\u00c9quipe<\/a>. Au total, le com\u00e9dien a perdu 22 kilos pour camper un junky cr\u00e9dible. <\/p>\n<p>\u00ab\u00a0<strong>Comme les sportifs de haut niveau, il y a le travail, l\u2019abn\u00e9gation, le tunnel\u2026\u00a0\u00c7a passe forc\u00e9ment par une pr\u00e9paration physique<\/strong>\u00ab\u00a0, a-t-il ajout\u00e9. <\/p>\n<p>Et s&rsquo;il s&rsquo;est lanc\u00e9 dans une perte de poids drastique, il avait d\u00e9j\u00e0, auparavant, os\u00e9 une transformation en gagnant 15 kilos de muscle. <\/p>\n<p>\u00ab\u00a0Demande ou pas, vu le script, si je n\u2019ai pas cette apparence physique, j\u2019ab\u00eeme le film de l\u2019int\u00e9rieur. Et c\u2019est foutu\u00a0\u00bb, a-t-il expliqu\u00e9 avant d&rsquo;\u00e9voquer les cons\u00e9quences de ces m\u00e9tamorphoses : \u00ab\u00a0<strong>Je me tape plein de tendinites<\/strong>\u00ab\u00a0. <\/p>\n<p>Des transformations n\u00e9cessaires qui inqui\u00e8tent<\/p>\n<p>Tahar Rahim semble consid\u00e9rer que le corps est la premi\u00e8re \u00e9tape pour livrer une performance authentique. <\/p>\n<p>\u00ab\u00a0<strong>C\u2019est l\u2019image du corps qui envoie la premi\u00e8re impression. On se meut avec le corps, c\u2019est lui qui impulse tout<\/strong>\u00ab\u00a0, a-t-il indiqu\u00e9. \u00ab\u00a0<strong>Si je n\u2019ai pas le corps, je ne peux entrer dans la maison (du personnage)\u2026 Or, le but n\u2019est pas de fabriquer mais de cr\u00e9er quelque chose<\/strong>\u00ab\u00a0.<\/p>\n<p>Cependant, cette d\u00e9termination \u00e0 se m\u00e9tamorphoser pour un r\u00f4le inqui\u00e8te ses proches, notamment Julia Ducournau. <\/p>\n<p>\u00ab\u00a0<strong>Elle commen\u00e7ait \u00e0 avoir peur. Je lui ai dit : &lsquo;T\u2019inqui\u00e8te pas, j\u2019ai un cardiologue, une nutritionniste-biologiste, et je fais attention&rsquo;<\/strong>\u00ab\u00a0, a-t-il r\u00e9v\u00e9l\u00e9. <\/p>\n<p>Et de conclure : \u00ab\u00a0Je compare mon m\u00e9tier \u00e0 de la boxe\u2026 Quand tu es acteur, tu es tout seul avec ton personnage\u00a0\u00bb. Tahar Rahim est un v\u00e9ritable artiste !<\/p>\n<p>      Mentionn\u00e9s dans cet article<\/p>\n<p>      Sur le m\u00eame sujet<\/p>\n","protected":false},"excerpt":{"rendered":"R\u00e9sum\u00e9 Tahar Rahim a subi une transformation physique intense, perdant 22 kg pour un r\u00f4le, r\u00e9v\u00e9lant les d\u00e9fis&hellip;\n","protected":false},"author":2,"featured_media":311338,"comment_status":"","ping_status":"","sticky":false,"template":"","format":"standard","meta":{"footnotes":""},"categories":[8],"tags":[58,59,1011,27,7410,16444],"class_list":{"0":"post-311337","1":"post","2":"type-post","3":"status-publish","4":"format-standard","5":"has-post-thumbnail","7":"category-divertissement","8":"tag-divertissement","9":"tag-entertainment","10":"tag-fr","11":"tag-france","12":"tag-leila-bekhti","13":"tag-tahar-rahim"},"share_on_mastodon":{"url":"https:\/\/pubeurope.com\/@fr\/115009605015846944","error":""},"_links":{"self":[{"href":"https:\/\/www.europesays.com\/fr\/wp-json\/wp\/v2\/posts\/311337","targetHints":{"allow":["GET"]}}],"collection":[{"href":"https:\/\/www.europesays.com\/fr\/wp-json\/wp\/v2\/posts"}],"about":[{"href":"https:\/\/www.europesays.com\/fr\/wp-json\/wp\/v2\/types\/post"}],"author":[{"embeddable":true,"href":"https:\/\/www.europesays.com\/fr\/wp-json\/wp\/v2\/users\/2"}],"replies":[{"embeddable":true,"href":"https:\/\/www.europesays.com\/fr\/wp-json\/wp\/v2\/comments?post=311337"}],"version-history":[{"count":0,"href":"https:\/\/www.europesays.com\/fr\/wp-json\/wp\/v2\/posts\/311337\/revisions"}],"wp:featuredmedia":[{"embeddable":true,"href":"https:\/\/www.europesays.com\/fr\/wp-json\/wp\/v2\/media\/311338"}],"wp:attachment":[{"href":"https:\/\/www.europesays.com\/fr\/wp-json\/wp\/v2\/media?parent=311337"}],"wp:term":[{"taxonomy":"category","embeddable":true,"href":"https:\/\/www.europesays.com\/fr\/wp-json\/wp\/v2\/categories?post=311337"},{"taxonomy":"post_tag","embeddable":true,"href":"https:\/\/www.europesays.com\/fr\/wp-json\/wp\/v2\/tags?post=311337"}],"curies":[{"name":"wp","href":"https:\/\/api.w.org\/{rel}","templated":true}]}}