{"id":311343,"date":"2025-08-11T10:16:10","date_gmt":"2025-08-11T10:16:10","guid":{"rendered":"https:\/\/www.europesays.com\/fr\/311343\/"},"modified":"2025-08-11T10:16:10","modified_gmt":"2025-08-11T10:16:10","slug":"une-nouvelle-flottille-humanitaire-prendra-la-mer-annonce-greta-thunberg","status":"publish","type":"post","link":"https:\/\/www.europesays.com\/fr\/311343\/","title":{"rendered":"une nouvelle flottille humanitaire prendra la mer, annonce Greta Thunberg"},"content":{"rendered":"<p>Le d\u00e9part est pr\u00e9vu le 31 ao\u00fbt depuis l\u2019Espagne, avec \u00abdes dizaines de bateaux\u00bb engag\u00e9s dans ce que la militante su\u00e9doise d\u00e9crit comme \u00abla plus grande tentative jamais organis\u00e9e\u00bb contre le blocus.<\/p>\n<p class=\"fig-paragraph\">Une\u00a0<a href=\"http:\/\/www.lefigaro.fr\/politique\/rima-hassan-annonce-qu-un-nouveau-bateau-de-la-flottille-de-la-liberte-va-partir-dans-quelques-jours-20250709\" target=\"_blank\" data-fig-type=\"Article\" rel=\"noopener nofollow\" data-gtm-custom-categorie=\"navigation\" data-gtm-custom-action=\"crossclick\" data-gtm-custom-label=\"Contextuel\" data-gtm-event=\"customEventSPE\" data-fig-domain=\"LEFIGARO\">nouvelle flottille<\/a>\u00a0charg\u00e9e d\u2019aide humanitaire prendra la mer depuis plusieurs ports m\u00e9diterran\u00e9ens \u00e0 destination de\u00a0<a href=\"http:\/\/www.lefigaro.fr\/international\/gaza-quatre-journalistes-d-al-jazeera-tues-lors-d-une-frappe-israelienne-ciblee-20250811\" target=\"_blank\" data-fig-type=\"NewsFlash\" rel=\"noopener nofollow\" data-gtm-custom-categorie=\"navigation\" data-gtm-custom-action=\"crossclick\" data-gtm-custom-label=\"Contextuel\" data-gtm-event=\"customEventSPE\" data-fig-domain=\"LEFIGARO\">Gaza<\/a>\u00a0pour \u00abbriser le blocus isra\u00e9lien ill\u00e9gal\u00bb, a fait savoir dimanche soir la militante su\u00e9doise\u00a0<a href=\"http:\/\/www.lefigaro.fr\/international\/flottille-de-la-liberte-greta-thunberg-privee-de-sommeil-acces-aux-toilettes-restreint-le-medecin-rentre-en-france-denonce-des-actes-de-maltraitance-20250611\" target=\"_blank\" data-fig-type=\"NewsFlash\" rel=\"noopener nofollow\" data-gtm-custom-categorie=\"navigation\" data-gtm-custom-action=\"crossclick\" data-gtm-custom-label=\"Contextuel\" data-gtm-event=\"customEventSPE\" data-fig-domain=\"LEFIGARO\">Greta Thunberg<\/a>, qui en fera partie.<\/p>\n<p class=\"fig-paragraph\">\u00abLe 31 ao\u00fbt, nous lan\u00e7ons la plus grande tentative jamais r\u00e9alis\u00e9e pour briser le blocus isra\u00e9lien ill\u00e9gal de Gaza, avec des dizaines de bateaux partant d\u2019Espagne. Nous en rejoindrons des dizaines d\u2019autres le 4 septembre, partant de Tunisie et d\u2019autres ports\u00bb, a-t-elle \u00e9crit sur Instagram.<\/p>\n<p>                                    <a class=\"fig-a11y-skip a11y-hidden\" href=\"#fig-a11y-skip-main-inarticle\"><br \/>\n        Passer la publicit\u00e9<br \/>\n    <\/a><\/p>\n<p>Une flottille compos\u00e9e de plusieurs personnalit\u00e9s publiques<\/p>\n<p class=\"fig-paragraph\">Humanitaires, m\u00e9decins, artistes &#8211; parmi lesquels l\u2019actrice am\u00e9ricaine Susan Sarandon, l\u2019acteur su\u00e9dois Gustaf Skarsg\u00e5rd ou encore l\u2019acteur irlandais Liam Cunningham &#8212; ainsi que d\u2019autres militants issus de 44 pays prendront part \u00e0 cette initiative baptis\u00e9e \u00abGlobal Sumud Flotilla\u00bb, selon le site de l\u2019organisateur.<\/p>\n<p class=\"fig-paragraph\">Le nombre de bateaux qui iront \u00e0 Gaza n\u2019a pas \u00e9t\u00e9 pr\u00e9cis\u00e9. La \u00abGlobal Sumud Flotilla\u00bb se d\u00e9crit sur son site comme une organisation \u00abind\u00e9pendante\u00bb et \u00abaffili\u00e9e \u00e0 aucun gouvernement ou parti politique\u00bb.<\/p>\n<p class=\"fig-paragraph\">Dans la nuit du 8 au 9 juin, le voilier Madleen, avec \u00e0 son bord 12 militants fran\u00e7ais, allemand, br\u00e9silien, turc, su\u00e9dois, espagnol et n\u00e9erlandais, avait \u00e9t\u00e9\u00a0<a href=\"http:\/\/www.lefigaro.fr\/international\/flottille-de-la-liberte-nous-avons-ete-kidnappes-dans-les-eaux-internationales-par-israel-accuse-greta-thunberg-20250610\" target=\"_blank\" data-fig-type=\"NewsFlash\" rel=\"noopener nofollow\" data-gtm-custom-categorie=\"navigation\" data-gtm-custom-action=\"crossclick\" data-gtm-custom-label=\"Contextuel\" data-gtm-event=\"customEventSPE\" data-fig-domain=\"LEFIGARO\">arraisonn\u00e9 par les forces isra\u00e9liennes<\/a>\u00a0\u00e0 environ 185 kilom\u00e8tres \u00e0 l\u2019ouest de la c\u00f4te de Gaza. Ils avaient ensuite \u00e9t\u00e9 expuls\u00e9s, certains apr\u00e8s avoir \u00e9t\u00e9 bri\u00e8vement d\u00e9tenus.<\/p>\n<p class=\"fig-paragraph\">L\u2019offensive isra\u00e9lienne, qui dure depuis 22 mois, a tu\u00e9 au moins 61.430 Palestiniens, selon le minist\u00e8re de la Sant\u00e9 de Gaza, dirig\u00e9 par le Hamas, des chiffres que l\u2019ONU juge fiables. La guerre a \u00e9t\u00e9 d\u00e9clench\u00e9e par l\u2019attaque du Hamas contre Isra\u00ebl en 2023, qui a fait 1.219 morts, principalement des civils, selon un d\u00e9compte de l\u2019AFP bas\u00e9 sur des chiffres officiels.<\/p>\n","protected":false},"excerpt":{"rendered":"Le d\u00e9part est pr\u00e9vu le 31 ao\u00fbt depuis l\u2019Espagne, avec \u00abdes dizaines de bateaux\u00bb engag\u00e9s dans ce que&hellip;\n","protected":false},"author":2,"featured_media":311344,"comment_status":"","ping_status":"","sticky":false,"template":"","format":"standard","meta":{"footnotes":""},"categories":[5],"tags":[11,16176,3259,1011,27,665,14,12,28],"class_list":{"0":"post-311343","1":"post","2":"type-post","3":"status-publish","4":"format-standard","5":"has-post-thumbnail","7":"category-international","8":"tag-actualites","9":"tag-aide-humanitaire","10":"tag-conflit-israelo-palestinien","11":"tag-fr","12":"tag-france","13":"tag-gaza","14":"tag-international","15":"tag-news","16":"tag-world"},"share_on_mastodon":{"url":"https:\/\/pubeurope.com\/@fr\/115009617076613822","error":""},"_links":{"self":[{"href":"https:\/\/www.europesays.com\/fr\/wp-json\/wp\/v2\/posts\/311343","targetHints":{"allow":["GET"]}}],"collection":[{"href":"https:\/\/www.europesays.com\/fr\/wp-json\/wp\/v2\/posts"}],"about":[{"href":"https:\/\/www.europesays.com\/fr\/wp-json\/wp\/v2\/types\/post"}],"author":[{"embeddable":true,"href":"https:\/\/www.europesays.com\/fr\/wp-json\/wp\/v2\/users\/2"}],"replies":[{"embeddable":true,"href":"https:\/\/www.europesays.com\/fr\/wp-json\/wp\/v2\/comments?post=311343"}],"version-history":[{"count":0,"href":"https:\/\/www.europesays.com\/fr\/wp-json\/wp\/v2\/posts\/311343\/revisions"}],"wp:featuredmedia":[{"embeddable":true,"href":"https:\/\/www.europesays.com\/fr\/wp-json\/wp\/v2\/media\/311344"}],"wp:attachment":[{"href":"https:\/\/www.europesays.com\/fr\/wp-json\/wp\/v2\/media?parent=311343"}],"wp:term":[{"taxonomy":"category","embeddable":true,"href":"https:\/\/www.europesays.com\/fr\/wp-json\/wp\/v2\/categories?post=311343"},{"taxonomy":"post_tag","embeddable":true,"href":"https:\/\/www.europesays.com\/fr\/wp-json\/wp\/v2\/tags?post=311343"}],"curies":[{"name":"wp","href":"https:\/\/api.w.org\/{rel}","templated":true}]}}