{"id":311349,"date":"2025-08-11T10:19:11","date_gmt":"2025-08-11T10:19:11","guid":{"rendered":"https:\/\/www.europesays.com\/fr\/311349\/"},"modified":"2025-08-11T10:19:11","modified_gmt":"2025-08-11T10:19:11","slug":"saint-etienne-louise-damon-tuee-a-19-ans-par-un-milicien-de-vichy-sa-tombe-restauree","status":"publish","type":"post","link":"https:\/\/www.europesays.com\/fr\/311349\/","title":{"rendered":"Saint-\u00c9tienne. Louise Damon, tu\u00e9e \u00e0 19 ans par un milicien de Vichy\u00a0: sa tombe restaur\u00e9e"},"content":{"rendered":"<p>Victime collat\u00e9rale de la Seconde Guerre mondiale\u2026 N\u00e9e au Puy-en-Velay en 1924, Louise Damon, surnomm\u00e9e \u00ab\u00a0Loulette\u00a0\u00bb, a \u00e9t\u00e9 fauch\u00e9e par une rafale de mitraillette tir\u00e9e par un milicien de Vichy qui poursuivait un r\u00e9sistant, juste devant le domicile de ses parents, rue des Mourgues, le 8\u00a0janvier 1944. Elle n\u2019avait pas 20 ans.<\/p>\n<p>Son d\u00e9c\u00e8s avait provoqu\u00e9 une vive \u00e9motion au Puy, o\u00f9 des milliers de personnes, constern\u00e9es par la \u00ab\u00a0folie des hommes\u00a0\u00bb, avaient assist\u00e9 \u00e0 ses obs\u00e8ques. Son corps avait \u00e9t\u00e9 inhum\u00e9 \u00e0 Saint-\u00c9tienne, ville d\u2019origine de ses parents, dans&#8230;<\/p>\n","protected":false},"excerpt":{"rendered":"Victime collat\u00e9rale de la Seconde Guerre mondiale\u2026 N\u00e9e au Puy-en-Velay en 1924, Louise Damon, surnomm\u00e9e \u00ab\u00a0Loulette\u00a0\u00bb, a \u00e9t\u00e9&hellip;\n","protected":false},"author":2,"featured_media":311350,"comment_status":"","ping_status":"","sticky":false,"template":"","format":"standard","meta":{"footnotes":""},"categories":[9653],"tags":[1111,11,2430,1687,3206,7539,1777,674,1011,27,937,12,2661,25,4001,7538],"class_list":{"0":"post-311349","1":"post","2":"type-post","3":"status-publish","4":"format-standard","5":"has-post-thumbnail","7":"category-saint-etienne","8":"tag-actu","9":"tag-actualites","10":"tag-auvergne-rhone-alpes","11":"tag-culture-loisirs","12":"tag-defense-guerre-conflit","13":"tag-edition-loire-sud","14":"tag-eu","15":"tag-europe","16":"tag-fr","17":"tag-france","18":"tag-histoire","19":"tag-news","20":"tag-patrimoine-culturel","21":"tag-republique-francaise","22":"tag-saint-etienne","23":"tag-saint-etienne-ville"},"share_on_mastodon":{"url":"https:\/\/pubeurope.com\/@fr\/115009628811784380","error":""},"_links":{"self":[{"href":"https:\/\/www.europesays.com\/fr\/wp-json\/wp\/v2\/posts\/311349","targetHints":{"allow":["GET"]}}],"collection":[{"href":"https:\/\/www.europesays.com\/fr\/wp-json\/wp\/v2\/posts"}],"about":[{"href":"https:\/\/www.europesays.com\/fr\/wp-json\/wp\/v2\/types\/post"}],"author":[{"embeddable":true,"href":"https:\/\/www.europesays.com\/fr\/wp-json\/wp\/v2\/users\/2"}],"replies":[{"embeddable":true,"href":"https:\/\/www.europesays.com\/fr\/wp-json\/wp\/v2\/comments?post=311349"}],"version-history":[{"count":0,"href":"https:\/\/www.europesays.com\/fr\/wp-json\/wp\/v2\/posts\/311349\/revisions"}],"wp:featuredmedia":[{"embeddable":true,"href":"https:\/\/www.europesays.com\/fr\/wp-json\/wp\/v2\/media\/311350"}],"wp:attachment":[{"href":"https:\/\/www.europesays.com\/fr\/wp-json\/wp\/v2\/media?parent=311349"}],"wp:term":[{"taxonomy":"category","embeddable":true,"href":"https:\/\/www.europesays.com\/fr\/wp-json\/wp\/v2\/categories?post=311349"},{"taxonomy":"post_tag","embeddable":true,"href":"https:\/\/www.europesays.com\/fr\/wp-json\/wp\/v2\/tags?post=311349"}],"curies":[{"name":"wp","href":"https:\/\/api.w.org\/{rel}","templated":true}]}}