{"id":311351,"date":"2025-08-11T10:20:11","date_gmt":"2025-08-11T10:20:11","guid":{"rendered":"https:\/\/www.europesays.com\/fr\/311351\/"},"modified":"2025-08-11T10:20:11","modified_gmt":"2025-08-11T10:20:11","slug":"asse-mercato-un-poids-lourd-de-manchester-united-debarque-a-saint-etienne","status":"publish","type":"post","link":"https:\/\/www.europesays.com\/fr\/311351\/","title":{"rendered":"ASSE Mercato\u00a0: un poids lourd de Manchester United d\u00e9barque \u00e0 Saint-Etienne\u00a0!\u00a0"},"content":{"rendered":"<p><strong>Apr\u00e8s treize saisons \u00e0 Manchester United, Paolo Gaudino rejoint l\u2019<a href=\"https:\/\/www.butfootballclub.fr\/613281-asse-irvin-cardona-appelle-a-plus-de-qualite-pour-remonter-en-ligue-1\/\" rel=\"noopener nofollow\" target=\"_blank\">AS Saint-\u00c9tienne<\/a> comme pr\u00e9parateur physique sp\u00e9cialis\u00e9 en r\u00e9athl\u00e9tisation. Une recrue de poids pour structurer le club lig\u00e9rien et viser les standards du tr\u00e8s haut niveau.<\/strong><\/p>\n<p>\ud83d\udfe9<strong> Accord proche<\/strong><\/p>\n<p>L\u2019AS Saint-\u00c9tienne continue de franchir un cap dans sa professionnalisation. Selon <a href=\"https:\/\/peuple-vert.fr\/asse-actualite\/paolo-gaudino-asse-manchester-united\/?fsp_sid=20755\" rel=\"noopener nofollow\" target=\"_blank\">Peuple Vert<\/a>, le club for\u00e9zien va bient\u00f4t officialiser l\u2019arriv\u00e9e de Paolo Gaudino, 38 ans, comme pr\u00e9parateur physique sp\u00e9cialis\u00e9 en r\u00e9athl\u00e9tisation. Et ce n\u2019est pas n\u2019importe quel CV qui d\u00e9barque dans le Forez : l\u2019Italien sort de treize saisons au sein de Manchester United.<\/p>\n<p>Arriv\u00e9 en 2012 dans le centre de performance des Red Devils, Gaudino a d\u2019abord exerc\u00e9 comme scientifique du sport. En 2019, il franchit un palier en devenant pr\u00e9parateur physique \u00e0 part enti\u00e8re, travaillant au quotidien avec des entra\u00eeneurs de renom tels qu\u2019Ole Gunnar Solskj\u00e6r, Ralf Rangnick, Erik ten Hag ou encore Michael Carrick. Une immersion totale dans l\u2019exigence du football anglais, qui forge une expertise rare.<\/p>\n<p>Sous l\u2019impulsion du nouveau propri\u00e9taire Kilmer Sports, l\u2019<a href=\"https:\/\/www.butfootballclub.fr\/613189-asse-lanalyse-de-laurent-hess-un-nul-pour-debuter-la-saison-et-le-flou\/\" rel=\"noopener nofollow\" target=\"_blank\">ASSE<\/a> veut s\u2019inspirer des mod\u00e8les anglo-saxons pour \u00e9lever son niveau d\u2019exigence. Gaudino ne vient pas seul : il s\u2019int\u00e8gre dans une cellule physique et performance en pleine refonte. Ce renfort strat\u00e9gique t\u00e9moigne des ambitions des Verts : retrouver rapidement les standards physiques et m\u00e9thodologiques des plus grands clubs europ\u00e9ens. Avec un staff renforc\u00e9 et une expertise internationale, Saint-\u00c9tienne veut se donner les moyens de ses objectifs sportifs.\u00a0<\/p>\n","protected":false},"excerpt":{"rendered":"Apr\u00e8s treize saisons \u00e0 Manchester United, Paolo Gaudino rejoint l\u2019AS Saint-\u00c9tienne comme pr\u00e9parateur physique sp\u00e9cialis\u00e9 en r\u00e9athl\u00e9tisation. Une&hellip;\n","protected":false},"author":2,"featured_media":311352,"comment_status":"","ping_status":"","sticky":false,"template":"","format":"standard","meta":{"footnotes":""},"categories":[9653],"tags":[1111,11,2430,448,1777,674,63,1011,27,66,3388,12,25,4001,10662],"class_list":{"0":"post-311351","1":"post","2":"type-post","3":"status-publish","4":"format-standard","5":"has-post-thumbnail","7":"category-saint-etienne","8":"tag-actu","9":"tag-actualites","10":"tag-auvergne-rhone-alpes","11":"tag-champions-league","12":"tag-eu","13":"tag-europe","14":"tag-football","15":"tag-fr","16":"tag-france","17":"tag-ligue-1","18":"tag-matchs","19":"tag-news","20":"tag-republique-francaise","21":"tag-saint-etienne","22":"tag-transferts"},"share_on_mastodon":{"url":"https:\/\/pubeurope.com\/@fr\/115009632566660889","error":""},"_links":{"self":[{"href":"https:\/\/www.europesays.com\/fr\/wp-json\/wp\/v2\/posts\/311351","targetHints":{"allow":["GET"]}}],"collection":[{"href":"https:\/\/www.europesays.com\/fr\/wp-json\/wp\/v2\/posts"}],"about":[{"href":"https:\/\/www.europesays.com\/fr\/wp-json\/wp\/v2\/types\/post"}],"author":[{"embeddable":true,"href":"https:\/\/www.europesays.com\/fr\/wp-json\/wp\/v2\/users\/2"}],"replies":[{"embeddable":true,"href":"https:\/\/www.europesays.com\/fr\/wp-json\/wp\/v2\/comments?post=311351"}],"version-history":[{"count":0,"href":"https:\/\/www.europesays.com\/fr\/wp-json\/wp\/v2\/posts\/311351\/revisions"}],"wp:featuredmedia":[{"embeddable":true,"href":"https:\/\/www.europesays.com\/fr\/wp-json\/wp\/v2\/media\/311352"}],"wp:attachment":[{"href":"https:\/\/www.europesays.com\/fr\/wp-json\/wp\/v2\/media?parent=311351"}],"wp:term":[{"taxonomy":"category","embeddable":true,"href":"https:\/\/www.europesays.com\/fr\/wp-json\/wp\/v2\/categories?post=311351"},{"taxonomy":"post_tag","embeddable":true,"href":"https:\/\/www.europesays.com\/fr\/wp-json\/wp\/v2\/tags?post=311351"}],"curies":[{"name":"wp","href":"https:\/\/api.w.org\/{rel}","templated":true}]}}