{"id":311353,"date":"2025-08-11T10:21:17","date_gmt":"2025-08-11T10:21:17","guid":{"rendered":"https:\/\/www.europesays.com\/fr\/311353\/"},"modified":"2025-08-11T10:21:17","modified_gmt":"2025-08-11T10:21:17","slug":"atelier-pour-les-tout-petits-sur-la-pointe-des-ongles","status":"publish","type":"post","link":"https:\/\/www.europesays.com\/fr\/311353\/","title":{"rendered":"Atelier pour les tout-petits Sur la pointe des ongles"},"content":{"rendered":"<p>Chaque dimanche jusqu\u2019\u00e0 fin ao\u00fbt, le Mus\u00e9um-Aquarium de Nancy propose un atelier pour les tout-petits, intitul\u00e9 Sur la pointe des ongles. Les bambins constateront que certains animaux ont quand m\u00eame des pieds bien particuliers\u2026<\/p>\n<p>Cheval, vache, ch\u00e8vre ou encore girafe, ils ont tous d\u2019\u00e9tranges chaussures.<\/p>\n<p>En se faufilant entre leurs pattes, et gr\u00e2ce \u00e0 leurs empreintes de pas, les ch\u00e9rubins d\u00e9couvriront les secrets des animaux \u00e0 sabots.<\/p>\n<p class=\"note\">Les dimanches 17, 24 et 31\u00a0ao\u00fbt, \u00e0 10\u00a0h\u00a030, au Mus\u00e9um-Aquarium de Nancy, 34, rue Sainte-Catherine, \u00e0 Nancy. Tarif\u00a0: 6\u00a0\u20ac. R\u00e9servations\u00a0: 03\u00a083\u00a032\u00a099\u00a097.<\/p>\n","protected":false},"excerpt":{"rendered":"Chaque dimanche jusqu\u2019\u00e0 fin ao\u00fbt, le Mus\u00e9um-Aquarium de Nancy propose un atelier pour les tout-petits, intitul\u00e9 Sur la&hellip;\n","protected":false},"author":2,"featured_media":311354,"comment_status":"","ping_status":"","sticky":false,"template":"","format":"standard","meta":{"footnotes":""},"categories":[9635],"tags":[1111,11,1687,1704,1777,674,1011,27,775,1702,1703,12,25],"class_list":{"0":"post-311353","1":"post","2":"type-post","3":"status-publish","4":"format-standard","5":"has-post-thumbnail","7":"category-nancy","8":"tag-actu","9":"tag-actualites","10":"tag-culture-loisirs","11":"tag-edition-nancy-et-agglomeration","12":"tag-eu","13":"tag-europe","14":"tag-fr","15":"tag-france","16":"tag-grand-est","17":"tag-nancy","18":"tag-nancy-ville-54b","19":"tag-news","20":"tag-republique-francaise"},"share_on_mastodon":{"url":"https:\/\/pubeurope.com\/@fr\/115009636489291979","error":""},"_links":{"self":[{"href":"https:\/\/www.europesays.com\/fr\/wp-json\/wp\/v2\/posts\/311353","targetHints":{"allow":["GET"]}}],"collection":[{"href":"https:\/\/www.europesays.com\/fr\/wp-json\/wp\/v2\/posts"}],"about":[{"href":"https:\/\/www.europesays.com\/fr\/wp-json\/wp\/v2\/types\/post"}],"author":[{"embeddable":true,"href":"https:\/\/www.europesays.com\/fr\/wp-json\/wp\/v2\/users\/2"}],"replies":[{"embeddable":true,"href":"https:\/\/www.europesays.com\/fr\/wp-json\/wp\/v2\/comments?post=311353"}],"version-history":[{"count":0,"href":"https:\/\/www.europesays.com\/fr\/wp-json\/wp\/v2\/posts\/311353\/revisions"}],"wp:featuredmedia":[{"embeddable":true,"href":"https:\/\/www.europesays.com\/fr\/wp-json\/wp\/v2\/media\/311354"}],"wp:attachment":[{"href":"https:\/\/www.europesays.com\/fr\/wp-json\/wp\/v2\/media?parent=311353"}],"wp:term":[{"taxonomy":"category","embeddable":true,"href":"https:\/\/www.europesays.com\/fr\/wp-json\/wp\/v2\/categories?post=311353"},{"taxonomy":"post_tag","embeddable":true,"href":"https:\/\/www.europesays.com\/fr\/wp-json\/wp\/v2\/tags?post=311353"}],"curies":[{"name":"wp","href":"https:\/\/api.w.org\/{rel}","templated":true}]}}